{"id":40142,"date":"2020-12-11T17:07:02","date_gmt":"2020-12-11T17:07:02","guid":{"rendered":"https:\/\/jorgezanoni.com.br\/2019\/?p=40142"},"modified":"2020-12-11T17:07:57","modified_gmt":"2020-12-11T17:07:57","slug":"morre-morador-de-dracena-que-sofreu-queimaduras-no-feriado","status":"publish","type":"post","link":"https:\/\/jorgezanoni.com.br\/2019\/morre-morador-de-dracena-que-sofreu-queimaduras-no-feriado\/","title":{"rendered":"Morre morador de Dracena que sofreu queimaduras no \u00faltimo final de semana"},"content":{"rendered":"<p style=\"text-align: justify;\">Comunicamos com pesar o falecimento de \u00c9verton Matioli de 36 anos, filho da Professora Neuza Matioli.<\/p>\n<p style=\"text-align: justify;\">Ele sofreu um acidente dom\u00e9stico e teve 60% do corpo queimado. Foi socorrido \u00e0 Santa Casa de Dracena, ap\u00f3s h\u00e1 um Hospital em Presidente Prudente e finalmente para Catanduva em Hospital especializado em queimados. Hoje teve sua situa\u00e7\u00e3o complicado e n\u00e3o resistiu.<\/p>\n<p style=\"text-align: justify;\">(Aguarde informa\u00e7\u00f5es)<\/p>\n<p><img loading=\"lazy\" decoding=\"async\" class=\"alignnone size-full wp-image-40143\" src=\"https:\/\/jorgezanoni.com.br\/2019\/wp-content\/uploads\/2020\/12\/Everton.jpg\" alt=\"\" width=\"1337\" height=\"1326\" srcset=\"https:\/\/jorgezanoni.com.br\/2019\/wp-content\/uploads\/2020\/12\/Everton.jpg 1337w, https:\/\/jorgezanoni.com.br\/2019\/wp-content\/uploads\/2020\/12\/Everton-300x298.jpg 300w, https:\/\/jorgezanoni.com.br\/2019\/wp-content\/uploads\/2020\/12\/Everton-1024x1016.jpg 1024w, https:\/\/jorgezanoni.com.br\/2019\/wp-content\/uploads\/2020\/12\/Everton-150x150.jpg 150w, https:\/\/jorgezanoni.com.br\/2019\/wp-content\/uploads\/2020\/12\/Everton-768x762.jpg 768w, https:\/\/jorgezanoni.com.br\/2019\/wp-content\/uploads\/2020\/12\/Everton-696x690.jpg 696w, https:\/\/jorgezanoni.com.br\/2019\/wp-content\/uploads\/2020\/12\/Everton-1068x1059.jpg 1068w, https:\/\/jorgezanoni.com.br\/2019\/wp-content\/uploads\/2020\/12\/Everton-423x420.jpg 423w\" sizes=\"auto, (max-width: 1337px) 100vw, 1337px\" \/><\/p>\n<p>&nbsp;<\/p>\n<p>&nbsp;<\/p>\n","protected":false},"excerpt":{"rendered":"<p>Comunicamos com pesar o falecimento de \u00c9verton Matioli de 36 anos, filho da Professora Neuza Matioli. Ele sofreu um acidente dom\u00e9stico e teve 60% do corpo queimado. Foi socorrido \u00e0 Santa Casa de Dracena, ap\u00f3s h\u00e1 um Hospital em Presidente Prudente e finalmente para Catanduva em Hospital especializado em queimados. Hoje teve sua situa\u00e7\u00e3o complicado [&hellip;]<\/p>\n","protected":false},"author":1,"featured_media":40144,"comment_status":"closed","ping_status":"open","sticky":false,"template":"","format":"standard","meta":{"footnotes":""},"categories":[178,110],"tags":[],"class_list":["post-40142","post","type-post","status-publish","format-standard","has-post-thumbnail","hentry","category-notadefalecimento","category-noticiasdestaque"],"_links":{"self":[{"href":"https:\/\/jorgezanoni.com.br\/2019\/wp-json\/wp\/v2\/posts\/40142","targetHints":{"allow":["GET"]}}],"collection":[{"href":"https:\/\/jorgezanoni.com.br\/2019\/wp-json\/wp\/v2\/posts"}],"about":[{"href":"https:\/\/jorgezanoni.com.br\/2019\/wp-json\/wp\/v2\/types\/post"}],"author":[{"embeddable":true,"href":"https:\/\/jorgezanoni.com.br\/2019\/wp-json\/wp\/v2\/users\/1"}],"replies":[{"embeddable":true,"href":"https:\/\/jorgezanoni.com.br\/2019\/wp-json\/wp\/v2\/comments?post=40142"}],"version-history":[{"count":0,"href":"https:\/\/jorgezanoni.com.br\/2019\/wp-json\/wp\/v2\/posts\/40142\/revisions"}],"wp:featuredmedia":[{"embeddable":true,"href":"https:\/\/jorgezanoni.com.br\/2019\/wp-json\/wp\/v2\/media\/40144"}],"wp:attachment":[{"href":"https:\/\/jorgezanoni.com.br\/2019\/wp-json\/wp\/v2\/media?parent=40142"}],"wp:term":[{"taxonomy":"category","embeddable":true,"href":"https:\/\/jorgezanoni.com.br\/2019\/wp-json\/wp\/v2\/categories?post=40142"},{"taxonomy":"post_tag","embeddable":true,"href":"https:\/\/jorgezanoni.com.br\/2019\/wp-json\/wp\/v2\/tags?post=40142"}],"curies":[{"name":"wp","href":"https:\/\/api.w.org\/{rel}","templated":true}]}}