{"id":40139,"date":"2020-12-11T16:31:56","date_gmt":"2020-12-11T16:31:56","guid":{"rendered":"https:\/\/jorgezanoni.com.br\/2019\/?p=40139"},"modified":"2020-12-11T16:31:56","modified_gmt":"2020-12-11T16:31:56","slug":"homem-de-63-anos-e-a-31a-vitima-fatal-da-covid-19-em-dracena","status":"publish","type":"post","link":"https:\/\/jorgezanoni.com.br\/2019\/homem-de-63-anos-e-a-31a-vitima-fatal-da-covid-19-em-dracena\/","title":{"rendered":"Homem de 63 anos \u00e9 a 31\u00aa v\u00edtima fatal da Covid-19 em Dracena"},"content":{"rendered":"<h2 class=\"content-head__subtitle\" style=\"text-align: justify;\">Paciente estava internado na Santa Casa de Miseric\u00f3rdia desde o dia 7 de dezembro e faleceu na manh\u00e3 desta sexta-feira (11).<\/h2>\n<div class=\"mc-column content-text active-extra-styles \" style=\"text-align: justify;\" data-block-type=\"unstyled\" data-block-weight=\"16\" data-block-id=\"2\">\n<p class=\"content-text__container \" data-track-category=\"Link no Texto\" data-track-links=\"\">Um homem de 63 anos morreu v\u00edtima da Covid-19, na manh\u00e3 desta sexta-feira (11), em\u00a0<a href=\"https:\/\/g1.globo.com\/sp\/presidente-prudente-regiao\/cidade\/dracena\/\">Dracena<\/a>.<\/p>\n<\/div>\n<div class=\"wall protected-content\">\n<div class=\"mc-column content-text active-extra-styles \" style=\"text-align: justify;\" data-block-type=\"unstyled\" data-block-weight=\"17\" data-block-id=\"3\">\n<p class=\"content-text__container \" data-track-category=\"Link no Texto\" data-track-links=\"\">O paciente estava internado na Santa Casa de Miseric\u00f3rdia de Dracena desde o dia 7 de dezembro.<\/p>\n<\/div>\n<div class=\"mc-column content-text active-extra-styles \" style=\"text-align: justify;\" data-block-type=\"unstyled\" data-block-weight=\"11\" data-block-id=\"4\">\n<p class=\"content-text__container \" data-track-category=\"Link no Texto\" data-track-links=\"\">Esta foi a 31\u00aa v\u00edtima fatal do novo coronav\u00edrus na cidade.<\/p>\n<\/div>\n<div class=\"mc-column content-text active-extra-styles \" style=\"text-align: justify;\" data-block-type=\"unstyled\" data-block-weight=\"22\" data-block-id=\"5\">\n<p class=\"content-text__container \" data-track-category=\"Link no Texto\" data-track-links=\"\">Em nota oficial, a Prefeitura lamentou o ocorrido e externou solidariedade aos familiares e amigos da v\u00edtima, que era moradora de Dracena.<\/p>\n<\/div>\n<div class=\"mc-column content-text active-extra-styles \" style=\"text-align: justify;\" data-block-type=\"unstyled\" data-block-weight=\"15\" data-block-id=\"6\">\n<p class=\"content-text__container \" data-track-category=\"Link no Texto\" data-track-links=\"\">Desde o dia 25 de novembro,\u00a0<a href=\"https:\/\/g1.globo.com\/sp\/presidente-prudente-regiao\/noticia\/2020\/11\/25\/dracena-registra-mais-uma-morte-causada-pela-covid-19-e-numero-de-obitos-sobe-para-30.ghtml\">a cidade n\u00e3o registrava \u00f3bito causado pelo novo coronav\u00edrus<\/a>.<\/p>\n<\/div>\n<div class=\"mc-column content-text active-extra-styles \" data-block-type=\"unstyled\" data-block-weight=\"19\" data-block-id=\"7\">\n<p class=\"content-text__container \" style=\"text-align: justify;\" data-track-category=\"Link no Texto\" data-track-links=\"\">A cidade tem 1.304 casos confirmados de Covid-19, segundo o mais recente boletim oficial, atualizado at\u00e9 a quinta-feira (10).<\/p>\n<p data-track-category=\"Link no Texto\" data-track-links=\"\">Fonte: G1<\/p>\n<\/div>\n<\/div>\n","protected":false},"excerpt":{"rendered":"<p>Paciente estava internado na Santa Casa de Miseric\u00f3rdia desde o dia 7 de dezembro e faleceu na manh\u00e3 desta sexta-feira (11). Um homem de 63 anos morreu v\u00edtima da Covid-19, na manh\u00e3 desta sexta-feira (11), em\u00a0Dracena. O paciente estava internado na Santa Casa de Miseric\u00f3rdia de Dracena desde o dia 7 de dezembro. Esta foi [&hellip;]<\/p>\n","protected":false},"author":1,"featured_media":40140,"comment_status":"closed","ping_status":"open","sticky":false,"template":"","format":"standard","meta":{"footnotes":""},"categories":[178,110],"tags":[],"class_list":["post-40139","post","type-post","status-publish","format-standard","has-post-thumbnail","hentry","category-notadefalecimento","category-noticiasdestaque"],"_links":{"self":[{"href":"https:\/\/jorgezanoni.com.br\/2019\/wp-json\/wp\/v2\/posts\/40139","targetHints":{"allow":["GET"]}}],"collection":[{"href":"https:\/\/jorgezanoni.com.br\/2019\/wp-json\/wp\/v2\/posts"}],"about":[{"href":"https:\/\/jorgezanoni.com.br\/2019\/wp-json\/wp\/v2\/types\/post"}],"author":[{"embeddable":true,"href":"https:\/\/jorgezanoni.com.br\/2019\/wp-json\/wp\/v2\/users\/1"}],"replies":[{"embeddable":true,"href":"https:\/\/jorgezanoni.com.br\/2019\/wp-json\/wp\/v2\/comments?post=40139"}],"version-history":[{"count":0,"href":"https:\/\/jorgezanoni.com.br\/2019\/wp-json\/wp\/v2\/posts\/40139\/revisions"}],"wp:featuredmedia":[{"embeddable":true,"href":"https:\/\/jorgezanoni.com.br\/2019\/wp-json\/wp\/v2\/media\/40140"}],"wp:attachment":[{"href":"https:\/\/jorgezanoni.com.br\/2019\/wp-json\/wp\/v2\/media?parent=40139"}],"wp:term":[{"taxonomy":"category","embeddable":true,"href":"https:\/\/jorgezanoni.com.br\/2019\/wp-json\/wp\/v2\/categories?post=40139"},{"taxonomy":"post_tag","embeddable":true,"href":"https:\/\/jorgezanoni.com.br\/2019\/wp-json\/wp\/v2\/tags?post=40139"}],"curies":[{"name":"wp","href":"https:\/\/api.w.org\/{rel}","templated":true}]}}