{"id":40136,"date":"2020-12-11T16:11:15","date_gmt":"2020-12-11T16:11:15","guid":{"rendered":"https:\/\/jorgezanoni.com.br\/2019\/?p=40136"},"modified":"2020-12-11T16:11:15","modified_gmt":"2020-12-11T16:11:15","slug":"morre-vitima-da-covid-19-o-empresario-sidney-grillo-proprietario-da-criativa-fm-de-florida-pta","status":"publish","type":"post","link":"https:\/\/jorgezanoni.com.br\/2019\/morre-vitima-da-covid-19-o-empresario-sidney-grillo-proprietario-da-criativa-fm-de-florida-pta\/","title":{"rendered":"Morre v\u00edtima da Covid-19 o empres\u00e1rio Sidney Grillo, propriet\u00e1rio da Criativa FM de Fl\u00f3rida Pta."},"content":{"rendered":"<p style=\"text-align: justify;\">Faleceu nesta madrugada v\u00edtima da Covid-19, o empres\u00e1rio Sidney Grillo.<\/p>\n<p style=\"text-align: justify;\">Segundo informa\u00e7\u00f5es cedidas pelo radialista Evaldo Siqueira, que mant\u00e9m contato com os familiares de Grillo, ele estava em S\u00e3o Sebasti\u00e3o no litoral de S\u00e3o Paulo.<\/p>\n<p style=\"text-align: justify;\">Grillo foi propriet\u00e1rio da R\u00e1dio Criativa FM de Fl\u00f3rida Paulista, atualmente em S\u00e3o Sebasti\u00e3o\/SP comandava uma afiliada da Massa FM 102,7.<\/p>\n<p style=\"text-align: justify;\">Ele deixa a esposa e 4 filhos.<\/p>\n<p style=\"text-align: justify;\">Fonte: Folha Regional com informa\u00e7\u00f5es e Foto de Evaldo Siqueira\/Reprodu\u00e7\u00e3o.<\/p>\n","protected":false},"excerpt":{"rendered":"<p>Faleceu nesta madrugada v\u00edtima da Covid-19, o empres\u00e1rio Sidney Grillo. Segundo informa\u00e7\u00f5es cedidas pelo radialista Evaldo Siqueira, que mant\u00e9m contato com os familiares de Grillo, ele estava em S\u00e3o Sebasti\u00e3o no litoral de S\u00e3o Paulo. Grillo foi propriet\u00e1rio da R\u00e1dio Criativa FM de Fl\u00f3rida Paulista, atualmente em S\u00e3o Sebasti\u00e3o\/SP comandava uma afiliada da Massa FM [&hellip;]<\/p>\n","protected":false},"author":1,"featured_media":40137,"comment_status":"closed","ping_status":"open","sticky":false,"template":"","format":"standard","meta":{"footnotes":""},"categories":[178,110],"tags":[],"class_list":["post-40136","post","type-post","status-publish","format-standard","has-post-thumbnail","hentry","category-notadefalecimento","category-noticiasdestaque"],"_links":{"self":[{"href":"https:\/\/jorgezanoni.com.br\/2019\/wp-json\/wp\/v2\/posts\/40136","targetHints":{"allow":["GET"]}}],"collection":[{"href":"https:\/\/jorgezanoni.com.br\/2019\/wp-json\/wp\/v2\/posts"}],"about":[{"href":"https:\/\/jorgezanoni.com.br\/2019\/wp-json\/wp\/v2\/types\/post"}],"author":[{"embeddable":true,"href":"https:\/\/jorgezanoni.com.br\/2019\/wp-json\/wp\/v2\/users\/1"}],"replies":[{"embeddable":true,"href":"https:\/\/jorgezanoni.com.br\/2019\/wp-json\/wp\/v2\/comments?post=40136"}],"version-history":[{"count":0,"href":"https:\/\/jorgezanoni.com.br\/2019\/wp-json\/wp\/v2\/posts\/40136\/revisions"}],"wp:featuredmedia":[{"embeddable":true,"href":"https:\/\/jorgezanoni.com.br\/2019\/wp-json\/wp\/v2\/media\/40137"}],"wp:attachment":[{"href":"https:\/\/jorgezanoni.com.br\/2019\/wp-json\/wp\/v2\/media?parent=40136"}],"wp:term":[{"taxonomy":"category","embeddable":true,"href":"https:\/\/jorgezanoni.com.br\/2019\/wp-json\/wp\/v2\/categories?post=40136"},{"taxonomy":"post_tag","embeddable":true,"href":"https:\/\/jorgezanoni.com.br\/2019\/wp-json\/wp\/v2\/tags?post=40136"}],"curies":[{"name":"wp","href":"https:\/\/api.w.org\/{rel}","templated":true}]}}