{"id":40103,"date":"2020-12-11T00:13:43","date_gmt":"2020-12-11T00:13:43","guid":{"rendered":"https:\/\/jorgezanoni.com.br\/2019\/?p=40103"},"modified":"2020-12-11T00:13:43","modified_gmt":"2020-12-11T00:13:43","slug":"policia-militar-prende-homem-por-furto-de-picanha-em-supermercado","status":"publish","type":"post","link":"https:\/\/jorgezanoni.com.br\/2019\/policia-militar-prende-homem-por-furto-de-picanha-em-supermercado\/","title":{"rendered":"Pol\u00edcia Militar prende homem por furto de Picanha em Supermercado"},"content":{"rendered":"<div class=\"kvgmc6g5 cxmmr5t8 oygrvhab hcukyx3x c1et5uql ii04i59q\">\n<div dir=\"auto\" style=\"text-align: justify;\"><strong>POL\u00cdCIA MILITAR PRENDE HOMEM POR FURTO DE PICANHA EM DRACENA\/SP.<\/strong><\/div>\n<div dir=\"auto\" style=\"text-align: justify;\"><\/div>\n<div dir=\"auto\" style=\"text-align: justify;\">No inicio da tarde desta quarta-feira (09), por volta das 12h41min, os policiais militares de Dracena realizavam patrulhamento pela \u00e1rea central, quando foram informados por uma testemunha sobre um furto de carnes ocorrido dentro de um supermercado e que o autor estaria ali pr\u00f3ximo. Com as informa\u00e7\u00f5es os policiais localizaram e abordaram o autor (36 anos), sendo localizada com o mesmo, uma sacola contendo 01 pe\u00e7a de picanha bovina. Diante do fato foi dada voz de pris\u00e3o em flagrante delito ao autor que permaneceu preso a disposi\u00e7\u00e3o da justi\u00e7a.<\/div>\n<\/div>\n<div class=\"o9v6fnle cxmmr5t8 oygrvhab hcukyx3x c1et5uql ii04i59q\">\n<div dir=\"auto\" style=\"text-align: justify;\"><a class=\"oajrlxb2 g5ia77u1 qu0x051f esr5mh6w e9989ue4 r7d6kgcz rq0escxv nhd2j8a9 nc684nl6 p7hjln8o kvgmc6g5 cxmmr5t8 oygrvhab hcukyx3x jb3vyjys rz4wbd8a qt6c0cv9 a8nywdso i1ao9s8h esuyzwwr f1sip0of lzcic4wl q66pz984 gpro0wi8 b1v8xokw\" tabindex=\"0\" role=\"link\" href=\"https:\/\/www.facebook.com\/hashtag\/25bpmi?__eep__=6&amp;__cft__[0]=AZXYnrV47EHAR4XHeQFYL9EGw4Jfi1ePIgX133z3AE9wvCPtMPltHavVRvPd05kcwq5cFWRHSItwVQeZ3ns4X2cHLKCMztD1XFC8GDfewoWradTXVPxABwhtMGbDRUGt7G5IYhOH4YAt2m5Jnj_oQEfl&amp;__tn__=*NK-R\">#25BPMI<\/a><\/div>\n<div dir=\"auto\" style=\"text-align: justify;\"><a class=\"oajrlxb2 g5ia77u1 qu0x051f esr5mh6w e9989ue4 r7d6kgcz rq0escxv nhd2j8a9 nc684nl6 p7hjln8o kvgmc6g5 cxmmr5t8 oygrvhab hcukyx3x jb3vyjys rz4wbd8a qt6c0cv9 a8nywdso i1ao9s8h esuyzwwr f1sip0of lzcic4wl q66pz984 gpro0wi8 b1v8xokw\" tabindex=\"0\" role=\"link\" href=\"https:\/\/www.facebook.com\/hashtag\/policiamilitarsp?__eep__=6&amp;__cft__[0]=AZXYnrV47EHAR4XHeQFYL9EGw4Jfi1ePIgX133z3AE9wvCPtMPltHavVRvPd05kcwq5cFWRHSItwVQeZ3ns4X2cHLKCMztD1XFC8GDfewoWradTXVPxABwhtMGbDRUGt7G5IYhOH4YAt2m5Jnj_oQEfl&amp;__tn__=*NK-R\">#policiamilitarsp<\/a><\/div>\n<div dir=\"auto\" style=\"text-align: justify;\"><a class=\"oajrlxb2 g5ia77u1 qu0x051f esr5mh6w e9989ue4 r7d6kgcz rq0escxv nhd2j8a9 nc684nl6 p7hjln8o kvgmc6g5 cxmmr5t8 oygrvhab hcukyx3x jb3vyjys rz4wbd8a qt6c0cv9 a8nywdso i1ao9s8h esuyzwwr f1sip0of lzcic4wl q66pz984 gpro0wi8 b1v8xokw\" tabindex=\"0\" role=\"link\" href=\"https:\/\/www.facebook.com\/hashtag\/afor%C3%A7ap%C3%BAblicades%C3%A3opaulo?__eep__=6&amp;__cft__[0]=AZXYnrV47EHAR4XHeQFYL9EGw4Jfi1ePIgX133z3AE9wvCPtMPltHavVRvPd05kcwq5cFWRHSItwVQeZ3ns4X2cHLKCMztD1XFC8GDfewoWradTXVPxABwhtMGbDRUGt7G5IYhOH4YAt2m5Jnj_oQEfl&amp;__tn__=*NK-R\">#AFOR\u00c7AP\u00daBLICADES\u00c3OPAULO<\/a><\/div>\n<div dir=\"auto\" style=\"text-align: justify;\">COMUNICA\u00c7\u00c3O SOCIAL DO 25\u00ba BPM\/I<\/div>\n<div dir=\"auto\"><\/div>\n<\/div>\n<div dir=\"auto\">Foto Ilustrativa<\/div>\n","protected":false},"excerpt":{"rendered":"<p>POL\u00cdCIA MILITAR PRENDE HOMEM POR FURTO DE PICANHA EM DRACENA\/SP. No inicio da tarde desta quarta-feira (09), por volta das 12h41min, os policiais militares de Dracena realizavam patrulhamento pela \u00e1rea central, quando foram informados por uma testemunha sobre um furto de carnes ocorrido dentro de um supermercado e que o autor estaria ali pr\u00f3ximo. Com [&hellip;]<\/p>\n","protected":false},"author":1,"featured_media":40104,"comment_status":"closed","ping_status":"open","sticky":false,"template":"","format":"standard","meta":{"footnotes":""},"categories":[110,2],"tags":[],"class_list":["post-40103","post","type-post","status-publish","format-standard","has-post-thumbnail","hentry","category-noticiasdestaque","category-policial"],"_links":{"self":[{"href":"https:\/\/jorgezanoni.com.br\/2019\/wp-json\/wp\/v2\/posts\/40103","targetHints":{"allow":["GET"]}}],"collection":[{"href":"https:\/\/jorgezanoni.com.br\/2019\/wp-json\/wp\/v2\/posts"}],"about":[{"href":"https:\/\/jorgezanoni.com.br\/2019\/wp-json\/wp\/v2\/types\/post"}],"author":[{"embeddable":true,"href":"https:\/\/jorgezanoni.com.br\/2019\/wp-json\/wp\/v2\/users\/1"}],"replies":[{"embeddable":true,"href":"https:\/\/jorgezanoni.com.br\/2019\/wp-json\/wp\/v2\/comments?post=40103"}],"version-history":[{"count":0,"href":"https:\/\/jorgezanoni.com.br\/2019\/wp-json\/wp\/v2\/posts\/40103\/revisions"}],"wp:featuredmedia":[{"embeddable":true,"href":"https:\/\/jorgezanoni.com.br\/2019\/wp-json\/wp\/v2\/media\/40104"}],"wp:attachment":[{"href":"https:\/\/jorgezanoni.com.br\/2019\/wp-json\/wp\/v2\/media?parent=40103"}],"wp:term":[{"taxonomy":"category","embeddable":true,"href":"https:\/\/jorgezanoni.com.br\/2019\/wp-json\/wp\/v2\/categories?post=40103"},{"taxonomy":"post_tag","embeddable":true,"href":"https:\/\/jorgezanoni.com.br\/2019\/wp-json\/wp\/v2\/tags?post=40103"}],"curies":[{"name":"wp","href":"https:\/\/api.w.org\/{rel}","templated":true}]}}