{"id":40073,"date":"2020-12-10T12:22:28","date_gmt":"2020-12-10T12:22:28","guid":{"rendered":"https:\/\/jorgezanoni.com.br\/2019\/?p=40073"},"modified":"2020-12-10T12:22:28","modified_gmt":"2020-12-10T12:22:28","slug":"morre-paolo-rossi-ex-atacante-italiano-algoz-do-brasil-na-copa-de-82","status":"publish","type":"post","link":"https:\/\/jorgezanoni.com.br\/2019\/morre-paolo-rossi-ex-atacante-italiano-algoz-do-brasil-na-copa-de-82\/","title":{"rendered":"Morre Paolo Rossi, ex-atacante italiano algoz do Brasil na Copa de 82"},"content":{"rendered":"<h2 class=\"content-head__subtitle\" style=\"text-align: justify;\"><strong>Campe\u00e3o e artilheiro do Mundial da Espanha, ele marcou os tr\u00eas gols da It\u00e1lia na vit\u00f3ria por 3 a 2 no Sarri\u00e1; ex-jogador foi v\u00edtima de um c\u00e2ncer de pulm\u00e3o.<\/strong><\/h2>\n<div class=\"mc-column content-text active-extra-styles \" data-block-type=\"unstyled\" data-block-weight=\"53\" data-block-id=\"2\">\n<p class=\"content-text__container \" style=\"text-align: justify;\" data-track-category=\"Link no Texto\" data-track-links=\"\">Eternamente associado \u00e0 hist\u00f3ria da sele\u00e7\u00e3o brasileira por ter feito os tr\u00eas gols que eliminaram o Brasil da Copa de 82,\u00a0<span class=\"highlight highlighted\">o ex-atacante italiano Paolo Rossi morreu nesta quarta-feira, aos 64 anos.<\/span>\u00a0Segundo o jornal &#8220;Gazzetta dello Sport&#8221;, o \u00eddolo da Azzurra foi v\u00edtima de um c\u00e2ncer de pulm\u00e3o descoberto h\u00e1 pouco tempo.<\/p>\n<\/div>\n<div class=\"wall protected-content\">\n<div class=\"mc-column content-text active-extra-styles \" data-block-type=\"unstyled\" data-block-weight=\"14\" data-block-id=\"3\">\n<p class=\"content-text__container \" style=\"text-align: justify;\" data-track-category=\"Link no Texto\" data-track-links=\"\"><a href=\"https:\/\/globoesporte.globo.com\/futebol\/futebol-internacional\/noticia\/junior-destaca-respeito-de-paolo-rossi-com-a-selecao-brasileira-gentil-e-educado.ghtml\"><strong>+ J\u00fanior destaca respeito de Paolo Rossi com a sele\u00e7\u00e3o brasileira: &#8220;Gentil e educado&#8221;<\/strong><\/a><\/p>\n<div class=\"row medium-uncollapsed content-media content-photo\" style=\"text-align: justify;\" data-block-type=\"backstage-photo\" data-block-id=\"4\">\n<div class=\"mc-column content-media__container\">\n<figure><img decoding=\"async\" class=\"i-amphtml-fill-content i-amphtml-replaced-content\" src=\"https:\/\/s2.glbimg.com\/iuI6TpPVHq09_Y-40RNVAa6-t1A=\/0x0:3804x2539\/984x0\/smart\/filters:strip_icc()\/i.s3.glbimg.com\/v1\/AUTH_bc8228b6673f488aa253bbcb03c80ec5\/internal_photos\/bs\/2020\/c\/k\/3bUpZDSHaEMBuDm6QWNA\/gettyimages-961784986.jpg\" sizes=\"(max-width: 1366px) 648px, 100vw\" srcset=\"https:\/\/s2.glbimg.com\/DD0bmb-znEJpFa8emo9C_eAhcOM=\/0x0:3804x2539\/1000x0\/smart\/filters:strip_icc()\/i.s3.glbimg.com\/v1\/AUTH_bc8228b6673f488aa253bbcb03c80ec5\/internal_photos\/bs\/2020\/c\/k\/3bUpZDSHaEMBuDm6QWNA\/gettyimages-961784986.jpg 1000w, https:\/\/s2.glbimg.com\/iuI6TpPVHq09_Y-40RNVAa6-t1A=\/0x0:3804x2539\/984x0\/smart\/filters:strip_icc()\/i.s3.glbimg.com\/v1\/AUTH_bc8228b6673f488aa253bbcb03c80ec5\/internal_photos\/bs\/2020\/c\/k\/3bUpZDSHaEMBuDm6QWNA\/gettyimages-961784986.jpg 984w, https:\/\/s2.glbimg.com\/aFD3UAxN8OJ8l-gzYYq1aaXwi7E=\/0x0:3804x2539\/640x0\/smart\/filters:strip_icc()\/i.s3.glbimg.com\/v1\/AUTH_bc8228b6673f488aa253bbcb03c80ec5\/internal_photos\/bs\/2020\/c\/k\/3bUpZDSHaEMBuDm6QWNA\/gettyimages-961784986.jpg 640w, https:\/\/s2.glbimg.com\/54qGsjzZOUsksF8bfLtyOBU91CU=\/0x0:3804x2539\/600x0\/smart\/filters:strip_icc()\/i.s3.glbimg.com\/v1\/AUTH_bc8228b6673f488aa253bbcb03c80ec5\/internal_photos\/bs\/2020\/c\/k\/3bUpZDSHaEMBuDm6QWNA\/gettyimages-961784986.jpg 600w\" alt=\"Paolo Rossi na Copa do Mundo de 1982 \u2014 Foto: Getty Images\" \/><\/figure>\n<p class=\"content-media__description \">Paolo Rossi na Copa do Mundo de 1982 \u2014 Foto: Getty Images<\/p>\n<\/div>\n<\/div>\n<div class=\"mc-column content-text active-extra-styles \" style=\"text-align: justify;\" data-block-type=\"unstyled\" data-block-weight=\"29\" data-block-id=\"5\">\n<p class=\"content-text__container \" data-track-category=\"Link no Texto\" data-track-links=\"\">Rossi morreu exatamente duas semanas depois de outro \u00edcone do futebol mundial nos anos 80,\u00a0<a href=\"https:\/\/globoesporte.globo.com\/futebol\/futebol-internacional\/noticia\/maradona-morte-argentina.ghtml\"><strong>o argentino Diego Maradona<\/strong><\/a>, campe\u00e3o e principal nome da Copa do M\u00e9xico, em 1986.<\/p>\n<\/div>\n<div class=\"mc-column content-text active-extra-styles \" style=\"text-align: justify;\" data-block-type=\"unstyled\" data-block-weight=\"56\" data-block-id=\"6\">\n<p class=\"content-text__container \" data-track-category=\"Link no Texto\" data-track-links=\"\">A not\u00edcia da morte de Paolo Rossi foi divulgada inicialmente pelo jornalista Enrico Varriale, da emissora de TV RAI, e posteriormente no site do jornal &#8220;Gazetta dello Sport&#8221; e outros ve\u00edculos de imprensa do pa\u00eds. Rossi deixa a mulher Federica Cappelletti, com quem era casado desde 2010, e tr\u00eas filhos: Sofia Elena, Maria Vittoria e Alessandro.<\/p>\n<\/div>\n<div class=\"content-ads content-ads--reveal\" style=\"text-align: justify;\" data-block-type=\"ads\" data-block-id=\"7\">\n<div id=\"banner_materia2\" class=\"tag-manager-publicidade-container mc-has-reveal mc-has-ad-lazyload\" data-id=\"banner_materia2\"><img decoding=\"async\" src=\"https:\/\/s2.glbimg.com\/fAQrwQ3xC_qZ3QBLtfjVVIcpzr4=\/1280x720\/smart\/filters:strip_icc()\/s01.video.glbimg.com\/deo\/vi\/12\/44\/1274412\" alt=\"Confira imagens de Rossi na Copa de 1982\" \/><\/div>\n<\/div>\n<div class=\"show-multicontent-playlist-container mc-column\" style=\"text-align: justify;\" data-track-category=\"multicontent\" data-track-action=\"playlist-multicontent-block\" data-track-scroll=\"view\" data-track-click=\"click\" data-block-type=\"playlist\" data-block-id=\"8\">\n<div class=\"show-multicontent-playlist\"><img decoding=\"async\" class=\"show-multicontent-playlist__right-thumbnail show-multicontent-playlist__second-thumbnail\" src=\"https:\/\/s2.glbimg.com\/9soKMDOXpt_HJZ7Eb_IItgzV22Q=\/1280x720\/smart\/filters:strip_icc()\/s02.video.glbimg.com\/deo\/vi\/29\/50\/8475029\" alt=\"Em entrevista ao ge, ele afirmou: 'Sempre pensei que poderia vencer o Brasil'\" \/><img decoding=\"async\" class=\"show-multicontent-playlist__right-thumbnail show-multicontent-playlist__third-thumbnail\" src=\"https:\/\/s2.glbimg.com\/aiKv_8I55UuZ42eFNSbRAyTynng=\/1280x720\/smart\/filters:strip_icc()\/s01.video.glbimg.com\/deo\/vi\/40\/63\/7296340\" alt=\"No ano passado, o \u00eddolo italiano visitou o Maracan\u00e3\" \/><\/div>\n<\/div>\n<div class=\"mc-column content-text active-extra-styles \" style=\"text-align: justify;\" data-block-type=\"unstyled\" data-block-weight=\"52\" data-block-id=\"9\">\n<p class=\"content-text__container \" data-track-category=\"Link no Texto\" data-track-links=\"\">O ex-jogador da Juventus foi campe\u00e3o e artilheiro do Mundial da Espanha-1982, com seis gols. At\u00e9 a segunda fase, ainda n\u00e3o tinha marcado nenhum, mas desencantou na vit\u00f3ria da It\u00e1lia por 3 a 2 sobre a sele\u00e7\u00e3o dirigida por Tel\u00ea Santana, que marcou \u00e9poca com craques como Zico, Falc\u00e3o, J\u00fanior e S\u00f3crates.<\/p>\n<\/div>\n<div class=\"mc-column content-text active-extra-styles \" style=\"text-align: justify;\" data-block-type=\"unstyled\" data-block-weight=\"20\" data-block-id=\"10\">\n<p class=\"content-text__container \" data-track-category=\"Link no Texto\" data-track-links=\"\"><a href=\"https:\/\/globoesporte.globo.com\/programas\/esporte-espetacular\/noticia\/em-2019-paolo-rossi-visitou-o-maracana-e-ate-pediu-musica-no-fantastico-relembre.ghtml\"><strong>+ Carrasco do Brasil, Paolo Rossi \u201cmarca\u201d pela 1\u00aa vez no Maracan\u00e3 e pede m\u00fasica por tr\u00eas gols em 1982<\/strong><\/a><\/p>\n<\/div>\n<div class=\"mc-column content-text active-extra-styles \" style=\"text-align: justify;\" data-block-type=\"unstyled\" data-block-weight=\"102\" data-block-id=\"11\">\n<p class=\"content-text__container \" data-track-category=\"Link no Texto\" data-track-links=\"\">O camisa 20 da It\u00e1lia abriu o placar no antigo Est\u00e1dio Sarri\u00e1, em Barcelona, aos cinco minutos de jogo, de cabe\u00e7a. S\u00f3crates empatou para o Brasil aos 12, mas Paolo Rossi voltou a marcar aos 25, aproveitando um erro de passe na defesa brasileira. A sele\u00e7\u00e3o de Tel\u00ea jogava pelo empate para ir \u00e0 semifinal, e Falc\u00e3o igualou o placar aos 23 do segundo tempo, mas aos 29, o atacante italiano aproveitou um bate-rebate ap\u00f3s um escanteio e completou na pequena \u00e1rea para fazer o gol que eliminou o Brasil do Mundial da Espanha e colocou a It\u00e1lia no caminho do tricampeonato.<\/p>\n<\/div>\n<div class=\"mc-column content-text active-extra-styles \" data-block-type=\"unstyled\" data-block-weight=\"73\" data-block-id=\"12\">\n<p class=\"content-text__container \" style=\"text-align: justify;\" data-track-category=\"Link no Texto\" data-track-links=\"\">Depois, Rossi marcou os dois gols da vit\u00f3ria por 2 a 0 sobre a Pol\u00f4nia, na semifinal, e fez o primeiro da It\u00e1lia no 3 a 1 sobre a Alemanha na decis\u00e3o. Por sua atua\u00e7\u00f5es e gols na reta decisiva da competi\u00e7\u00e3o, Rossi foi eleito o melhor jogador da Copa da Espanha. Tamb\u00e9m em 1982, recebeu a Bola de Ouro da revista &#8220;France Football&#8221;, ent\u00e3o a mais prestigiosa premia\u00e7\u00e3o individual do futebol mundial.<\/p>\n<p style=\"text-align: justify;\" data-track-category=\"Link no Texto\" data-track-links=\"\">Fonte: https:\/\/globoesporte.globo.com\/futebol\/futebol-internacional\/noticia\/morre-o-ex-atacante-italiano-paolo-rossi-algoz-do-brasil-na-copa-de-82.ghtml<\/p>\n<\/div>\n<\/div>\n<\/div>\n","protected":false},"excerpt":{"rendered":"<p>Campe\u00e3o e artilheiro do Mundial da Espanha, ele marcou os tr\u00eas gols da It\u00e1lia na vit\u00f3ria por 3 a 2 no Sarri\u00e1; ex-jogador foi v\u00edtima de um c\u00e2ncer de pulm\u00e3o. Eternamente associado \u00e0 hist\u00f3ria da sele\u00e7\u00e3o brasileira por ter feito os tr\u00eas gols que eliminaram o Brasil da Copa de 82,\u00a0o ex-atacante italiano Paolo Rossi [&hellip;]<\/p>\n","protected":false},"author":1,"featured_media":40074,"comment_status":"closed","ping_status":"open","sticky":false,"template":"","format":"standard","meta":{"footnotes":""},"categories":[111,178,110],"tags":[],"class_list":["post-40073","post","type-post","status-publish","format-standard","has-post-thumbnail","hentry","category-esporteecultura","category-notadefalecimento","category-noticiasdestaque"],"_links":{"self":[{"href":"https:\/\/jorgezanoni.com.br\/2019\/wp-json\/wp\/v2\/posts\/40073","targetHints":{"allow":["GET"]}}],"collection":[{"href":"https:\/\/jorgezanoni.com.br\/2019\/wp-json\/wp\/v2\/posts"}],"about":[{"href":"https:\/\/jorgezanoni.com.br\/2019\/wp-json\/wp\/v2\/types\/post"}],"author":[{"embeddable":true,"href":"https:\/\/jorgezanoni.com.br\/2019\/wp-json\/wp\/v2\/users\/1"}],"replies":[{"embeddable":true,"href":"https:\/\/jorgezanoni.com.br\/2019\/wp-json\/wp\/v2\/comments?post=40073"}],"version-history":[{"count":0,"href":"https:\/\/jorgezanoni.com.br\/2019\/wp-json\/wp\/v2\/posts\/40073\/revisions"}],"wp:featuredmedia":[{"embeddable":true,"href":"https:\/\/jorgezanoni.com.br\/2019\/wp-json\/wp\/v2\/media\/40074"}],"wp:attachment":[{"href":"https:\/\/jorgezanoni.com.br\/2019\/wp-json\/wp\/v2\/media?parent=40073"}],"wp:term":[{"taxonomy":"category","embeddable":true,"href":"https:\/\/jorgezanoni.com.br\/2019\/wp-json\/wp\/v2\/categories?post=40073"},{"taxonomy":"post_tag","embeddable":true,"href":"https:\/\/jorgezanoni.com.br\/2019\/wp-json\/wp\/v2\/tags?post=40073"}],"curies":[{"name":"wp","href":"https:\/\/api.w.org\/{rel}","templated":true}]}}