{"id":4003,"date":"2019-08-17T01:45:27","date_gmt":"2019-08-17T01:45:27","guid":{"rendered":"https:\/\/jorgezanoni.com.br\/2019\/?p=4003"},"modified":"2019-08-17T01:45:27","modified_gmt":"2019-08-17T01:45:27","slug":"programa-amigos-do-peito-realizara-encontro-de-gestantes-neste-sabado-17","status":"publish","type":"post","link":"https:\/\/jorgezanoni.com.br\/2019\/programa-amigos-do-peito-realizara-encontro-de-gestantes-neste-sabado-17\/","title":{"rendered":"Programa Amigos do Peito realizar\u00e1 encontro de gestantes neste s\u00e1bado (17)"},"content":{"rendered":"<p style=\"text-align: justify;\">A Prefeitura de Dracena, por meio da Secretaria Municipal de Sa\u00fade e Higiene P\u00fablica, convida gr\u00e1vidas e familiares para o Encontro de Gestantes do Programa Amigos do Peito, que ser\u00e1 neste s\u00e1bado (17), \u00e0s 15h, no Rotary Club.<\/p>\n<p style=\"text-align: justify;\">Neste encontro haver\u00e1 palestra com a m\u00e9dica pediatra Dra. Karen Cristina Froio, al\u00e9m de entrega kits, sorteio de mimos, orienta\u00e7\u00f5es de profissionais e um lanche da tarde.<\/p>\n<p style=\"text-align: justify;\">O Programa Amigos do Peito \u00e9 desenvolvido h\u00e1 11 anos em Dracena e desde seu in\u00edcio \u00e9 comandado pela Dra. Maria Celia\u00a0Branco\u00a0Borges.<\/p>\n<p style=\"text-align: justify;\">Participam profissionais da sa\u00fade e parceiros que executam a\u00e7\u00f5es voltadas a melhorar a qualidade das gestantes e dos seus futuros beb\u00eas, com palestras trimestrais, de temas variados, ministradas por especialistas.<\/p>\n<p style=\"text-align: justify;\">Tamb\u00e9m s\u00e3o realizadas visitas \u00e0s gestantes na maternidade da Santa Casa de Dracena e acompanhamento de peso e altura dos nen\u00e9ns.<\/p>\n<p style=\"text-align: justify;\">O Programa conta ainda com a Beb\u00ea Cl\u00ednica, com atendimento aos beb\u00eas, fazendo a higiene bucal e preven\u00e7\u00e3o de c\u00e1rie at\u00e9 os 2 anos e 6 meses, al\u00e9m do exame da linguinha.<\/p>\n<p style=\"text-align: justify;\">A Beb\u00ea Cl\u00ednica funciona no Centro de Sa\u00fade I Dr. Takashi Enokibara, na Sala de Vacina.<\/p>\n<p style=\"text-align: justify;\"><strong>Servi\u00e7o:<\/strong>\u00a0O Rotary Club, onde ser\u00e1 o Encontro de Gestantes neste s\u00e1bado, fica na Rua Santos Dumont, n.\u00ba 517, em frente \u00e0 Vara do Trabalho e nas imedia\u00e7\u00f5es da Emdaep.<\/p>\n<p style=\"text-align: justify;\">J\u00e1 o endere\u00e7o do Centro de Sa\u00fade I (Post\u00e3o) \u00e9 Rua Esp\u00edrito Santo, n.\u00ba 135. Mais informa\u00e7\u00f5es podem ser obtidas pelo telefone (18) 3822-3151.<\/p>\n<p>Fonte: Diretoria de Comunica\u00e7\u00e3o<\/p>\n<p style=\"text-align: justify;\">\n<p>&nbsp;<\/p>\n","protected":false},"excerpt":{"rendered":"<p>A Prefeitura de Dracena, por meio da Secretaria Municipal de Sa\u00fade e Higiene P\u00fablica, convida gr\u00e1vidas e familiares para o Encontro de Gestantes do Programa Amigos do Peito, que ser\u00e1 neste s\u00e1bado (17), \u00e0s 15h, no Rotary Club. Neste encontro haver\u00e1 palestra com a m\u00e9dica pediatra Dra. Karen Cristina Froio, al\u00e9m de entrega kits, sorteio [&hellip;]<\/p>\n","protected":false},"author":1,"featured_media":4004,"comment_status":"closed","ping_status":"open","sticky":false,"template":"","format":"standard","meta":{"footnotes":""},"categories":[110,122],"tags":[],"class_list":["post-4003","post","type-post","status-publish","format-standard","has-post-thumbnail","hentry","category-noticiasdestaque","category-saudeeducacaoeconcurso"],"_links":{"self":[{"href":"https:\/\/jorgezanoni.com.br\/2019\/wp-json\/wp\/v2\/posts\/4003","targetHints":{"allow":["GET"]}}],"collection":[{"href":"https:\/\/jorgezanoni.com.br\/2019\/wp-json\/wp\/v2\/posts"}],"about":[{"href":"https:\/\/jorgezanoni.com.br\/2019\/wp-json\/wp\/v2\/types\/post"}],"author":[{"embeddable":true,"href":"https:\/\/jorgezanoni.com.br\/2019\/wp-json\/wp\/v2\/users\/1"}],"replies":[{"embeddable":true,"href":"https:\/\/jorgezanoni.com.br\/2019\/wp-json\/wp\/v2\/comments?post=4003"}],"version-history":[{"count":0,"href":"https:\/\/jorgezanoni.com.br\/2019\/wp-json\/wp\/v2\/posts\/4003\/revisions"}],"wp:featuredmedia":[{"embeddable":true,"href":"https:\/\/jorgezanoni.com.br\/2019\/wp-json\/wp\/v2\/media\/4004"}],"wp:attachment":[{"href":"https:\/\/jorgezanoni.com.br\/2019\/wp-json\/wp\/v2\/media?parent=4003"}],"wp:term":[{"taxonomy":"category","embeddable":true,"href":"https:\/\/jorgezanoni.com.br\/2019\/wp-json\/wp\/v2\/categories?post=4003"},{"taxonomy":"post_tag","embeddable":true,"href":"https:\/\/jorgezanoni.com.br\/2019\/wp-json\/wp\/v2\/tags?post=4003"}],"curies":[{"name":"wp","href":"https:\/\/api.w.org\/{rel}","templated":true}]}}