{"id":40019,"date":"2020-12-09T00:45:55","date_gmt":"2020-12-09T00:45:55","guid":{"rendered":"https:\/\/jorgezanoni.com.br\/2019\/?p=40019"},"modified":"2020-12-09T00:45:55","modified_gmt":"2020-12-09T00:45:55","slug":"selo-fiscal-de-qualidade-em-garrafoes-retornaveis-de-agua-mineral-passa-a-ser-obrigatorio","status":"publish","type":"post","link":"https:\/\/jorgezanoni.com.br\/2019\/selo-fiscal-de-qualidade-em-garrafoes-retornaveis-de-agua-mineral-passa-a-ser-obrigatorio\/","title":{"rendered":"Selo Fiscal de Qualidade em Garraf\u00f5es retorn\u00e1veis de \u00c0gua Mineral passa a ser obrigat\u00f3rio"},"content":{"rendered":"<p style=\"text-align: justify;\"><strong>A partir de 1\u00b0 de janeiro ser\u00e1 obrigat\u00f3rio o uso do SELO FISCAL DE QUALIDADE nos garraf\u00f5es retorn\u00e1veis de \u00e1gua mineral.<\/strong><\/p>\n<p style=\"text-align: justify;\"><strong>A \u00c1GUA MINERAL 4 FONTES<\/strong> sai na frente e j\u00e1 est\u00e1 implantando o novo sistema para atender as novas normas da legisla\u00e7\u00e3o.<\/p>\n<p style=\"text-align: justify;\"><strong>A MINERADORA 4 FONTES<\/strong> a partir da pr\u00f3xima semana, j\u00e1 estar\u00e1 com o novo maquin\u00e1rio implantado. Todo o processo de envase, estar\u00e1 obedecendo \u00e0s normas legais, \u00e9 totalmente automatizado, sem nenhum contato dos colaboradores com a \u00e1gua que vem direto da nascente.<\/p>\n<p style=\"text-align: justify;\">Portanto, estaremos com a mesma qualidade de sempre, por\u00e9m com modernidade e seguran\u00e7a principalmente na Sa\u00fade e Higiene, para melhor servir nossos parceiros e clientes.<\/p>\n<p style=\"text-align: justify;\">Estamos \u00e0 disposi\u00e7\u00e3o atrav\u00e9s do Fone 18 99623 2492.\u00a0 \u00a0 \u00a0 \u00a0 \u00a0 \u00a0 \u00a0 \u00a0 \u00a0 \u00a0 \u00a0 \u00a0 \u00a0 \u00a0 \u00a0 \u00a0 \u00a0 \u00a0 \u00a0 \u00a0 \u00a0 \u00a0 Acesse nosso Site: www.http:\/\/www.4fontes.com.br\/<\/p>\n<p style=\"text-align: justify;\"><strong>VEJA NA \u00cdNTEGRA O DECRETO DO GOVERNO ESTADUAL.<\/strong><\/p>\n<h1 class=\"sefazElement-Epigrafe\" style=\"text-align: justify;\">DECRETO N\u00ba 64.645, DE 6 DE DEZEMBRO DE 2019<\/h1>\n<p class=\"sefazElement-Publicacao\" style=\"text-align: justify;\">(DOE 07-12-2019; Retifica\u00e7\u00e3o DOE 20-12-2019)<\/p>\n<p class=\"sefazElement-Ementa\" style=\"text-align: justify;\">Regulamenta o Selo Fiscal de Controle e Proced\u00eancia destinado ao controle e fiscaliza\u00e7\u00e3o do envase de \u00e1gua mineral, natural ou pot\u00e1vel de mesa, conforme autorizado pela Lei\u00a0<a href=\"https:\/\/legislacao.fazenda.sp.gov.br\/Paginas\/lei16912.aspx\" target=\"_self\" rel=\"noopener noreferrer\">n\u00ba 16.912<\/a>, de 28 de dezembro de 2018<\/p>\n<p style=\"text-align: justify;\">Com as\u00a0altera\u00e7\u00f5es\u00a0do\u00a0Decreto\u00a0<a href=\"https:\/\/legislacao.fazenda.sp.gov.br\/Paginas\/Decreto-64969-de-2020.aspx\" target=\"_self\" rel=\"noopener noreferrer\">64.969<\/a>\u00a0de 08-05-2020\u00a0(DOE 09-05-2020)<\/p>\n<p style=\"text-align: justify;\">JO\u00c3O DORIA, Governador do Estado de S\u00e3o Paulo, no uso de suas atribui\u00e7\u00f5es legais e tendo em vista o disposto nos artigos 4\u00ba e 8\u00ba da Lei\u00a0<a href=\"https:\/\/legislacao.fazenda.sp.gov.br\/Paginas\/lei16912.aspx\" target=\"_self\" rel=\"noopener noreferrer\">n\u00ba 16.912<\/a>, de 28 de dezembro de 2018, sem prejuizo das atribui\u00e7\u00f5es da Secretaria da Sa\u00fade, Vigil\u00e2ncia Sanit\u00e1ria Estadual e Secretaria dos Recursos H\u00eddricos previstas no artigo 7\u00ba da referida lei, Decreta:<\/p>\n<p style=\"text-align: justify;\"><strong>Artigo 1\u00ba\u00a0<\/strong>&#8211; O Selo Fiscal de Controle e Proced\u00eancia, destinado ao controle e fiscaliza\u00e7\u00e3o do envase de \u00e1gua mineral, natural ou pot\u00e1vel de mesa e adicionada de sais, dever\u00e1 ser aposto nos vasilhames retorn\u00e1veis com volume superior a 4 (quatro) litros, observados os termos e condi\u00e7\u00f5es previstos na Lei\u00a0<a href=\"https:\/\/legislacao.fazenda.sp.gov.br\/Paginas\/lei16912.aspx\" target=\"_self\" rel=\"noopener noreferrer\">n\u00ba 16.912<\/a>, de 28 de dezembro de 2018.<\/p>\n<p style=\"text-align: justify;\"><strong>Artigo 2\u00ba\u00a0<\/strong>&#8211; Relativamente ao Selo Fiscal de Controle e Proced\u00eancia referido no artigo 1\u00ba, a Secretaria da Fazenda e Planejamento disciplinar\u00e1:<\/p>\n<p style=\"text-align: justify;\">I &#8211; o credenciamento das empresas interessadas na sua confec\u00e7\u00e3o;<\/p>\n<p style=\"text-align: justify;\">II &#8211; o modelo, as especifica\u00e7\u00f5es t\u00e9cnicas e demais requisitos para sua confec\u00e7\u00e3o;<\/p>\n<p style=\"text-align: justify;\">III &#8211; o prazo e a forma de sua aplica\u00e7\u00e3o e utiliza\u00e7\u00e3o;<\/p>\n<p style=\"text-align: justify;\">IV &#8211; os procedimentos para sua aquisi\u00e7\u00e3o;<\/p>\n<p style=\"text-align: justify;\">V &#8211; demais requisitos necess\u00e1rios \u00e0 sua implementa\u00e7\u00e3o.<\/p>\n<p style=\"text-align: justify;\">Par\u00e1grafo \u00fanico &#8211; O ato de credenciamento das empresas interessadas na confec\u00e7\u00e3o do Selo Fiscal de Controle e Proced\u00eancia poder\u00e1 ser suspenso ou cancelado a qualquer tempo, se constatado o descumprimento \u00e0 legisla\u00e7\u00e3o, sem preju\u00edzo das san\u00e7\u00f5es legais cab\u00edveis.<\/p>\n<p class=\"sefazElement-NotaRemissiva\" style=\"text-align: justify;\">NOTA &#8211; V.\u00a0Portaria\u00a0<a href=\"https:\/\/legislacao.fazenda.sp.gov.br\/Paginas\/Portaria-CAT-85-de-2020.aspx\" target=\"_self\" rel=\"noopener noreferrer\">CAT-85\/20<\/a>, de 1\u00ba-10-2020 (DOE 02-10-2020).\u00a0Disp\u00f5e sobre o credenciamento, aquisi\u00e7\u00e3o, uso e demais procedimentos relativos ao Selo Fiscal de Controle e Proced\u00eancia, para fins de controle e fiscaliza\u00e7\u00e3o do envase de \u00e1gua mineral, natural ou pot\u00e1vel de mesa e adicionada de sais.<\/p>\n<p style=\"text-align: justify;\"><strong>Artigo 3\u00ba<\/strong>\u00a0<strong>&#8211;<\/strong>\u00a0Cabe \u00e0 Secretaria da Fazenda e Planejamento a aplica\u00e7\u00e3o das penalidades previstas no artigo 8\u00ba da Lei\u00a0<a href=\"https:\/\/legislacao.fazenda.sp.gov.br\/Paginas\/lei16912.aspx\" target=\"_self\" rel=\"noopener noreferrer\">n\u00ba 16.912<\/a>, de 28 de dezembro de 2018.<\/p>\n<p style=\"text-align: justify;\"><strong>Artigo 4\u00ba &#8211;<\/strong>\u00a0A \u00e1gua mineral, natural ou pot\u00e1vel que tenha sido envasada, em vasilhames retorn\u00e1veis com volume superior a 4 (quatro) litros, antes do in\u00edcio da vig\u00eancia deste decreto poder\u00e1 ser comercializada no Estado de S\u00e3o Paulo at\u00e9 o dia 31 de dezembro de 2020. (Reda\u00e7\u00e3o dada ao artigo pelo Decreto\u00a0<a href=\"https:\/\/legislacao.fazenda.sp.gov.br\/Paginas\/Decreto-64969-de-2020.aspx\" target=\"_self\" rel=\"noopener noreferrer\">64.969<\/a>, de\u00a008-05-2020, DOE 09-05-2020)<\/p>\n<p class=\"sefazElement-TextoRevogado\" style=\"text-align: justify;\">Artigo 4\u00ba &#8211; \u00a0A \u00e1gua mineral, natural ou pot\u00e1vel que tenha sido envasada, em vasilhames retorn\u00e1veis com volume superior a 4 (quatro) litros, antes do in\u00edcio da vig\u00eancia deste decreto poder\u00e1 ser comercializada no Estado de S\u00e3o Paulo at\u00e9 o dia 1\u00ba de julho de 2020.<\/p>\n<p class=\"sefazElement-default\" style=\"text-align: justify;\"><strong>Artigo 5\u00b0 &#8211;<\/strong>\u00a0Este decreto entra em vigor em 1\u00ba de dezembro de 2020. (Reda\u00e7\u00e3o\u00a0dada ao artigo pelo Decreto\u00a0<a href=\"https:\/\/legislacao.fazenda.sp.gov.br\/Paginas\/Decreto-64969-de-2020.aspx\" target=\"_self\" rel=\"noopener noreferrer\">64.969<\/a>, de\u00a008-05-2020, DOE 09-05-2020)<\/p>\n<p class=\"sefazElement-TextoRevogado\" style=\"text-align: justify;\">Artigo 5\u00ba &#8211; Este decreto entra em vigor em 1\u00ba de junho de 2020.<\/p>\n<p style=\"text-align: justify;\">Pal\u00e1cio dos Bandeirantes, 6 de dezembro de 2019<\/p>\n<p style=\"text-align: justify;\">JO\u00c3O DORIA<\/p>\n<p style=\"text-align: justify;\"><em>Henrique de Campos Meirelles<\/em><br \/>\nSecret\u00e1rio da Fazenda e Planejamento<\/p>\n<p style=\"text-align: justify;\"><em>Antonio Carlos Rizeque Malufe<\/em><br \/>\nSecret\u00e1rio Executivo, Respondendo pelo Expediente da Casa Civil<\/p>\n<p style=\"text-align: justify;\"><em>Rodrigo Garcia<\/em><br \/>\nSecret\u00e1rio de Governo<\/p>\n<p style=\"text-align: justify;\">Publicado na Secretaria de Governo, aos 6 de dezembro de 2019.<\/p>\n<p style=\"text-align: justify;\"><strong>OF\u00cdCIO GS-CAT N\u00ba \/2019<\/strong><\/p>\n<p style=\"text-align: justify;\">Senhor Governador,<\/p>\n<p style=\"text-align: justify;\">Tenho a honra de encaminhar a Vossa Excel\u00eancia a inclusa minuta de decreto, que regulamenta o Selo Fiscal de Controle e Proced\u00eancia, destinado ao controle e fiscaliza\u00e7\u00e3o do envase de \u00e1gua mineral, natural ou pot\u00e1vel, com fundamento no artigo 4\u00ba da Lei n\u00ba 16.912, de 28 de dezembro de 2018.<\/p>\n<p style=\"text-align: justify;\">A minuta tem o objetivo de prever que:<\/p>\n<p style=\"text-align: justify;\">a) o referido selo fiscal dever\u00e1 ser aposto em vasilhames retorn\u00e1veis, com volume superior a 4 litros, contendo \u00e1gua mineral, natural ou pot\u00e1vel de mesa e adicionada de sais;<\/p>\n<p style=\"text-align: justify;\">b) a Secretaria da Fazenda e Planejamento ir\u00e1 disciplinar o prazo, forma, modelo, confec\u00e7\u00e3o, especifica\u00e7\u00f5es t\u00e9cnicas, aquisi\u00e7\u00e3o, aplica\u00e7\u00e3o, utiliza\u00e7\u00e3o e demais requisitos necess\u00e1rios \u00e0 implementa\u00e7\u00e3o do referido selo fiscal;<\/p>\n<p style=\"text-align: justify;\">c) cabe \u00e0 Secretaria da Fazenda e Planejamento a aplica\u00e7\u00e3o das penalidades previstas no artigo 8\u00ba da Lei n\u00ba 16.912, de 28 de dezembro de 2018.<\/p>\n<p style=\"text-align: justify;\">Propondo a edi\u00e7\u00e3o de decreto conforme a minuta, aproveito o ensejo para reiterar-lhe meus protestos de estima e alta considera\u00e7\u00e3o.<\/p>\n<p style=\"text-align: justify;\"><em>Henrique de Campos Meirelles<\/em><br \/>\nSecret\u00e1rio da Fazenda e Planejamento<\/p>\n<p style=\"text-align: justify;\">\u00c1 Sua Excel\u00eancia o Senhor<br \/>\nJO\u00c3O DORIA<br \/>\nGovernador do Estado de S\u00e3o Paulo<\/p>\n<p style=\"text-align: justify;\">Pal\u00e1cio dos Bandeirantes<\/p>\n<p style=\"text-align: justify;\">Fonte: https:\/\/legislacao.fazenda.sp.gov.br\/Paginas\/Decreto-64645-de-2019.aspx<\/p>\n","protected":false},"excerpt":{"rendered":"<p>A partir de 1\u00b0 de janeiro ser\u00e1 obrigat\u00f3rio o uso do SELO FISCAL DE QUALIDADE nos garraf\u00f5es retorn\u00e1veis de \u00e1gua mineral. A \u00c1GUA MINERAL 4 FONTES sai na frente e j\u00e1 est\u00e1 implantando o novo sistema para atender as novas normas da legisla\u00e7\u00e3o. A MINERADORA 4 FONTES a partir da pr\u00f3xima semana, j\u00e1 estar\u00e1 com [&hellip;]<\/p>\n","protected":false},"author":1,"featured_media":40021,"comment_status":"closed","ping_status":"open","sticky":false,"template":"","format":"standard","meta":{"footnotes":""},"categories":[114],"tags":[],"class_list":["post-40019","post","type-post","status-publish","format-standard","has-post-thumbnail","hentry","category-geralecomercio"],"_links":{"self":[{"href":"https:\/\/jorgezanoni.com.br\/2019\/wp-json\/wp\/v2\/posts\/40019","targetHints":{"allow":["GET"]}}],"collection":[{"href":"https:\/\/jorgezanoni.com.br\/2019\/wp-json\/wp\/v2\/posts"}],"about":[{"href":"https:\/\/jorgezanoni.com.br\/2019\/wp-json\/wp\/v2\/types\/post"}],"author":[{"embeddable":true,"href":"https:\/\/jorgezanoni.com.br\/2019\/wp-json\/wp\/v2\/users\/1"}],"replies":[{"embeddable":true,"href":"https:\/\/jorgezanoni.com.br\/2019\/wp-json\/wp\/v2\/comments?post=40019"}],"version-history":[{"count":0,"href":"https:\/\/jorgezanoni.com.br\/2019\/wp-json\/wp\/v2\/posts\/40019\/revisions"}],"wp:featuredmedia":[{"embeddable":true,"href":"https:\/\/jorgezanoni.com.br\/2019\/wp-json\/wp\/v2\/media\/40021"}],"wp:attachment":[{"href":"https:\/\/jorgezanoni.com.br\/2019\/wp-json\/wp\/v2\/media?parent=40019"}],"wp:term":[{"taxonomy":"category","embeddable":true,"href":"https:\/\/jorgezanoni.com.br\/2019\/wp-json\/wp\/v2\/categories?post=40019"},{"taxonomy":"post_tag","embeddable":true,"href":"https:\/\/jorgezanoni.com.br\/2019\/wp-json\/wp\/v2\/tags?post=40019"}],"curies":[{"name":"wp","href":"https:\/\/api.w.org\/{rel}","templated":true}]}}