{"id":40007,"date":"2020-12-08T20:33:16","date_gmt":"2020-12-08T20:33:16","guid":{"rendered":"https:\/\/jorgezanoni.com.br\/2019\/?p=40007"},"modified":"2020-12-08T20:33:16","modified_gmt":"2020-12-08T20:33:16","slug":"ciclistas-doam-mantimentos-para-a-adrim","status":"publish","type":"post","link":"https:\/\/jorgezanoni.com.br\/2019\/ciclistas-doam-mantimentos-para-a-adrim\/","title":{"rendered":"Ciclistas doam mantimentos para a ADRIM\u00a0"},"content":{"rendered":"<p style=\"text-align: justify;\">Na ter\u00e7a-feira (1), o vice-presidente da ADRIM\u00a0&#8211; Associa\u00e7\u00e3o de Apoio aos Renais Cr\u00f4nicos de Dracena, Armando Caetano, acompanhado de sua esposa Nazareth, ela integrante da entidade, procederam a entrega de g\u00eaneros aliment\u00edcios arrecadados no domingo dia 29 de novembro, durante passeio cicl\u00edstico realizado por um grupo de amigos.<\/p>\n<div style=\"text-align: justify;\">A doa\u00e7\u00e3o foi recebida\u00a0pela presidente da Adrim, Mariza Buccironi e pela psic\u00f3loga\u00a0Isabel Utumi. Esses mantimentos ajudar\u00e3o compor as cestas b\u00e1sicas que mensalmente s\u00e3o distribu\u00eddas a mais de 20 pacientes da Hemodi\u00e1lise da Santa Casa de Dracena.<\/div>\n<div style=\"text-align: justify;\"><\/div>\n<div style=\"text-align: justify;\">Fonte: AVAPAC\/ADRIM Divulga\u00e7\u00e3o<\/div>\n","protected":false},"excerpt":{"rendered":"<p>Na ter\u00e7a-feira (1), o vice-presidente da ADRIM\u00a0&#8211; Associa\u00e7\u00e3o de Apoio aos Renais Cr\u00f4nicos de Dracena, Armando Caetano, acompanhado de sua esposa Nazareth, ela integrante da entidade, procederam a entrega de g\u00eaneros aliment\u00edcios arrecadados no domingo dia 29 de novembro, durante passeio cicl\u00edstico realizado por um grupo de amigos. A doa\u00e7\u00e3o foi recebida\u00a0pela presidente da Adrim, [&hellip;]<\/p>\n","protected":false},"author":1,"featured_media":40009,"comment_status":"closed","ping_status":"open","sticky":false,"template":"","format":"standard","meta":{"footnotes":""},"categories":[118],"tags":[],"class_list":["post-40007","post","type-post","status-publish","format-standard","has-post-thumbnail","hentry","category-religiaoesolidariedade"],"_links":{"self":[{"href":"https:\/\/jorgezanoni.com.br\/2019\/wp-json\/wp\/v2\/posts\/40007","targetHints":{"allow":["GET"]}}],"collection":[{"href":"https:\/\/jorgezanoni.com.br\/2019\/wp-json\/wp\/v2\/posts"}],"about":[{"href":"https:\/\/jorgezanoni.com.br\/2019\/wp-json\/wp\/v2\/types\/post"}],"author":[{"embeddable":true,"href":"https:\/\/jorgezanoni.com.br\/2019\/wp-json\/wp\/v2\/users\/1"}],"replies":[{"embeddable":true,"href":"https:\/\/jorgezanoni.com.br\/2019\/wp-json\/wp\/v2\/comments?post=40007"}],"version-history":[{"count":0,"href":"https:\/\/jorgezanoni.com.br\/2019\/wp-json\/wp\/v2\/posts\/40007\/revisions"}],"wp:featuredmedia":[{"embeddable":true,"href":"https:\/\/jorgezanoni.com.br\/2019\/wp-json\/wp\/v2\/media\/40009"}],"wp:attachment":[{"href":"https:\/\/jorgezanoni.com.br\/2019\/wp-json\/wp\/v2\/media?parent=40007"}],"wp:term":[{"taxonomy":"category","embeddable":true,"href":"https:\/\/jorgezanoni.com.br\/2019\/wp-json\/wp\/v2\/categories?post=40007"},{"taxonomy":"post_tag","embeddable":true,"href":"https:\/\/jorgezanoni.com.br\/2019\/wp-json\/wp\/v2\/tags?post=40007"}],"curies":[{"name":"wp","href":"https:\/\/api.w.org\/{rel}","templated":true}]}}