{"id":39996,"date":"2020-12-08T19:51:03","date_gmt":"2020-12-08T19:51:03","guid":{"rendered":"https:\/\/jorgezanoni.com.br\/2019\/?p=39996"},"modified":"2020-12-08T19:51:03","modified_gmt":"2020-12-08T19:51:03","slug":"avapac-promove-bazar-do-bem-na-proxima-quinta-feira","status":"publish","type":"post","link":"https:\/\/jorgezanoni.com.br\/2019\/avapac-promove-bazar-do-bem-na-proxima-quinta-feira\/","title":{"rendered":"Avapac promove Bazar do Bem na pr\u00f3xima quinta-feira"},"content":{"rendered":"<p style=\"text-align: justify;\">A Avapac estar\u00e1 promovendo, na pr\u00f3xima semana, mais uma edi\u00e7\u00e3o do Bazar do Bem, evento que comercializa artesanato produzido pelas volunt\u00e1rias e colaboradoras, durante todo o ano. \u201cSomos em aproximadamente 20 mulheres, que se re\u00fanem na sede da entidade, todas as ter\u00e7as-feiras, para bordar, fazer croch\u00ea, montar os trabalhos,\u201d comentou a organizadora Ermelinda Mainente Martins. \u201cEste ano, como a pandemia n\u00e3o possibilitou reuni\u00f5es, n\u00f3s trabalhamos em casa e conseguimos boa produ\u00e7\u00e3o para montar esse Bazar, que ter\u00e1 pe\u00e7as com pre\u00e7os bem atraentes, a partir de dez reais\u201d.<\/p>\n<p style=\"text-align: justify;\">SERVI\u00c7O &#8211;\u00a0 Local Avenida Presidente Roosevelt, onde funcionou a loja Top 10, ao lado da Dracena Presentes.<\/p>\n<p style=\"text-align: justify;\">Dias:\u00a0 Quinta e sexta, das 13 \u00e0s 18 horas<\/p>\n<p style=\"text-align: justify;\">S\u00e1bado das 9 \u00e0s 12 horas.<\/p>\n","protected":false},"excerpt":{"rendered":"<p>A Avapac estar\u00e1 promovendo, na pr\u00f3xima semana, mais uma edi\u00e7\u00e3o do Bazar do Bem, evento que comercializa artesanato produzido pelas volunt\u00e1rias e colaboradoras, durante todo o ano. \u201cSomos em aproximadamente 20 mulheres, que se re\u00fanem na sede da entidade, todas as ter\u00e7as-feiras, para bordar, fazer croch\u00ea, montar os trabalhos,\u201d comentou a organizadora Ermelinda Mainente Martins. [&hellip;]<\/p>\n","protected":false},"author":1,"featured_media":39997,"comment_status":"closed","ping_status":"open","sticky":false,"template":"","format":"standard","meta":{"footnotes":""},"categories":[172,118],"tags":[],"class_list":["post-39996","post","type-post","status-publish","format-standard","has-post-thumbnail","hentry","category-agenda","category-religiaoesolidariedade"],"_links":{"self":[{"href":"https:\/\/jorgezanoni.com.br\/2019\/wp-json\/wp\/v2\/posts\/39996","targetHints":{"allow":["GET"]}}],"collection":[{"href":"https:\/\/jorgezanoni.com.br\/2019\/wp-json\/wp\/v2\/posts"}],"about":[{"href":"https:\/\/jorgezanoni.com.br\/2019\/wp-json\/wp\/v2\/types\/post"}],"author":[{"embeddable":true,"href":"https:\/\/jorgezanoni.com.br\/2019\/wp-json\/wp\/v2\/users\/1"}],"replies":[{"embeddable":true,"href":"https:\/\/jorgezanoni.com.br\/2019\/wp-json\/wp\/v2\/comments?post=39996"}],"version-history":[{"count":0,"href":"https:\/\/jorgezanoni.com.br\/2019\/wp-json\/wp\/v2\/posts\/39996\/revisions"}],"wp:featuredmedia":[{"embeddable":true,"href":"https:\/\/jorgezanoni.com.br\/2019\/wp-json\/wp\/v2\/media\/39997"}],"wp:attachment":[{"href":"https:\/\/jorgezanoni.com.br\/2019\/wp-json\/wp\/v2\/media?parent=39996"}],"wp:term":[{"taxonomy":"category","embeddable":true,"href":"https:\/\/jorgezanoni.com.br\/2019\/wp-json\/wp\/v2\/categories?post=39996"},{"taxonomy":"post_tag","embeddable":true,"href":"https:\/\/jorgezanoni.com.br\/2019\/wp-json\/wp\/v2\/tags?post=39996"}],"curies":[{"name":"wp","href":"https:\/\/api.w.org\/{rel}","templated":true}]}}