{"id":39966,"date":"2020-12-08T14:36:21","date_gmt":"2020-12-08T14:36:21","guid":{"rendered":"https:\/\/jorgezanoni.com.br\/2019\/?p=39966"},"modified":"2020-12-08T14:36:21","modified_gmt":"2020-12-08T14:36:21","slug":"parabens-dracena-pelos-75-anos-de-fundacao","status":"publish","type":"post","link":"https:\/\/jorgezanoni.com.br\/2019\/parabens-dracena-pelos-75-anos-de-fundacao\/","title":{"rendered":"Parab\u00e9ns Dracena pelos 75 anos de Funda\u00e7\u00e3o"},"content":{"rendered":"<h2 class=\"single-page-title\" style=\"text-align: justify;\">A Funda\u00e7\u00e3o Da Cidade De Dracena<\/h2>\n<div id=\"attachment_55\" class=\"wp-caption aligncenter\" style=\"text-align: justify;\"><img loading=\"lazy\" decoding=\"async\" class=\"size-medium wp-image-55\" src=\"https:\/\/dracena.com.br\/wp\/wp-content\/uploads\/2017\/06\/fundacao1-300x177.jpg\" sizes=\"auto, (max-width: 300px) 100vw, 300px\" srcset=\"https:\/\/dracena.com.br\/wp\/wp-content\/uploads\/2017\/06\/fundacao1-300x177.jpg 300w, https:\/\/dracena.com.br\/wp\/wp-content\/uploads\/2017\/06\/fundacao1.jpg 560w\" alt=\"\" width=\"300\" height=\"177\" \/><\/p>\n<p class=\"wp-caption-text\">08 de dezembro de 1945. Funda\u00e7\u00e3o de<br \/>\nDracena.<\/p>\n<\/div>\n<p style=\"text-align: justify;\">Dia 8 de dezembro de 1.945 \u00cdrio Spinardi chegou a Dracena com uma<br \/>\ncaravana de convidados, trouxe seu Ford Coup\u00ea, o jipe de Guido Anelli com<br \/>\nvisitantes, e alguns compradores de terrenos, para o lan\u00e7amento da funda\u00e7\u00e3o da<br \/>\ncidade de Dracena.<br \/>\nEra tarde! O sol morria numa vastid\u00e3o dourada salpicada de faixas cintilantes<br \/>\nde cor alaranjada, de uma beleza jamais vista. Dir-se-ia que at\u00e9 a natureza estava em<br \/>\nfesta e colaborava para maior brilhantismo naquela tarde hist\u00f3rica. O del\u00edrio tomava<br \/>\nconta de \u00cdrio Spinardi diante de tanta como\u00e7\u00e3o. Era um dia hist\u00f3rico. Nascia, \u00e0quela<br \/>\nhora, a cidade que iria perpetuar o seu nome e o da pr\u00f3pria cidade, para esta e para as<br \/>\ngera\u00e7\u00f5es futuras\u2026<\/p>\n<div id=\"attachment_56\" class=\"wp-caption alignnone\" style=\"text-align: justify;\"><img loading=\"lazy\" decoding=\"async\" class=\"size-medium wp-image-56\" src=\"https:\/\/dracena.com.br\/wp\/wp-content\/uploads\/2017\/06\/fundacao2-300x214.jpg\" sizes=\"auto, (max-width: 300px) 100vw, 300px\" srcset=\"https:\/\/dracena.com.br\/wp\/wp-content\/uploads\/2017\/06\/fundacao2-300x214.jpg 300w, https:\/\/dracena.com.br\/wp\/wp-content\/uploads\/2017\/06\/fundacao2.jpg 680w\" alt=\"\" width=\"300\" height=\"214\" \/><\/p>\n<p class=\"wp-caption-text\">Caravana de Taquaritinga e It\u00e1polis estiveram<br \/>\npresentes na funda\u00e7\u00e3o da cidade de<br \/>\nDracena.<\/p>\n<\/div>\n<p style=\"text-align: justify;\">Acabava de nascer mais uma cidade brasileira. Mais uma cidade na face da<br \/>\nterra.Come\u00e7ava a tornar-se realidade o seu novo e grande sonho: implantar uma<br \/>\nnova civiliza\u00e7\u00e3o no sert\u00e3o despovoado da zona da mata, na futura nova alta paulista.<br \/>\nAgrupou o pessoal, trabalhadores e visitantes, ao todo umas 20 pessoas, no local<br \/>\nonde viria a ser constru\u00edda a esta\u00e7\u00e3o rodovi\u00e1ria e hoje \u00e9 a pra\u00e7a Arthur Pagnozzi, para<br \/>\nfazer o seu discurso de comemora\u00e7\u00e3o da funda\u00e7\u00e3o da cidade de Dracena. \u00cdrio subiu<br \/>\nnum toco, no meio da queimada. Quando tentou falar n\u00e3o conseguiu. Ficou de p\u00e9 por<br \/>\nlongo tempo. Um n\u00f3 apertava-lhe a garganta. L\u00e1grimas de emo\u00e7\u00e3o n\u00e3o o deixavam<br \/>\nfalar. Tentou outra vez, mas n\u00e3o conseguiu\u2026<br \/>\nNesse momento, sentiu uma coisa muito estranha que tomou conta de si. Sua<br \/>\nvista se turvou, ficou em sil\u00eancio e im\u00f3vel em cima do toco. Tudo se tinha<br \/>\ntransformado\u2026 sentia-se estar no meio de uma multid\u00e3o. Os milhares de tocos da<br \/>\nderrubada pareciam gente. Mexendo-se\u2026<br \/>\nAo seu lado direito ele vislumbrava, bem perto, um arranha-c\u00e9u azulado,<br \/>\nmuito alto. Em volta uma fileira de pr\u00e9dios fechando uma pra\u00e7a formada de<br \/>\nedif\u00edcios de dois e tr\u00eas andares. Aonde ele estava, chegavam \u00f4nibus lotados,<br \/>\nadentrando uma grande rodovi\u00e1ria. L\u00e1 em frente, um belo hotel de dois pavimentos.<br \/>\nAtr\u00e1s, ouvia o sino da igreja tocar, distante\u2026 Ao lado, o pr\u00e9dio de uma escola. Como<br \/>\nque por encanto, em frente aos seus olhos, via a cidade. A sua sonhada Dracena. Mas,<br \/>\neis que de repente, n\u00e3o vendo mais sua cidade ilus\u00f3ria, olhou tudo em volta e se<br \/>\ndeparou com a triste solid\u00e3o, mais nada. S\u00f3 o verdor da mata que de bem longe<br \/>\nacenava com seus bra\u00e7os fortes, a\u00e7oitados pela brisa. Por si, o crep\u00fasculo tomou<br \/>\nconta daquela tarde de esperan\u00e7as e sonhos. saltou do toco sem falar nada. Guido<br \/>\nAnelli, percebendo seu estado de emo\u00e7\u00e3o, veio ao seu encontro e segurou-o,<br \/>\napertando-o contra seu peito amigo. Ant\u00f4nio Rodrigues de Barros, quando percebeu<br \/>\na profunda emo\u00e7\u00e3o de \u00cdrio, tomou a palavra e bradou aos oito ou dez presentes:<br \/>\n\u2013 Povo de Dracena! Na data de hoje, dia 8 de dezembro de 1.945, em nome de<br \/>\n\u00cdrio Spinardi, dou por fundada a cidade de Dracena! Viva Dracena! Viva o seus<br \/>\nfundadores,Virgilio Fioravante, Flor\u00eancio Fioravante, \u00cdrio Spinardi e Jo\u00e3o<br \/>\nVendramim, Viva o Brasil.<\/p>\n<div id=\"attachment_57\" class=\"wp-caption alignright\" style=\"text-align: justify;\"><img loading=\"lazy\" decoding=\"async\" class=\"size-medium wp-image-57\" src=\"https:\/\/dracena.com.br\/wp\/wp-content\/uploads\/2017\/06\/fundacao3-300x221.jpg\" sizes=\"auto, (max-width: 300px) 100vw, 300px\" srcset=\"https:\/\/dracena.com.br\/wp\/wp-content\/uploads\/2017\/06\/fundacao3-300x221.jpg 300w, https:\/\/dracena.com.br\/wp\/wp-content\/uploads\/2017\/06\/fundacao3.jpg 600w\" alt=\"\" width=\"300\" height=\"221\" \/><\/p>\n<p class=\"wp-caption-text\">08 de dezembro de 1945. Visitantes<br \/>\nestiveram presentes no dia da funda\u00e7\u00e3o de<br \/>\nDracena.<\/p>\n<\/div>\n<p style=\"text-align: justify;\">E aos prantos, parou de falar. As poucas pessoas que assistiam a cerim\u00f4nia,<br \/>\nestavam de cabe\u00e7a baixa e tamb\u00e9m com l\u00e1grimas nos olhos diante daquela<br \/>\nmanifesta\u00e7\u00e3o simples mas t\u00e3o significativa para a hist\u00f3ria.<br \/>\n\u00cdrio caiu na realidade e abriu os olhos. Viu, de fato, o seu isolamento dentro<br \/>\ndaquela pequena clareira perdida na imensid\u00e3o da mata naquela tarde, ao escurecer.<br \/>\nContemplou em volta o pared\u00e3o de mata virgem que os cercava, fim da picada\u2026<br \/>\nnada mais. S\u00f3 a estradinha que vinha at\u00e9 eles\u2026Mais nada. Apenas a vastid\u00e3o da<br \/>\nmata virgem, na sombra da tarde que morria, sobre a cidade que nascia.<br \/>\nGuido Anelli, abra\u00e7ado a \u00cdrio, documentou a cena com sua m\u00e1quina<br \/>\nfotogr\u00e1fica de caix\u00e3o. Depois come\u00e7ou a tremer descontrolado e caiu de joelhos com<br \/>\nas m\u00e3os postas, como que pedindo gra\u00e7as a deus, e come\u00e7ou a rezar:<br \/>\n\u2013 Pai nosso que estais no c\u00e9u\u2026 Seja feita a vossa vontade\u2026<br \/>\nN\u00e3o pode prosseguir e saiu solu\u00e7ando. Todos abra\u00e7ados em sil\u00eancio, sem<br \/>\numa s\u00f3 palavra. E lentamente desceram para a casa de Ant\u00f4nio Rodrigues de Barros.<br \/>\nEstava fundada Dracena, seu marco de f\u00e9 e de esperan\u00e7a!<\/p>\n<p style=\"text-align: justify;\">Fonte: Viajando na Hist\u00f3ria com Rog\u00e9rio Edson<\/p>\n<p><img loading=\"lazy\" decoding=\"async\" class=\"alignnone size-full wp-image-39967\" src=\"https:\/\/jorgezanoni.com.br\/2019\/wp-content\/uploads\/2020\/12\/Dracena.jpg\" alt=\"\" width=\"275\" height=\"183\" \/> <img loading=\"lazy\" decoding=\"async\" class=\"alignnone size-full wp-image-39968\" src=\"https:\/\/jorgezanoni.com.br\/2019\/wp-content\/uploads\/2020\/12\/dracena1.jpg\" alt=\"\" width=\"850\" height=\"567\" srcset=\"https:\/\/jorgezanoni.com.br\/2019\/wp-content\/uploads\/2020\/12\/dracena1.jpg 850w, https:\/\/jorgezanoni.com.br\/2019\/wp-content\/uploads\/2020\/12\/dracena1-300x200.jpg 300w, https:\/\/jorgezanoni.com.br\/2019\/wp-content\/uploads\/2020\/12\/dracena1-768x512.jpg 768w, https:\/\/jorgezanoni.com.br\/2019\/wp-content\/uploads\/2020\/12\/dracena1-696x464.jpg 696w, https:\/\/jorgezanoni.com.br\/2019\/wp-content\/uploads\/2020\/12\/dracena1-630x420.jpg 630w\" sizes=\"auto, (max-width: 850px) 100vw, 850px\" \/> <img loading=\"lazy\" decoding=\"async\" class=\"alignnone size-full wp-image-39969\" src=\"https:\/\/jorgezanoni.com.br\/2019\/wp-content\/uploads\/2020\/12\/Dracena2.jpg\" alt=\"\" width=\"275\" height=\"183\" \/><\/p>\n<p>Fotos Arquivo\/Internautas<\/p>\n","protected":false},"excerpt":{"rendered":"<p>A Funda\u00e7\u00e3o Da Cidade De Dracena 08 de dezembro de 1945. Funda\u00e7\u00e3o de Dracena. Dia 8 de dezembro de 1.945 \u00cdrio Spinardi chegou a Dracena com uma caravana de convidados, trouxe seu Ford Coup\u00ea, o jipe de Guido Anelli com visitantes, e alguns compradores de terrenos, para o lan\u00e7amento da funda\u00e7\u00e3o da cidade de Dracena. [&hellip;]<\/p>\n","protected":false},"author":1,"featured_media":39970,"comment_status":"closed","ping_status":"open","sticky":false,"template":"","format":"standard","meta":{"footnotes":""},"categories":[179,184,110],"tags":[],"class_list":["post-39966","post","type-post","status-publish","format-standard","has-post-thumbnail","hentry","category-cidadeseregiao","category-dracena","category-noticiasdestaque"],"_links":{"self":[{"href":"https:\/\/jorgezanoni.com.br\/2019\/wp-json\/wp\/v2\/posts\/39966","targetHints":{"allow":["GET"]}}],"collection":[{"href":"https:\/\/jorgezanoni.com.br\/2019\/wp-json\/wp\/v2\/posts"}],"about":[{"href":"https:\/\/jorgezanoni.com.br\/2019\/wp-json\/wp\/v2\/types\/post"}],"author":[{"embeddable":true,"href":"https:\/\/jorgezanoni.com.br\/2019\/wp-json\/wp\/v2\/users\/1"}],"replies":[{"embeddable":true,"href":"https:\/\/jorgezanoni.com.br\/2019\/wp-json\/wp\/v2\/comments?post=39966"}],"version-history":[{"count":0,"href":"https:\/\/jorgezanoni.com.br\/2019\/wp-json\/wp\/v2\/posts\/39966\/revisions"}],"wp:featuredmedia":[{"embeddable":true,"href":"https:\/\/jorgezanoni.com.br\/2019\/wp-json\/wp\/v2\/media\/39970"}],"wp:attachment":[{"href":"https:\/\/jorgezanoni.com.br\/2019\/wp-json\/wp\/v2\/media?parent=39966"}],"wp:term":[{"taxonomy":"category","embeddable":true,"href":"https:\/\/jorgezanoni.com.br\/2019\/wp-json\/wp\/v2\/categories?post=39966"},{"taxonomy":"post_tag","embeddable":true,"href":"https:\/\/jorgezanoni.com.br\/2019\/wp-json\/wp\/v2\/tags?post=39966"}],"curies":[{"name":"wp","href":"https:\/\/api.w.org\/{rel}","templated":true}]}}