{"id":39942,"date":"2020-12-07T22:25:36","date_gmt":"2020-12-07T22:25:36","guid":{"rendered":"https:\/\/jorgezanoni.com.br\/2019\/?p=39942"},"modified":"2020-12-07T22:25:36","modified_gmt":"2020-12-07T22:25:36","slug":"mulher-e-presa-em-junqueiropolis-por-associacao-criminosa-portando-mais-de-60-folhas-com-anotacoes-de-faccao","status":"publish","type":"post","link":"https:\/\/jorgezanoni.com.br\/2019\/mulher-e-presa-em-junqueiropolis-por-associacao-criminosa-portando-mais-de-60-folhas-com-anotacoes-de-faccao\/","title":{"rendered":"Mulher \u00e9 presa em Junqueir\u00f3polis por associa\u00e7\u00e3o criminosa, portando mais de 60 folhas com anota\u00e7\u00f5es de Fac\u00e7\u00e3o"},"content":{"rendered":"<p style=\"text-align: justify;\"><strong>MULHER \u00c9 PRESA EM JUNQUEIR\u00d3POLIS\/SP, POR ASSOCIA\u00c7\u00c3O CRIMINOSA, PORTANDO MAIS DE 60 FOLHAS COM ANOTA\u00c7\u00d5ES DE FAC\u00c7\u00c3O CRIMINOSA.<\/strong><\/p>\n<p style=\"text-align: justify;\">No dia 06, por volta das 14h35min, os Policiais militares de Junqueir\u00f3polis foram solicitados via celular pelo diretor de portaria da Penitenciaria de Junqueir\u00f3polis. No local tomaram conhecimento que uma mulher (34 anos moradora de Tabo\u00e3o da Serra) visitante de um detento, havia entrado para visita na parte da manh\u00e3 e nada de il\u00edcito foi localizado, por\u00e9m no seu hor\u00e1rio de sa\u00edda foi percebido certo volume em suas vestes, sendo que ao passar pelo \u201cscanner\u201d, foi constatado objetos por debaixo de suas vestes (folhas de papel de caderno contendo v\u00e1rias atividades de fac\u00e7\u00f5es criminosas, como contabilidade de v\u00e1rios meses e tamb\u00e9m outros assuntos relacionados a pessoas filiadas ao partido criminoso e v\u00e1rios tipos de movimenta\u00e7\u00f5es financeiras). Diante do fato a autora foi presa de acordo com o artigo II da lei 12850 de 12 de agosto de 2013 &#8220;Integrar a organiza\u00e7\u00e3o criminosa&#8221;, permanecendo presa a disposi\u00e7\u00e3o da justi\u00e7a.<\/p>\n<p>Fonte: Com. Social Pol\u00edcia Militar<\/p>\n","protected":false},"excerpt":{"rendered":"<p>MULHER \u00c9 PRESA EM JUNQUEIR\u00d3POLIS\/SP, POR ASSOCIA\u00c7\u00c3O CRIMINOSA, PORTANDO MAIS DE 60 FOLHAS COM ANOTA\u00c7\u00d5ES DE FAC\u00c7\u00c3O CRIMINOSA. No dia 06, por volta das 14h35min, os Policiais militares de Junqueir\u00f3polis foram solicitados via celular pelo diretor de portaria da Penitenciaria de Junqueir\u00f3polis. No local tomaram conhecimento que uma mulher (34 anos moradora de Tabo\u00e3o da [&hellip;]<\/p>\n","protected":false},"author":1,"featured_media":39943,"comment_status":"closed","ping_status":"open","sticky":false,"template":"","format":"standard","meta":{"footnotes":""},"categories":[110,2],"tags":[],"class_list":["post-39942","post","type-post","status-publish","format-standard","has-post-thumbnail","hentry","category-noticiasdestaque","category-policial"],"_links":{"self":[{"href":"https:\/\/jorgezanoni.com.br\/2019\/wp-json\/wp\/v2\/posts\/39942","targetHints":{"allow":["GET"]}}],"collection":[{"href":"https:\/\/jorgezanoni.com.br\/2019\/wp-json\/wp\/v2\/posts"}],"about":[{"href":"https:\/\/jorgezanoni.com.br\/2019\/wp-json\/wp\/v2\/types\/post"}],"author":[{"embeddable":true,"href":"https:\/\/jorgezanoni.com.br\/2019\/wp-json\/wp\/v2\/users\/1"}],"replies":[{"embeddable":true,"href":"https:\/\/jorgezanoni.com.br\/2019\/wp-json\/wp\/v2\/comments?post=39942"}],"version-history":[{"count":0,"href":"https:\/\/jorgezanoni.com.br\/2019\/wp-json\/wp\/v2\/posts\/39942\/revisions"}],"wp:featuredmedia":[{"embeddable":true,"href":"https:\/\/jorgezanoni.com.br\/2019\/wp-json\/wp\/v2\/media\/39943"}],"wp:attachment":[{"href":"https:\/\/jorgezanoni.com.br\/2019\/wp-json\/wp\/v2\/media?parent=39942"}],"wp:term":[{"taxonomy":"category","embeddable":true,"href":"https:\/\/jorgezanoni.com.br\/2019\/wp-json\/wp\/v2\/categories?post=39942"},{"taxonomy":"post_tag","embeddable":true,"href":"https:\/\/jorgezanoni.com.br\/2019\/wp-json\/wp\/v2\/tags?post=39942"}],"curies":[{"name":"wp","href":"https:\/\/api.w.org\/{rel}","templated":true}]}}