{"id":39939,"date":"2020-12-07T22:16:53","date_gmt":"2020-12-07T22:16:53","guid":{"rendered":"https:\/\/jorgezanoni.com.br\/2019\/?p=39939"},"modified":"2020-12-07T22:16:53","modified_gmt":"2020-12-07T22:16:53","slug":"mulher-e-ameacada-por-homem-que-tinha-em-seu-poder-uma-espingarda","status":"publish","type":"post","link":"https:\/\/jorgezanoni.com.br\/2019\/mulher-e-ameacada-por-homem-que-tinha-em-seu-poder-uma-espingarda\/","title":{"rendered":"Mulher \u00e9 amea\u00e7ada por homem que tinha em seu poder uma espingarda"},"content":{"rendered":"<p style=\"text-align: justify;\">Natureza: Amea\u00e7a\/Posse Ilegal de Arma de Fogo &#8211; Data\/Hora*: 06DEZ20 as 22h50min<br \/>\nIndiciado: masculino, 34 anos &#8211; V\u00edtima: feminino, 23 anos<\/p>\n<p>Apreens\u00e3o: uma espingarda, da marca Rossi, numera\u00e7\u00e3o A287753.<\/p>\n<p style=\"text-align: justify;\">Por solicita\u00e7\u00e3o via Copom a equipe compareceu ao local do fato, onde a v\u00edtima informou que ficou sabendo atrav\u00e9s de amigos que o indiciado estava pela cidade a sua procura, que ele estava com uma arma de fogo e dizia que iria mata-la, inclusive familiares dele lhe ligaram falando para ela sair de sua casa, pois ele estava indo at\u00e9 l\u00e1 para mata-la. A v\u00edtima ainda disse as caracter\u00edsticas do indiciado e o ve\u00edculo que ele utilizava.<br \/>\nDiante das informa\u00e7\u00f5es a equipe iniciou dilig\u00eancias com vista ao indiciado, inclusive transmitiu as informa\u00e7\u00f5es a outras viaturas. Em dilig\u00eancias pela Estrada que liga a cidade de Junqueir\u00f3polis a Vila S\u00e3o Jo\u00e3o, bairro onde o indiciado reside, quando avistou o ve\u00edculo e passou a acompanh\u00e1-lo, sendo abordado em seguida. Foi realizada busca pessoal e busca veicular, n\u00e3o sendo nada de il\u00edcito encontrado. Ao ser questionado sobre o fato, o indiciado informou que n\u00e3o estava armado e tamb\u00e9m n\u00e3o fez amea\u00e7as de morte. Ao lhe ser perguntado se possu\u00eda alguma arma de fogo, disse que a \u00fanica arma que possui \u00e9 uma espingarda, que era de seu av\u00f4, que se encontrava em um dep\u00f3sito na fazenda onde mora.<br \/>\nOs Policiais foram ate a propriedade onde reside o indiciado, e com a autoriza\u00e7\u00e3o dos moradores, entrou e realizou a busca domiciliar, inclusive o indiciado indicou onde a arma de fogo estava guardada, em um quarto de dep\u00f3sito do lado de fora da resid\u00eancia. A arma de fogo foi encontrada no local indicado, tratava-se de uma espingarda da marca Rossi, numera\u00e7\u00e3o A287753, sem muni\u00e7\u00f5es e calibre n\u00e3o identificado.<br \/>\nDiante dos fatos o envolvidos e a arma de fogo foram conduzidos ao Plant\u00e3o de Pol\u00edcia Judici\u00e1ria, na cidade de Dracena, onde foi registrado Boletim de Ocorr\u00eancia de Amea\u00e7a e Posse ilegal de arma de fogo, por portaria, os envolvidos foram ouvidos e liberados. A arma permaneceu apreendida.<\/p>\n<p>Fonte: Com. Social Pol\u00edcia Militar<\/p>\n","protected":false},"excerpt":{"rendered":"<p>Natureza: Amea\u00e7a\/Posse Ilegal de Arma de Fogo &#8211; Data\/Hora*: 06DEZ20 as 22h50min Indiciado: masculino, 34 anos &#8211; V\u00edtima: feminino, 23 anos Apreens\u00e3o: uma espingarda, da marca Rossi, numera\u00e7\u00e3o A287753. Por solicita\u00e7\u00e3o via Copom a equipe compareceu ao local do fato, onde a v\u00edtima informou que ficou sabendo atrav\u00e9s de amigos que o indiciado estava pela [&hellip;]<\/p>\n","protected":false},"author":1,"featured_media":39940,"comment_status":"closed","ping_status":"open","sticky":false,"template":"","format":"standard","meta":{"footnotes":""},"categories":[110,2],"tags":[],"class_list":["post-39939","post","type-post","status-publish","format-standard","has-post-thumbnail","hentry","category-noticiasdestaque","category-policial"],"_links":{"self":[{"href":"https:\/\/jorgezanoni.com.br\/2019\/wp-json\/wp\/v2\/posts\/39939","targetHints":{"allow":["GET"]}}],"collection":[{"href":"https:\/\/jorgezanoni.com.br\/2019\/wp-json\/wp\/v2\/posts"}],"about":[{"href":"https:\/\/jorgezanoni.com.br\/2019\/wp-json\/wp\/v2\/types\/post"}],"author":[{"embeddable":true,"href":"https:\/\/jorgezanoni.com.br\/2019\/wp-json\/wp\/v2\/users\/1"}],"replies":[{"embeddable":true,"href":"https:\/\/jorgezanoni.com.br\/2019\/wp-json\/wp\/v2\/comments?post=39939"}],"version-history":[{"count":0,"href":"https:\/\/jorgezanoni.com.br\/2019\/wp-json\/wp\/v2\/posts\/39939\/revisions"}],"wp:featuredmedia":[{"embeddable":true,"href":"https:\/\/jorgezanoni.com.br\/2019\/wp-json\/wp\/v2\/media\/39940"}],"wp:attachment":[{"href":"https:\/\/jorgezanoni.com.br\/2019\/wp-json\/wp\/v2\/media?parent=39939"}],"wp:term":[{"taxonomy":"category","embeddable":true,"href":"https:\/\/jorgezanoni.com.br\/2019\/wp-json\/wp\/v2\/categories?post=39939"},{"taxonomy":"post_tag","embeddable":true,"href":"https:\/\/jorgezanoni.com.br\/2019\/wp-json\/wp\/v2\/tags?post=39939"}],"curies":[{"name":"wp","href":"https:\/\/api.w.org\/{rel}","templated":true}]}}