{"id":39908,"date":"2020-12-07T00:07:24","date_gmt":"2020-12-07T00:07:24","guid":{"rendered":"https:\/\/jorgezanoni.com.br\/2019\/?p=39908"},"modified":"2020-12-07T00:07:24","modified_gmt":"2020-12-07T00:07:24","slug":"fundec-se-prepara-para-retorno-das-aulas-de-suas-unidades-escolares-em-2021","status":"publish","type":"post","link":"https:\/\/jorgezanoni.com.br\/2019\/fundec-se-prepara-para-retorno-das-aulas-de-suas-unidades-escolares-em-2021\/","title":{"rendered":"Fundec se prepara para retorno das aulas de suas unidades escolares em 2021"},"content":{"rendered":"<p dir=\"ltr\" style=\"text-align: justify;\">A Fundec (Funda\u00e7\u00e3o Dracenense de Educa\u00e7\u00e3o e Cultura) est\u00e1 se preparando para o retorno \u00e0s aulas do Anglo-CID, CEP\/UME e Unifadra para o ano letivo de 2021. A institui\u00e7\u00e3o tem monitorado a evolu\u00e7\u00e3o da pandemia, seguindo as orienta\u00e7\u00f5es educacionais e sanit\u00e1rias vindas do Governo Federal, do Governo do Estado de S\u00e3o Paulo e do Governo Municipal.<br \/>\nAs equipes pedag\u00f3gicas, dire\u00e7\u00f5es e as coordena\u00e7\u00f5es est\u00e3o trabalhando no planejamento das atividades necess\u00e1rias para esse retorno, envolvendo o calend\u00e1rio acad\u00eamico do pr\u00f3ximo ano letivo, atribui\u00e7\u00e3o de aulas, semana de planejamento, capacita\u00e7\u00f5es, eventos, entre outros.<\/p>\n<p dir=\"ltr\" style=\"text-align: justify;\">Os docentes participar\u00e3o de reuni\u00f5es e capacita\u00e7\u00f5es durante o planejamento pedag\u00f3gico, proporcionado-lhes novos conhecimentos para dar continuidade ao trabalho que j\u00e1 vem sendo realizado, sempre prezando pela qualidade.<\/p>\n<p dir=\"ltr\" style=\"text-align: justify;\">Neste ano de 2020, a equipe da Fundec passou por v\u00e1rias capacita\u00e7\u00f5es, principalmente por oficinas focadas em quest\u00f5es pedag\u00f3gicas e novas ferramentas tecnol\u00f3gicas, pertencentes ao pacote Google for Education, que no final deste ano, seguindo a vis\u00e3o de futuro da Fundec, passou a ser Google for Education Enterprise, englobando ainda mais recursos, ferramentas e capacita\u00e7\u00f5es.<br \/>\nCom a possibilidade de retorno \u00e0s atividades presenciais dos ciclos dos anos iniciais, anos finais e ensino m\u00e9dio do Col\u00e9gio Anglo-CID, os alunos poder\u00e3o ser acolhidos e recepcionados de forma gradativa e em dias diferenciados, a fim de que esse retorno seja tranquilo e seguro para todos. No entanto, o Col\u00e9gio ainda aguarda as determina\u00e7\u00f5es e autoriza\u00e7\u00f5es do Governo do Estado de S\u00e3o Paulo e Minist\u00e9rio da Educa\u00e7\u00e3o para 2021.<br \/>\nA diretora do Anglo-CID Profa. Eul\u00e1lia Pires Fava disse que &#8220;Toda a equipe Anglo-CID se sente grata pelo ano letivo de 2020 que, apesar de toda a situa\u00e7\u00e3o at\u00edpica que ainda estamos vivenciando, destacou a grande import\u00e2ncia da parceria com os familiares. Ficou ainda mais evidente que esse trip\u00e9 aluno-fam\u00edlia-escola fez e faz toda a diferen\u00e7a no processo de ensino-aprendizagem, seja presencial ou on-line. Estamos ainda mais confiantes e fortes para a poss\u00edvel\u00a0 retomada das atividades presenciais.&#8221;<\/p>\n<p dir=\"ltr\" style=\"text-align: justify;\">No CEP\/UME, os alunos veteranos dos cursos t\u00e9cnicos em Est\u00e9tica e em Enfermagem iniciar\u00e3o suas aulas no dia 1\u00ba de fevereiro. As turmas ingressantes iniciar\u00e3o as aulas em 17 de fevereiro.<br \/>\nA diretora do CEP\/UME Profa. Julia Portari acredita que a capacita\u00e7\u00e3o e a experi\u00eancia no uso de tecnologias digitais ter\u00e3o um impacto muito positivo no retorno, tanto nas aulas presenciais quanto remotas. &#8220;Assim, o processo ensino-aprendizagem fluir\u00e1 de forma tranquila.&#8221;<br \/>\nOs alunos veteranos dos cursos da Unifadra (An\u00e1lise e Desenvolvimento de Sistemas, Educa\u00e7\u00e3o F\u00edsica, Enfermagem,\u00a0 Pedagogia, Psicologia e Medicina) iniciar\u00e3o suas atividades no dia 1\u00ba de fevereiro. J\u00e1 os ingressantes dos cursos noturnos iniciar\u00e3o no dia 17 de fevereiro, e do curso de Medicina (diurno), no dia 22 de fevereiro.<\/p>\n<p dir=\"ltr\" style=\"text-align: justify;\">Garbelini ressaltou que a expectativa para o pr\u00f3ximo ano letivo \u00e9 grande, visto que neste ano, mesmo em meio \u00e0s adversidades causadas pela pandemia, tanto professores quanto alunos estavam empenhados em ensinar e aprender, mostrando que n\u00e3o \u00e9 necess\u00e1rio cessar com as atividades e que a tecnologia veio para nos auxiliar cada vez mais neste processo de ensino-aprendizagem.<\/p>\n<p dir=\"ltr\" style=\"text-align: justify;\">Todas as possibilidades est\u00e3o sendo analisadas e cogitadas pelas dire\u00e7\u00f5es e coordena\u00e7\u00f5es das unidades escolares mantidas, desde o retorno presencial gradativo e parcial, como tamb\u00e9m o retorno total dos estudantes, assim como, manter-se a mesma estrat\u00e9gia de isolamento com aulas on-line e metodologias h\u00edbridas de ensino. Estaremos prontos para quaisquer medidas e decis\u00f5es adotadas pelos governos federal, estadual e municipal.<\/p>\n<p dir=\"ltr\" style=\"text-align: justify;\">Foto: Enio Garbelini (diretor Unifadra), Julia Portari (diretora CEP\/UME), Eul\u00e1lia Fava (diretora Anglo-CID) e Edson Kai (diretor executivo da Fundec).<span id=\"gmail-docs-internal-guid-61792f17-7fff-a4a7-010e-68eb303ac6f7\"><\/span><\/p>\n<div class=\"gmail_signature\" dir=\"ltr\">\n<div dir=\"ltr\" style=\"text-align: justify;\">Carolina Colnago<br \/>\nAssistente de Comunica\u00e7\u00e3o<br \/>\nFunda\u00e7\u00e3o Dracenense de Educa\u00e7\u00e3o e Cultura<\/div>\n<\/div>\n","protected":false},"excerpt":{"rendered":"<p>A Fundec (Funda\u00e7\u00e3o Dracenense de Educa\u00e7\u00e3o e Cultura) est\u00e1 se preparando para o retorno \u00e0s aulas do Anglo-CID, CEP\/UME e Unifadra para o ano letivo de 2021. A institui\u00e7\u00e3o tem monitorado a evolu\u00e7\u00e3o da pandemia, seguindo as orienta\u00e7\u00f5es educacionais e sanit\u00e1rias vindas do Governo Federal, do Governo do Estado de S\u00e3o Paulo e do Governo [&hellip;]<\/p>\n","protected":false},"author":1,"featured_media":39909,"comment_status":"closed","ping_status":"open","sticky":false,"template":"","format":"standard","meta":{"footnotes":""},"categories":[122],"tags":[],"class_list":["post-39908","post","type-post","status-publish","format-standard","has-post-thumbnail","hentry","category-saudeeducacaoeconcurso"],"_links":{"self":[{"href":"https:\/\/jorgezanoni.com.br\/2019\/wp-json\/wp\/v2\/posts\/39908","targetHints":{"allow":["GET"]}}],"collection":[{"href":"https:\/\/jorgezanoni.com.br\/2019\/wp-json\/wp\/v2\/posts"}],"about":[{"href":"https:\/\/jorgezanoni.com.br\/2019\/wp-json\/wp\/v2\/types\/post"}],"author":[{"embeddable":true,"href":"https:\/\/jorgezanoni.com.br\/2019\/wp-json\/wp\/v2\/users\/1"}],"replies":[{"embeddable":true,"href":"https:\/\/jorgezanoni.com.br\/2019\/wp-json\/wp\/v2\/comments?post=39908"}],"version-history":[{"count":0,"href":"https:\/\/jorgezanoni.com.br\/2019\/wp-json\/wp\/v2\/posts\/39908\/revisions"}],"wp:featuredmedia":[{"embeddable":true,"href":"https:\/\/jorgezanoni.com.br\/2019\/wp-json\/wp\/v2\/media\/39909"}],"wp:attachment":[{"href":"https:\/\/jorgezanoni.com.br\/2019\/wp-json\/wp\/v2\/media?parent=39908"}],"wp:term":[{"taxonomy":"category","embeddable":true,"href":"https:\/\/jorgezanoni.com.br\/2019\/wp-json\/wp\/v2\/categories?post=39908"},{"taxonomy":"post_tag","embeddable":true,"href":"https:\/\/jorgezanoni.com.br\/2019\/wp-json\/wp\/v2\/tags?post=39908"}],"curies":[{"name":"wp","href":"https:\/\/api.w.org\/{rel}","templated":true}]}}