{"id":39898,"date":"2020-12-06T23:17:16","date_gmt":"2020-12-06T23:17:16","guid":{"rendered":"https:\/\/jorgezanoni.com.br\/2019\/?p=39898"},"modified":"2020-12-06T23:17:16","modified_gmt":"2020-12-06T23:17:16","slug":"fundec-inaugura-revitalizacao-estrutural-e-laboratorio-de-habilidades-cirurgicas","status":"publish","type":"post","link":"https:\/\/jorgezanoni.com.br\/2019\/fundec-inaugura-revitalizacao-estrutural-e-laboratorio-de-habilidades-cirurgicas\/","title":{"rendered":"Fundec inaugura revitaliza\u00e7\u00e3o estrutural e Laborat\u00f3rio de Habilidades Cir\u00fargicas"},"content":{"rendered":"<p dir=\"ltr\" style=\"text-align: justify;\"><strong>Fundec inaugura revitaliza\u00e7\u00e3o estrutural e Laborat\u00f3rio de Habilidades Cir\u00fargicas<\/strong><br \/>\n<strong>Evento de inaugura\u00e7\u00e3o ser\u00e1 realizado nesta segunda-feira, dia 7, fazendo parte das comemora\u00e7\u00f5es dos 75 anos de Dracena.<\/strong><\/p>\n<p dir=\"ltr\" style=\"text-align: justify;\">Ap\u00f3s mais de 50 anos, a Fundec reestiliza a entrada de sua faculdade com um visual mais moderno e harm\u00f4nico, que simboliza a revitaliza\u00e7\u00e3o estrutural f\u00edsica, pedag\u00f3gica e de infraestrutura que vem realizando ao longo dos anos em suas unidades escolares mantidas.<br \/>\nComo parte das celebra\u00e7\u00f5es do anivers\u00e1rio de Dracena, a Fundec presenteia a cidade, nesta segunda-feira, dia 7 de dezembro, com a inaugura\u00e7\u00e3o oficial da revitaliza\u00e7\u00e3o estrutural f\u00edsica externa da Unifadra e do Laborat\u00f3rio de Habilidades Cir\u00fargicas &#8220;Dr. Haroldo Deponte&#8221;.<\/p>\n<p dir=\"ltr\" style=\"text-align: justify;\">Sempre acompanhando as mudan\u00e7as educacionais, a Fundec tem dado passos importantes e cont\u00ednuos para trazer cada vez mais qualidade ao seu ensino. Suas escolas mantidas Anglo-CID, CEP\/UME e Unifadra est\u00e3o na busca constante de inova\u00e7\u00f5es pedag\u00f3gicas e trazendo cada vez mais tecnologias para a educa\u00e7\u00e3o.<br \/>\nUma revitaliza\u00e7\u00e3o escolar vai muito al\u00e9m de tijolos. Como em nossas vidas, come\u00e7amos as transforma\u00e7\u00f5es de dentro para fora. Desta forma, a Fundec iniciou a revitaliza\u00e7\u00e3o de suas escolas com inova\u00e7\u00f5es pedag\u00f3gicas, inser\u00e7\u00e3o de metodologias ativas de ensino e aquisi\u00e7\u00e3o de plataformas digitais, que hoje refletem a sua revitaliza\u00e7\u00e3o estrutural.<br \/>\nA soma de estrutura com inova\u00e7\u00f5es no ensino resulta na Fundec do s\u00e9culo XXI, que est\u00e1 trazendo aos estudantes uma forma\u00e7\u00e3o de qualidade, com preparo incompar\u00e1vel para o mercado de trabalho.<br \/>\nO diretor executivo da Fundec Edson Hissatomi Kai destacou que a Fundec, por meio de suas unidades mantidas, vem se preparando e se adequando ao longo dos anos para as transforma\u00e7\u00f5es t\u00e3o necess\u00e1rias \u00e0 Educa\u00e7\u00e3o, cujas mudan\u00e7as j\u00e1 eram sentidas desde o final do s\u00e9culo passado.<\/p>\n<p dir=\"ltr\" style=\"text-align: justify;\">O diretor acad\u00eamico da Unifadra Prof. Dr. Enio Garbelini ressaltou que essa revitaliza\u00e7\u00e3o estrutural trar\u00e1 um ar mais moderno para Unifadra, vindo ao encontro da reestrutura\u00e7\u00e3o pedag\u00f3gica e de infraestrutura que vem ocorrendo na Institui\u00e7\u00e3o.<br \/>\nA diretora do CEP\/UME Profa. Julia Portari enfatizou que essa reestrutura\u00e7\u00e3o retrata o resultado da busca incessante de aperfei\u00e7oamento e de ferramentas pedag\u00f3gicas modernas para oferecer uma forma\u00e7\u00e3o s\u00f3lida e de excel\u00eancia.<br \/>\nA diretora do Col\u00e9gio Anglo-CID Profa. Eul\u00e1lia Pires Fava destacou que o perfil da Fundec \u00e9 de uma institui\u00e7\u00e3o que busca incansavelmente a excel\u00eancia de qualidade. Essa revitaliza\u00e7\u00e3o ocorre em um momento oportuno e comprova mais uma vez que a Fundec est\u00e1 sempre \u00e0 frente\u00a0 de seu tempo. Esses novos espa\u00e7os trar\u00e3o mais conforto e seguran\u00e7a para alunos, colaboradores, comunidade local e visitantes.<\/p>\n<p dir=\"ltr\" style=\"text-align: justify;\">A institui\u00e7\u00e3o iniciou sua revitaliza\u00e7\u00e3o estrutural f\u00edsica externa pela entrada da Unifadra e pela constru\u00e7\u00e3o do bloco que abriga o Laborat\u00f3rio de Habilidades Cir\u00fargicas &#8220;Dr. Haroldo Deponte&#8221;, uma homenagem p\u00f3stuma ao m\u00e9dico e docente do curso de Medicina da Unifadra.<\/p>\n<p dir=\"ltr\" style=\"text-align: justify;\">A nova entrada da Unifadra foi projetada pelo engenheiro Bruno Galina, trazendo um ambiente moderno, funcional e agrad\u00e1vel \u00e0queles que usufruem do espa\u00e7o.<\/p>\n<p dir=\"ltr\" style=\"text-align: justify;\">O presidente do Conselho de Curadores da Fundec Paulo S\u00e9rgio Peres ressaltou que, com a revitaliza\u00e7\u00e3o estrutural, a institui\u00e7\u00e3o prestigia o que tem de mais precioso, que s\u00e3o os colaboradores, professores, alunos, ou seja, aqueles que aqui convivem. &#8220;Tenho\u00a0 certeza que um espa\u00e7o agrad\u00e1vel como este facilitar\u00e1 o cumprimento de nossa miss\u00e3o que \u00e9: &#8216;Educar e qualificar pessoas em todos os n\u00edveis, com qualidade e responsabilidade social'&#8221;, concluiu Paulo Peres.<\/p>\n<p dir=\"ltr\" style=\"text-align: justify;\">Na segunda-feira, dia 7, as ruas Bahia e Macei\u00f3, pr\u00f3ximas \u00e0 Institui\u00e7\u00e3o, estar\u00e3o interditadas para estacionamento nas vias p\u00fablicas, das 6h \u00e0s 11h, para a solenidade da Fundec.<\/p>\n<p dir=\"ltr\" style=\"text-align: justify;\">Nos pr\u00f3ximos anos, as demais unidades escolares e o pr\u00e9dio administrativo da Fundec tamb\u00e9m passar\u00e3o por reformas estruturais f\u00edsicas externas.<span id=\"m_-3520891100927194104m_9177971400149767843gmail-docs-internal-guid-93e66859-7fff-8262-8c2a-67d01e6658f5\"><\/span><\/p>\n<p dir=\"ltr\"><img loading=\"lazy\" decoding=\"async\" class=\"alignnone size-full wp-image-39899\" src=\"https:\/\/jorgezanoni.com.br\/2019\/wp-content\/uploads\/2020\/12\/fundec-1.jpg\" alt=\"\" width=\"1280\" height=\"960\" srcset=\"https:\/\/jorgezanoni.com.br\/2019\/wp-content\/uploads\/2020\/12\/fundec-1.jpg 1280w, https:\/\/jorgezanoni.com.br\/2019\/wp-content\/uploads\/2020\/12\/fundec-1-300x225.jpg 300w, https:\/\/jorgezanoni.com.br\/2019\/wp-content\/uploads\/2020\/12\/fundec-1-1024x768.jpg 1024w, https:\/\/jorgezanoni.com.br\/2019\/wp-content\/uploads\/2020\/12\/fundec-1-768x576.jpg 768w, https:\/\/jorgezanoni.com.br\/2019\/wp-content\/uploads\/2020\/12\/fundec-1-80x60.jpg 80w, https:\/\/jorgezanoni.com.br\/2019\/wp-content\/uploads\/2020\/12\/fundec-1-265x198.jpg 265w, https:\/\/jorgezanoni.com.br\/2019\/wp-content\/uploads\/2020\/12\/fundec-1-696x522.jpg 696w, https:\/\/jorgezanoni.com.br\/2019\/wp-content\/uploads\/2020\/12\/fundec-1-1068x801.jpg 1068w, https:\/\/jorgezanoni.com.br\/2019\/wp-content\/uploads\/2020\/12\/fundec-1-560x420.jpg 560w\" sizes=\"auto, (max-width: 1280px) 100vw, 1280px\" \/> <img loading=\"lazy\" decoding=\"async\" class=\"alignnone size-full wp-image-39900\" src=\"https:\/\/jorgezanoni.com.br\/2019\/wp-content\/uploads\/2020\/12\/fundec1-1.jpg\" alt=\"\" width=\"1280\" height=\"960\" srcset=\"https:\/\/jorgezanoni.com.br\/2019\/wp-content\/uploads\/2020\/12\/fundec1-1.jpg 1280w, https:\/\/jorgezanoni.com.br\/2019\/wp-content\/uploads\/2020\/12\/fundec1-1-300x225.jpg 300w, https:\/\/jorgezanoni.com.br\/2019\/wp-content\/uploads\/2020\/12\/fundec1-1-1024x768.jpg 1024w, https:\/\/jorgezanoni.com.br\/2019\/wp-content\/uploads\/2020\/12\/fundec1-1-768x576.jpg 768w, https:\/\/jorgezanoni.com.br\/2019\/wp-content\/uploads\/2020\/12\/fundec1-1-80x60.jpg 80w, https:\/\/jorgezanoni.com.br\/2019\/wp-content\/uploads\/2020\/12\/fundec1-1-265x198.jpg 265w, https:\/\/jorgezanoni.com.br\/2019\/wp-content\/uploads\/2020\/12\/fundec1-1-696x522.jpg 696w, https:\/\/jorgezanoni.com.br\/2019\/wp-content\/uploads\/2020\/12\/fundec1-1-1068x801.jpg 1068w, https:\/\/jorgezanoni.com.br\/2019\/wp-content\/uploads\/2020\/12\/fundec1-1-560x420.jpg 560w\" sizes=\"auto, (max-width: 1280px) 100vw, 1280px\" \/> <img loading=\"lazy\" decoding=\"async\" class=\"alignnone size-full wp-image-39901\" src=\"https:\/\/jorgezanoni.com.br\/2019\/wp-content\/uploads\/2020\/12\/fundec2.jpg\" alt=\"\" width=\"800\" height=\"450\" srcset=\"https:\/\/jorgezanoni.com.br\/2019\/wp-content\/uploads\/2020\/12\/fundec2.jpg 800w, https:\/\/jorgezanoni.com.br\/2019\/wp-content\/uploads\/2020\/12\/fundec2-300x169.jpg 300w, https:\/\/jorgezanoni.com.br\/2019\/wp-content\/uploads\/2020\/12\/fundec2-768x432.jpg 768w, https:\/\/jorgezanoni.com.br\/2019\/wp-content\/uploads\/2020\/12\/fundec2-696x392.jpg 696w, https:\/\/jorgezanoni.com.br\/2019\/wp-content\/uploads\/2020\/12\/fundec2-747x420.jpg 747w\" sizes=\"auto, (max-width: 800px) 100vw, 800px\" \/> <img loading=\"lazy\" decoding=\"async\" class=\"alignnone size-full wp-image-39902\" src=\"https:\/\/jorgezanoni.com.br\/2019\/wp-content\/uploads\/2020\/12\/fundec3.jpg\" alt=\"\" width=\"800\" height=\"450\" srcset=\"https:\/\/jorgezanoni.com.br\/2019\/wp-content\/uploads\/2020\/12\/fundec3.jpg 800w, https:\/\/jorgezanoni.com.br\/2019\/wp-content\/uploads\/2020\/12\/fundec3-300x169.jpg 300w, https:\/\/jorgezanoni.com.br\/2019\/wp-content\/uploads\/2020\/12\/fundec3-768x432.jpg 768w, https:\/\/jorgezanoni.com.br\/2019\/wp-content\/uploads\/2020\/12\/fundec3-696x392.jpg 696w, https:\/\/jorgezanoni.com.br\/2019\/wp-content\/uploads\/2020\/12\/fundec3-747x420.jpg 747w\" sizes=\"auto, (max-width: 800px) 100vw, 800px\" \/> <img loading=\"lazy\" decoding=\"async\" class=\"alignnone size-full wp-image-39903\" src=\"https:\/\/jorgezanoni.com.br\/2019\/wp-content\/uploads\/2020\/12\/fundec4.jpg\" alt=\"\" width=\"800\" height=\"388\" srcset=\"https:\/\/jorgezanoni.com.br\/2019\/wp-content\/uploads\/2020\/12\/fundec4.jpg 800w, https:\/\/jorgezanoni.com.br\/2019\/wp-content\/uploads\/2020\/12\/fundec4-300x146.jpg 300w, https:\/\/jorgezanoni.com.br\/2019\/wp-content\/uploads\/2020\/12\/fundec4-768x372.jpg 768w, https:\/\/jorgezanoni.com.br\/2019\/wp-content\/uploads\/2020\/12\/fundec4-696x338.jpg 696w\" sizes=\"auto, (max-width: 800px) 100vw, 800px\" \/><\/p>\n<div>\n<div style=\"text-align: justify;\"><b>Carolina Colnago<\/b><\/div>\n<div dir=\"ltr\">\n<div dir=\"ltr\" style=\"text-align: justify;\"><b>Assistente de Comunica\u00e7\u00e3o\u00a0<\/b><br \/>\n<b>Funda\u00e7\u00e3o Dracenense de Educa\u00e7\u00e3o e Cultura<\/b><\/div>\n<\/div>\n<\/div>\n","protected":false},"excerpt":{"rendered":"<p>Fundec inaugura revitaliza\u00e7\u00e3o estrutural e Laborat\u00f3rio de Habilidades Cir\u00fargicas Evento de inaugura\u00e7\u00e3o ser\u00e1 realizado nesta segunda-feira, dia 7, fazendo parte das comemora\u00e7\u00f5es dos 75 anos de Dracena. Ap\u00f3s mais de 50 anos, a Fundec reestiliza a entrada de sua faculdade com um visual mais moderno e harm\u00f4nico, que simboliza a revitaliza\u00e7\u00e3o estrutural f\u00edsica, pedag\u00f3gica e [&hellip;]<\/p>\n","protected":false},"author":1,"featured_media":39902,"comment_status":"closed","ping_status":"open","sticky":false,"template":"","format":"standard","meta":{"footnotes":""},"categories":[110,122],"tags":[],"class_list":["post-39898","post","type-post","status-publish","format-standard","has-post-thumbnail","hentry","category-noticiasdestaque","category-saudeeducacaoeconcurso"],"_links":{"self":[{"href":"https:\/\/jorgezanoni.com.br\/2019\/wp-json\/wp\/v2\/posts\/39898","targetHints":{"allow":["GET"]}}],"collection":[{"href":"https:\/\/jorgezanoni.com.br\/2019\/wp-json\/wp\/v2\/posts"}],"about":[{"href":"https:\/\/jorgezanoni.com.br\/2019\/wp-json\/wp\/v2\/types\/post"}],"author":[{"embeddable":true,"href":"https:\/\/jorgezanoni.com.br\/2019\/wp-json\/wp\/v2\/users\/1"}],"replies":[{"embeddable":true,"href":"https:\/\/jorgezanoni.com.br\/2019\/wp-json\/wp\/v2\/comments?post=39898"}],"version-history":[{"count":0,"href":"https:\/\/jorgezanoni.com.br\/2019\/wp-json\/wp\/v2\/posts\/39898\/revisions"}],"wp:featuredmedia":[{"embeddable":true,"href":"https:\/\/jorgezanoni.com.br\/2019\/wp-json\/wp\/v2\/media\/39902"}],"wp:attachment":[{"href":"https:\/\/jorgezanoni.com.br\/2019\/wp-json\/wp\/v2\/media?parent=39898"}],"wp:term":[{"taxonomy":"category","embeddable":true,"href":"https:\/\/jorgezanoni.com.br\/2019\/wp-json\/wp\/v2\/categories?post=39898"},{"taxonomy":"post_tag","embeddable":true,"href":"https:\/\/jorgezanoni.com.br\/2019\/wp-json\/wp\/v2\/tags?post=39898"}],"curies":[{"name":"wp","href":"https:\/\/api.w.org\/{rel}","templated":true}]}}