{"id":39853,"date":"2020-12-05T20:30:46","date_gmt":"2020-12-05T20:30:46","guid":{"rendered":"https:\/\/jorgezanoni.com.br\/2019\/?p=39853"},"modified":"2020-12-05T20:33:36","modified_gmt":"2020-12-05T20:33:36","slug":"moradores-de-presidente-prudente-trabalham-para-recuperar-os-estragos-causados-por-temporal","status":"publish","type":"post","link":"https:\/\/jorgezanoni.com.br\/2019\/moradores-de-presidente-prudente-trabalham-para-recuperar-os-estragos-causados-por-temporal\/","title":{"rendered":"Moradores de Presidente Prudente trabalham para recuperar os estragos causados por temporal"},"content":{"rendered":"<h2 class=\"content-head__subtitle\" style=\"text-align: justify;\"><strong>Climatologista alerta que o tempo deve permanecer chuvoso no Oeste Paulista at\u00e9 a pr\u00f3xima segunda-feira (7).<\/strong><\/h2>\n<div class=\"mc-column content-text active-extra-styles \" data-block-type=\"unstyled\" data-block-weight=\"28\" data-block-id=\"2\">\n<p class=\"content-text__container \" style=\"text-align: justify;\" data-track-category=\"Link no Texto\" data-track-links=\"\">Moradores de\u00a0<a href=\"https:\/\/g1.globo.com\/sp\/presidente-prudente-regiao\/cidade\/presidente-prudente\/\">Presidente Prudente<\/a>\u00a0trabalham neste s\u00e1bado (5) na contabiliza\u00e7\u00e3o dos preju\u00edzos e na recupera\u00e7\u00e3o dos estragos causados pelo temporal que caiu sobre a cidade na sexta-feira (4).<\/p>\n<\/div>\n<div class=\"wall protected-content\">\n<div class=\"mc-column content-text active-extra-styles \" style=\"text-align: justify;\" data-block-type=\"unstyled\" data-block-weight=\"10\" data-block-id=\"3\">\n<p class=\"content-text__container \" data-track-category=\"Link no Texto\" data-track-links=\"\">Foram registrados diversos pontos de alagamentos, desabamentos, inunda\u00e7\u00f5es e destelhamentos.<\/p>\n<\/div>\n<div class=\"mc-column content-text active-extra-styles \" style=\"text-align: justify;\" data-block-type=\"unstyled\" data-block-weight=\"17\" data-block-id=\"4\">\n<p class=\"content-text__container \" data-track-category=\"Link no Texto\" data-track-links=\"\">Funcion\u00e1rios da Companhia Prudentina de Desenvolvimento (Prudenco) e da Defesa Civil tamb\u00e9m atuam nas frentes de trabalho.<\/p>\n<\/div>\n<div class=\"mc-column content-text active-extra-styles \" style=\"text-align: justify;\" data-block-type=\"unstyled\" data-block-weight=\"10\" data-block-id=\"5\">\n<p class=\"content-text__container \" data-track-category=\"Link no Texto\" data-track-links=\"\">Equipes da Prefeitura realizam atividades de limpeza e de rescaldo.<\/p>\n<\/div>\n<div class=\"mc-column content-text active-extra-styles \" style=\"text-align: justify;\" data-block-type=\"unstyled\" data-block-weight=\"19\" data-block-id=\"6\">\n<p class=\"content-text__container \" data-track-category=\"Link no Texto\" data-track-links=\"\">Agentes da Defesa Civil realizam vistorias em locais prejudicados e prestam ajuda humanit\u00e1ria \u00e0 popula\u00e7\u00e3o que necessita de atendimento.<\/p>\n<\/div>\n<div class=\"mc-column content-text active-extra-styles \" style=\"text-align: justify;\" data-block-type=\"unstyled\" data-block-weight=\"14\" data-block-id=\"7\">\n<p class=\"content-text__container \" data-track-category=\"Link no Texto\" data-track-links=\"\">Um dos pontos alagados foi o T\u00eanis Clube de Presidente Prudente, no Jardim Paulista.<\/p>\n<\/div>\n<div class=\"mc-column content-text active-extra-styles \" style=\"text-align: justify;\" data-block-type=\"unstyled\" data-block-weight=\"17\" data-block-id=\"8\">\n<p class=\"content-text__container \" data-track-category=\"Link no Texto\" data-track-links=\"\">Na Avenida Washington Luiz, em frente ao clube, carros chegaram a ser arrastados pela for\u00e7a da enxurrada.<\/p>\n<\/div>\n<div class=\"mc-column content-text active-extra-styles \" style=\"text-align: justify;\" data-block-type=\"unstyled\" data-block-weight=\"15\" data-block-id=\"9\">\n<p class=\"content-text__container \" data-track-category=\"Link no Texto\" data-track-links=\"\">No Parque do Povo,\u00a0<a href=\"https:\/\/g1.globo.com\/sp\/presidente-prudente-regiao\/noticia\/2020\/12\/04\/temporal-afeta-parque-do-povo-e-provoca-pontos-de-alagamentos-em-presidente-prudente.ghtml\">houve alagamentos nas avenidas 11 de Maio e 14 de Setembro<\/a>.<\/p>\n<\/div>\n<div class=\"mc-column content-text active-extra-styles\" style=\"text-align: justify;\" data-block-type=\"raw\" data-block-weight=\"13\" data-block-id=\"10\">\n<ul class=\"content-unordered-list\">\n<li><a href=\"https:\/\/g1.globo.com\/sp\/presidente-prudente-regiao\/noticia\/2020\/12\/04\/temporal-afeta-parque-do-povo-e-provoca-pontos-de-alagamentos-em-presidente-prudente.ghtml\">Temporal afeta Parque do Povo e provoca pontos de alagamentos em Presidente Prudente<\/a><\/li>\n<\/ul>\n<\/div>\n<div class=\"mc-column content-text active-extra-styles \" style=\"text-align: justify;\" data-block-type=\"unstyled\" data-block-weight=\"15\" data-block-id=\"11\">\n<p class=\"content-text__container \" data-track-category=\"Link no Texto\" data-track-links=\"\">Na Vila Charlote, houve o desabamento de um muro da Escola Municipal Jo\u00e3o Sebasti\u00e3o Lisboa.<\/p>\n<\/div>\n<div class=\"mc-column content-text active-extra-styles \" style=\"text-align: justify;\" data-block-type=\"unstyled\" data-block-weight=\"28\" data-block-id=\"12\">\n<p class=\"content-text__container \" data-track-category=\"Link no Texto\" data-track-links=\"\">Na Vila Santa Helena, partes da parede de conten\u00e7\u00e3o da canaliza\u00e7\u00e3o do C\u00f3rrego do Veado e da grade met\u00e1lica de prote\u00e7\u00e3o da Pra\u00e7a Oscar Figueiredo Filho tamb\u00e9m desabaram.<\/p>\n<\/div>\n<div class=\"mc-column content-text active-extra-styles \" style=\"text-align: justify;\" data-block-type=\"unstyled\" data-block-weight=\"18\" data-block-id=\"13\">\n<p class=\"content-text__container \" data-track-category=\"Link no Texto\" data-track-links=\"\">A Coordenadoria Municipal de Prote\u00e7\u00e3o e Defesa Civil (Compdec) divulgou um boletim com o registro das ocorr\u00eancias de:<\/p>\n<\/div>\n<div class=\"content-ads content-ads--reveal\" style=\"text-align: justify;\" data-block-type=\"ads\" data-block-id=\"14\">\n<div id=\"banner_materia2\" class=\"tag-manager-publicidade-container mc-has-reveal mc-has-ad-lazyload\" data-id=\"banner_materia2\"><\/div>\n<\/div>\n<div class=\"mc-column content-text active-extra-styles\" style=\"text-align: justify;\" data-block-type=\"raw\" data-block-weight=\"121\" data-block-id=\"15\">\n<ul class=\"content-unordered-list\">\n<li>inunda\u00e7\u00e3o do T\u00eanis Clube de Presidente Prudente, no Jardim Paulista;<\/li>\n<li>queda de muro e alagamento de resid\u00eancia, na Rua Bernardino de Sena Filho, no Parque Alvorada;<\/li>\n<li>queda de \u00e1rvore sobre a via, na Rua Manoel S\u00f3stenes Gomes, na Vila Jesus;<\/li>\n<li>alagamento de empresa, na Rua Marechal Floriano Peixoto, na Vila Marcondes;<\/li>\n<li>alagamento de vias, com preju\u00edzos no tr\u00e2nsito, no cruzamento entre as ruas Hygino Langhi e Armando Sales de Oliveira, no Parque S\u00e3o Judas Tadeu;<\/li>\n<li>alagamento de resid\u00eancia e queda de muro em dois im\u00f3veis na Rua Gast\u00e3o Vidigal, no Parque Furquim;<\/li>\n<li>queda de \u00e1rvore, na Avenida Comendador Hiroshi Yoshio, no Jardim Cai\u00e7ara; e<\/li>\n<li>um carro submerso no cruzamento da Rua Nestor Seabra com a Avenida Washington Luiz, no Jardim Paulista.<\/li>\n<\/ul>\n<\/div>\n<div class=\"mc-column content-text active-extra-styles \" data-block-type=\"unstyled\" data-block-weight=\"6\" data-block-id=\"16\">\n<p class=\"content-text__container \" style=\"text-align: justify;\" data-track-category=\"Link no Texto\" data-track-links=\"\">A Defesa Civil n\u00e3o registrou v\u00edtimas.<\/p>\n<div class=\"mc-column content-text active-extra-styles \" style=\"text-align: justify;\" data-block-type=\"unstyled\" data-block-weight=\"27\" data-block-id=\"18\">\n<p class=\"content-text__container \" data-track-category=\"Link no Texto\" data-track-links=\"\">De acordo com o climatologista Vagner Camarini, o volume de chuva foi de 50 mil\u00edmetros nas \u00faltimas 24h e chegaram a ocorrer rajadas de vento de 70km\/h.<\/p>\n<\/div>\n<div class=\"mc-column content-text active-extra-styles \" style=\"text-align: justify;\" data-block-type=\"unstyled\" data-block-weight=\"79\" data-block-id=\"19\">\n<p class=\"content-text__container \" data-track-category=\"Link no Texto\" data-track-links=\"\">\u201cDezembro come\u00e7ou com muita chuva. S\u00f3 nesses primeiros dias do m\u00eas j\u00e1 choveu 50% do que era esperado para o m\u00eas todo. Isso \u00e9 um bom sinal. J\u00e1 esper\u00e1vamos um m\u00eas chuvoso, mas com essas chuvas de agora provavelmente dezembro vai ultrapassar o esperado para o m\u00eas. Nas \u00faltimas 24 horas, totalizou 50 mil\u00edmetros de chuva aqui em Presidente Prudente, com maior pico de pluviosidade entre 18h e 19h, quando causou transtornos em alguns pontos da cidade\u201d, salientou Camarini.<\/p>\n<\/div>\n<div class=\"content-ads content-ads--reveal\" style=\"text-align: justify;\" data-block-type=\"ads\" data-block-id=\"20\">\n<div id=\"banner_materia__8b8bf36e-8315-47f0-ae7e-bdefc5d6f61d\" class=\"tag-manager-publicidade-container mc-has-reveal mc-has-ad-lazyload\" data-id=\"banner_materia__8b8bf36e-8315-47f0-ae7e-bdefc5d6f61d\"><\/div>\n<\/div>\n<div class=\"mc-column content-text active-extra-styles\" style=\"text-align: justify;\" data-block-type=\"raw\" data-block-weight=\"97\" data-block-id=\"21\">\n<blockquote class=\"content-blockquote theme-border-color-primary-before\"><p>\u201cMas essa chuva n\u00e3o foi geral. Apesar de ter chovido em praticamente toda a regi\u00e3o, em alguns pontos a chuva foi um pouco mais fraca, o volume um pouco menor. Ela foi provocada por uma associa\u00e7\u00e3o de fatores: as altas temperaturas que estavam atuando na regi\u00e3o; a aproxima\u00e7\u00e3o de uma frente fria que deve chegar aqui agora nesse final de semana; e um canal de umidade que tem trazido umidade da Amaz\u00f4nia para a nossa regi\u00e3o. Ent\u00e3o, a soma desses tr\u00eas fatores foi o que intensificou mais os volumes de chuva que est\u00e3o atuando\u201d, explicou o climatologista.<\/p><\/blockquote>\n<\/div>\n<div class=\"mc-column content-text active-extra-styles \" style=\"text-align: justify;\" data-block-type=\"unstyled\" data-block-weight=\"37\" data-block-id=\"22\">\n<p class=\"content-text__container \" data-track-category=\"Link no Texto\" data-track-links=\"\">\u201cIsso deve permanecer at\u00e9 a pr\u00f3xima segunda-feira [7], s\u00f3 que com volumes menores do que ocorreu no final da tarde de ontem [4]. Mas devemos ter chuvas ainda neste s\u00e1bado [5], domingo [6] e segunda [7]\u201d, concluiu.<\/p>\n<\/div>\n<div class=\"mc-column content-text active-extra-styles \" style=\"text-align: justify;\" data-block-type=\"unstyled\" data-block-weight=\"59\" data-block-id=\"23\">\n<p class=\"content-text__container \" data-track-category=\"Link no Texto\" data-track-links=\"\">De acordo com a Defesa Civil, a meteorologia prev\u00ea para a tarde deste s\u00e1bado (5) mais pancadas de chuva forte, com potencial para transtornos. No domingo (6), uma nova frente fria ajudar\u00e1 a forma\u00e7\u00e3o de chuva ao longo do dia\ufe0f. O \u00f3rg\u00e3o alerta que haver\u00e1 condi\u00e7\u00e3o para tempestades, que podem vir acompanhadas de rajadas de vento e descargas el\u00e9tricas\ufe0f.<\/p>\n<\/div>\n<div class=\"mc-column content-text active-extra-styles \" style=\"text-align: justify;\" data-block-type=\"unstyled\" data-block-weight=\"19\" data-block-id=\"24\">\n<p class=\"content-text__container \" data-track-category=\"Link no Texto\" data-track-links=\"\">A previs\u00e3o do tempo para este fim de semana em Presidente Prudente, segundo a Defesa Civil, \u00e9 a seguinte:<\/p>\n<\/div>\n<div class=\"mc-column content-text active-extra-styles\" style=\"text-align: justify;\" data-block-type=\"raw\" data-block-weight=\"24\" data-block-id=\"25\">\n<ul class=\"content-unordered-list\">\n<li><strong><span class=\"highlight highlighted\">S\u00e1bado (5)<\/span><\/strong><span class=\"highlight highlighted\">: pancadas de chuva (13mm). Temperatura: 22\u00b0C\/32\u00b0C. Umidade: 40%. Vento: 3km\/h.<\/span><\/li>\n<li><strong><span class=\"highlight highlighted\">Domingo (6)<\/span><\/strong><span class=\"highlight highlighted\">: pancadas de chuva (16mm). Temperatura: 20\u00b0C\/29\u00b0C. Umidade: 50%. Vento: 10km\/h.<\/span><\/li>\n<\/ul>\n<\/div>\n<div class=\"row medium-uncollapsed content-media content-photo\" style=\"text-align: justify;\" data-block-type=\"backstage-photo\" data-block-id=\"26\">\n<div class=\"mc-column content-media__container\">\n<figure><img decoding=\"async\" class=\"i-amphtml-fill-content i-amphtml-replaced-content\" src=\"https:\/\/s2.glbimg.com\/mSH4KIvU3g0CO4O9qzM6yB1Jd3s=\/0x0:1280x960\/984x0\/smart\/filters:strip_icc()\/i.s3.glbimg.com\/v1\/AUTH_59edd422c0c84a879bd37670ae4f538a\/internal_photos\/bs\/2020\/l\/h\/OvTk6fTbeI3meGA2vRqg\/def-10.jpeg\" sizes=\"(max-width: 1366px) 648px, 100vw\" srcset=\"https:\/\/s2.glbimg.com\/wTeYP5oDv0SCEIbSMr55XkWwt-c=\/0x0:1280x960\/1000x0\/smart\/filters:strip_icc()\/i.s3.glbimg.com\/v1\/AUTH_59edd422c0c84a879bd37670ae4f538a\/internal_photos\/bs\/2020\/l\/h\/OvTk6fTbeI3meGA2vRqg\/def-10.jpeg 1000w, https:\/\/s2.glbimg.com\/mSH4KIvU3g0CO4O9qzM6yB1Jd3s=\/0x0:1280x960\/984x0\/smart\/filters:strip_icc()\/i.s3.glbimg.com\/v1\/AUTH_59edd422c0c84a879bd37670ae4f538a\/internal_photos\/bs\/2020\/l\/h\/OvTk6fTbeI3meGA2vRqg\/def-10.jpeg 984w, https:\/\/s2.glbimg.com\/-39_4D7pnqwwDeubT1tap3vYlIg=\/0x0:1280x960\/640x0\/smart\/filters:strip_icc()\/i.s3.glbimg.com\/v1\/AUTH_59edd422c0c84a879bd37670ae4f538a\/internal_photos\/bs\/2020\/l\/h\/OvTk6fTbeI3meGA2vRqg\/def-10.jpeg 640w, https:\/\/s2.glbimg.com\/HU5bLYsyRGi1wAxCx1KcAomsavk=\/0x0:1280x960\/600x0\/smart\/filters:strip_icc()\/i.s3.glbimg.com\/v1\/AUTH_59edd422c0c84a879bd37670ae4f538a\/internal_photos\/bs\/2020\/l\/h\/OvTk6fTbeI3meGA2vRqg\/def-10.jpeg 600w\" alt=\"Carros foram arrastados pela for\u00e7a da \u00e1gua na Avenida Washington Luiz, em Presidente Prudente \u2014 Foto: Defesa Civil\" \/><\/figure>\n<p class=\"content-media__description \">Carros foram arrastados pela for\u00e7a da \u00e1gua na Avenida Washington Luiz, em Presidente Prudente \u2014 Foto: Defesa Civil<\/p>\n<\/div>\n<\/div>\n<div class=\"content-ads content-ads--reveal\" style=\"text-align: justify;\" data-block-type=\"ads\" data-block-id=\"27\">\n<div id=\"banner_materia__d5f20f88-95fb-4024-8d41-a426cfc01d3b\" class=\"tag-manager-publicidade-container mc-has-reveal mc-has-ad-lazyload\" data-id=\"banner_materia__d5f20f88-95fb-4024-8d41-a426cfc01d3b\"><\/div>\n<\/div>\n<div class=\"row medium-uncollapsed content-media content-photo\" style=\"text-align: justify;\" data-block-type=\"backstage-photo\" data-block-id=\"28\">\n<div class=\"mc-column content-media__container\">\n<figure><img decoding=\"async\" class=\"i-amphtml-fill-content i-amphtml-replaced-content\" src=\"https:\/\/s2.glbimg.com\/oogWDERigZlu3bEnpbyRi2xV9NM=\/0x0:1280x960\/984x0\/smart\/filters:strip_icc()\/i.s3.glbimg.com\/v1\/AUTH_59edd422c0c84a879bd37670ae4f538a\/internal_photos\/bs\/2020\/e\/w\/0NTs5UThiXk0lI2S2uAw\/def-11.jpeg\" sizes=\"(max-width: 1366px) 648px, 100vw\" srcset=\"https:\/\/s2.glbimg.com\/4uDgIF0YI4d43j0ii4ciFwy80tE=\/0x0:1280x960\/1000x0\/smart\/filters:strip_icc()\/i.s3.glbimg.com\/v1\/AUTH_59edd422c0c84a879bd37670ae4f538a\/internal_photos\/bs\/2020\/e\/w\/0NTs5UThiXk0lI2S2uAw\/def-11.jpeg 1000w, https:\/\/s2.glbimg.com\/oogWDERigZlu3bEnpbyRi2xV9NM=\/0x0:1280x960\/984x0\/smart\/filters:strip_icc()\/i.s3.glbimg.com\/v1\/AUTH_59edd422c0c84a879bd37670ae4f538a\/internal_photos\/bs\/2020\/e\/w\/0NTs5UThiXk0lI2S2uAw\/def-11.jpeg 984w, https:\/\/s2.glbimg.com\/kbESPqDU58bbSfbbnUwFga8nJiw=\/0x0:1280x960\/640x0\/smart\/filters:strip_icc()\/i.s3.glbimg.com\/v1\/AUTH_59edd422c0c84a879bd37670ae4f538a\/internal_photos\/bs\/2020\/e\/w\/0NTs5UThiXk0lI2S2uAw\/def-11.jpeg 640w, https:\/\/s2.glbimg.com\/IpOZUDt2sgReRrtJzqT7s73WJUI=\/0x0:1280x960\/600x0\/smart\/filters:strip_icc()\/i.s3.glbimg.com\/v1\/AUTH_59edd422c0c84a879bd37670ae4f538a\/internal_photos\/bs\/2020\/e\/w\/0NTs5UThiXk0lI2S2uAw\/def-11.jpeg 600w\" alt=\"Carros foram arrastados pela for\u00e7a da \u00e1gua na Avenida Washington Luiz, em Presidente Prudente \u2014 Foto: Defesa Civil\" \/><\/figure>\n<p class=\"content-media__description \">Carros foram arrastados pela for\u00e7a da \u00e1gua na Avenida Washington Luiz, em Presidente Prudente \u2014 Foto: Defesa Civil<\/p>\n<\/div>\n<\/div>\n<div class=\"row medium-uncollapsed content-media content-photo\" style=\"text-align: justify;\" data-block-type=\"backstage-photo\" data-block-id=\"29\">\n<div class=\"mc-column content-media__container\">\n<figure><img decoding=\"async\" class=\"i-amphtml-fill-content i-amphtml-replaced-content\" src=\"https:\/\/s2.glbimg.com\/TMBWYl8cr5-vb3C__FHw4IJOrIc=\/0x121:576x1280\/984x0\/smart\/filters:strip_icc()\/i.s3.glbimg.com\/v1\/AUTH_59edd422c0c84a879bd37670ae4f538a\/internal_photos\/bs\/2020\/B\/s\/JySJ0GQkW8CQGXzzswHg\/def-1.jpeg\" sizes=\"(max-width: 1366px) 648px, 100vw\" srcset=\"https:\/\/s2.glbimg.com\/PKVdW849f_c5yZE9Sf8hWWD_OK0=\/0x121:576x1280\/1000x0\/smart\/filters:strip_icc()\/i.s3.glbimg.com\/v1\/AUTH_59edd422c0c84a879bd37670ae4f538a\/internal_photos\/bs\/2020\/B\/s\/JySJ0GQkW8CQGXzzswHg\/def-1.jpeg 1000w, https:\/\/s2.glbimg.com\/TMBWYl8cr5-vb3C__FHw4IJOrIc=\/0x121:576x1280\/984x0\/smart\/filters:strip_icc()\/i.s3.glbimg.com\/v1\/AUTH_59edd422c0c84a879bd37670ae4f538a\/internal_photos\/bs\/2020\/B\/s\/JySJ0GQkW8CQGXzzswHg\/def-1.jpeg 984w, https:\/\/s2.glbimg.com\/cfSR7bLaLM0MkWUWcZmwLr3LFzs=\/0x121:576x1280\/640x0\/smart\/filters:strip_icc()\/i.s3.glbimg.com\/v1\/AUTH_59edd422c0c84a879bd37670ae4f538a\/internal_photos\/bs\/2020\/B\/s\/JySJ0GQkW8CQGXzzswHg\/def-1.jpeg 640w, https:\/\/s2.glbimg.com\/Xhm2nIWhIxIG0BzpqgJ66azEEVA=\/0x121:576x1280\/600x0\/smart\/filters:strip_icc()\/i.s3.glbimg.com\/v1\/AUTH_59edd422c0c84a879bd37670ae4f538a\/internal_photos\/bs\/2020\/B\/s\/JySJ0GQkW8CQGXzzswHg\/def-1.jpeg 600w\" alt=\"T\u00eanis Clube de Presidente Prudente foi alagado durante o temporal nesta sexta-feira (4) \u2014 Foto: Defesa Civil\" \/><\/figure>\n<p class=\"content-media__description \">T\u00eanis Clube de Presidente Prudente foi alagado durante o temporal nesta sexta-feira (4) \u2014 Foto: Defesa Civil<\/p>\n<\/div>\n<\/div>\n<div class=\"row medium-uncollapsed content-media content-photo\" style=\"text-align: justify;\" data-block-type=\"backstage-photo\" data-block-id=\"30\">\n<div class=\"mc-column content-media__container\">\n<figure><img decoding=\"async\" class=\"i-amphtml-fill-content i-amphtml-replaced-content\" src=\"https:\/\/s2.glbimg.com\/bbH61IzfNJhWS4rDKl7teigSuac=\/0x340:576x1028\/984x0\/smart\/filters:strip_icc()\/i.s3.glbimg.com\/v1\/AUTH_59edd422c0c84a879bd37670ae4f538a\/internal_photos\/bs\/2020\/n\/5\/a5hRIiTNKneniJ4RGKaw\/def-2.jpeg\" sizes=\"(max-width: 1366px) 648px, 100vw\" srcset=\"https:\/\/s2.glbimg.com\/Hken04OmpWNtus7z4-OAEQt1kp8=\/0x340:576x1028\/1000x0\/smart\/filters:strip_icc()\/i.s3.glbimg.com\/v1\/AUTH_59edd422c0c84a879bd37670ae4f538a\/internal_photos\/bs\/2020\/n\/5\/a5hRIiTNKneniJ4RGKaw\/def-2.jpeg 1000w, https:\/\/s2.glbimg.com\/bbH61IzfNJhWS4rDKl7teigSuac=\/0x340:576x1028\/984x0\/smart\/filters:strip_icc()\/i.s3.glbimg.com\/v1\/AUTH_59edd422c0c84a879bd37670ae4f538a\/internal_photos\/bs\/2020\/n\/5\/a5hRIiTNKneniJ4RGKaw\/def-2.jpeg 984w, https:\/\/s2.glbimg.com\/EkfaVTC-gOG-CQ3akxtyO4lwLWI=\/0x340:576x1028\/640x0\/smart\/filters:strip_icc()\/i.s3.glbimg.com\/v1\/AUTH_59edd422c0c84a879bd37670ae4f538a\/internal_photos\/bs\/2020\/n\/5\/a5hRIiTNKneniJ4RGKaw\/def-2.jpeg 640w, https:\/\/s2.glbimg.com\/fpMo8kwRTzkciIWyO7tV5YdDVXo=\/0x340:576x1028\/600x0\/smart\/filters:strip_icc()\/i.s3.glbimg.com\/v1\/AUTH_59edd422c0c84a879bd37670ae4f538a\/internal_photos\/bs\/2020\/n\/5\/a5hRIiTNKneniJ4RGKaw\/def-2.jpeg 600w\" alt=\"T\u00eanis Clube de Presidente Prudente foi alagado durante o temporal nesta sexta-feira (4) \u2014 Foto: Defesa Civil\" \/><\/figure>\n<p class=\"content-media__description \">T\u00eanis Clube de Presidente Prudente foi alagado durante o temporal nesta sexta-feira (4) \u2014 Foto: Defesa Civil<\/p>\n<\/div>\n<\/div>\n<div class=\"content-ads content-ads--reveal\" style=\"text-align: justify;\" data-block-type=\"ads\" data-block-id=\"31\">\n<div id=\"banner_materia__e3b54860-c0ff-4a32-aee7-759aca1a1f31\" class=\"tag-manager-publicidade-container mc-has-reveal mc-has-ad-lazyload\" data-id=\"banner_materia__e3b54860-c0ff-4a32-aee7-759aca1a1f31\"><\/div>\n<\/div>\n<div class=\"row medium-uncollapsed content-media content-photo\" style=\"text-align: justify;\" data-block-type=\"backstage-photo\" data-block-id=\"32\">\n<div class=\"mc-column content-media__container\">\n<figure><img decoding=\"async\" class=\"i-amphtml-fill-content i-amphtml-replaced-content\" src=\"https:\/\/s2.glbimg.com\/K8YTKsMTJmHUi_2uUDy9SQ4P8iE=\/0x187:576x1280\/984x0\/smart\/filters:strip_icc()\/i.s3.glbimg.com\/v1\/AUTH_59edd422c0c84a879bd37670ae4f538a\/internal_photos\/bs\/2020\/3\/q\/c5WjxOS7yBTPUb4j6P5Q\/def-3.jpeg\" sizes=\"(max-width: 1366px) 648px, 100vw\" srcset=\"https:\/\/s2.glbimg.com\/2ksFAlaV0l-eVqUN3l5qKp0INHI=\/0x187:576x1280\/1000x0\/smart\/filters:strip_icc()\/i.s3.glbimg.com\/v1\/AUTH_59edd422c0c84a879bd37670ae4f538a\/internal_photos\/bs\/2020\/3\/q\/c5WjxOS7yBTPUb4j6P5Q\/def-3.jpeg 1000w, https:\/\/s2.glbimg.com\/K8YTKsMTJmHUi_2uUDy9SQ4P8iE=\/0x187:576x1280\/984x0\/smart\/filters:strip_icc()\/i.s3.glbimg.com\/v1\/AUTH_59edd422c0c84a879bd37670ae4f538a\/internal_photos\/bs\/2020\/3\/q\/c5WjxOS7yBTPUb4j6P5Q\/def-3.jpeg 984w, https:\/\/s2.glbimg.com\/Yl8n3OI7ryzwtsOiehg3ab_9VQA=\/0x187:576x1280\/640x0\/smart\/filters:strip_icc()\/i.s3.glbimg.com\/v1\/AUTH_59edd422c0c84a879bd37670ae4f538a\/internal_photos\/bs\/2020\/3\/q\/c5WjxOS7yBTPUb4j6P5Q\/def-3.jpeg 640w, https:\/\/s2.glbimg.com\/OZkcqRVHqy5_i7x56L71ms5zy9M=\/0x187:576x1280\/600x0\/smart\/filters:strip_icc()\/i.s3.glbimg.com\/v1\/AUTH_59edd422c0c84a879bd37670ae4f538a\/internal_photos\/bs\/2020\/3\/q\/c5WjxOS7yBTPUb4j6P5Q\/def-3.jpeg 600w\" alt=\"T\u00eanis Clube de Presidente Prudente foi alagado durante o temporal nesta sexta-feira (4) \u2014 Foto: Defesa Civil\" \/><\/figure>\n<p class=\"content-media__description \">T\u00eanis Clube de Presidente Prudente foi alagado durante o temporal nesta sexta-feira (4) \u2014 Foto: Defesa Civil<\/p>\n<\/div>\n<\/div>\n<div class=\"row medium-uncollapsed content-media content-photo\" style=\"text-align: justify;\" data-block-type=\"backstage-photo\" data-block-id=\"33\">\n<div class=\"mc-column content-media__container\">\n<figure><img decoding=\"async\" class=\"i-amphtml-fill-content i-amphtml-replaced-content\" src=\"https:\/\/s2.glbimg.com\/_cFZYx4EceYFPKxFiCfwFdu89QM=\/0x0:576x982\/984x0\/smart\/filters:strip_icc()\/i.s3.glbimg.com\/v1\/AUTH_59edd422c0c84a879bd37670ae4f538a\/internal_photos\/bs\/2020\/1\/J\/2GDrYATzGDBfp0u2afAA\/def-4.jpeg\" sizes=\"(max-width: 1366px) 648px, 100vw\" srcset=\"https:\/\/s2.glbimg.com\/s40p70Y-OIlbbSVPC_ZQDB4ofj0=\/0x0:576x982\/1000x0\/smart\/filters:strip_icc()\/i.s3.glbimg.com\/v1\/AUTH_59edd422c0c84a879bd37670ae4f538a\/internal_photos\/bs\/2020\/1\/J\/2GDrYATzGDBfp0u2afAA\/def-4.jpeg 1000w, https:\/\/s2.glbimg.com\/_cFZYx4EceYFPKxFiCfwFdu89QM=\/0x0:576x982\/984x0\/smart\/filters:strip_icc()\/i.s3.glbimg.com\/v1\/AUTH_59edd422c0c84a879bd37670ae4f538a\/internal_photos\/bs\/2020\/1\/J\/2GDrYATzGDBfp0u2afAA\/def-4.jpeg 984w, https:\/\/s2.glbimg.com\/H9KsShIsl9RP4W_Uo6gmXqzvKeA=\/0x0:576x982\/640x0\/smart\/filters:strip_icc()\/i.s3.glbimg.com\/v1\/AUTH_59edd422c0c84a879bd37670ae4f538a\/internal_photos\/bs\/2020\/1\/J\/2GDrYATzGDBfp0u2afAA\/def-4.jpeg 640w, https:\/\/s2.glbimg.com\/EChjJicv74klcARH9V4A9rrg8K8=\/0x0:576x982\/600x0\/smart\/filters:strip_icc()\/i.s3.glbimg.com\/v1\/AUTH_59edd422c0c84a879bd37670ae4f538a\/internal_photos\/bs\/2020\/1\/J\/2GDrYATzGDBfp0u2afAA\/def-4.jpeg 600w\" alt=\"Temporal provocou alagamentos em Presidente Prudente nesta sexta-feira (4) \u2014 Foto: Defesa Civil\" \/><\/figure>\n<p class=\"content-media__description \">Temporal provocou alagamentos em Presidente Prudente nesta sexta-feira (4) \u2014 Foto: Defesa Civil<\/p>\n<\/div>\n<\/div>\n<div class=\"row medium-uncollapsed content-media content-photo\" style=\"text-align: justify;\" data-block-type=\"backstage-photo\" data-block-id=\"34\">\n<div class=\"mc-column content-media__container\">\n<figure><img decoding=\"async\" class=\"i-amphtml-fill-content i-amphtml-replaced-content\" src=\"https:\/\/s2.glbimg.com\/QmfKgDAdTFxIlmfEfD_h1d8Ple0=\/0x54:721x751\/984x0\/smart\/filters:strip_icc()\/i.s3.glbimg.com\/v1\/AUTH_59edd422c0c84a879bd37670ae4f538a\/internal_photos\/bs\/2020\/2\/g\/rRm2gSQYayQKqCqE0Lug\/def-5.jpeg\" sizes=\"(max-width: 1366px) 648px, 100vw\" srcset=\"https:\/\/s2.glbimg.com\/NvMB9lILS_kDWmZ8irh9revO2_s=\/0x54:721x751\/1000x0\/smart\/filters:strip_icc()\/i.s3.glbimg.com\/v1\/AUTH_59edd422c0c84a879bd37670ae4f538a\/internal_photos\/bs\/2020\/2\/g\/rRm2gSQYayQKqCqE0Lug\/def-5.jpeg 1000w, https:\/\/s2.glbimg.com\/QmfKgDAdTFxIlmfEfD_h1d8Ple0=\/0x54:721x751\/984x0\/smart\/filters:strip_icc()\/i.s3.glbimg.com\/v1\/AUTH_59edd422c0c84a879bd37670ae4f538a\/internal_photos\/bs\/2020\/2\/g\/rRm2gSQYayQKqCqE0Lug\/def-5.jpeg 984w, https:\/\/s2.glbimg.com\/yHBwySVnq84aZPLf84uFW6-YPk0=\/0x54:721x751\/640x0\/smart\/filters:strip_icc()\/i.s3.glbimg.com\/v1\/AUTH_59edd422c0c84a879bd37670ae4f538a\/internal_photos\/bs\/2020\/2\/g\/rRm2gSQYayQKqCqE0Lug\/def-5.jpeg 640w, https:\/\/s2.glbimg.com\/W8vGs2T9U8j8b5Q6ulWfldkh3IM=\/0x54:721x751\/600x0\/smart\/filters:strip_icc()\/i.s3.glbimg.com\/v1\/AUTH_59edd422c0c84a879bd37670ae4f538a\/internal_photos\/bs\/2020\/2\/g\/rRm2gSQYayQKqCqE0Lug\/def-5.jpeg 600w\" alt=\"Temporal provocou estragos em Presidente Prudente nesta sexta-feira (4) \u2014 Foto: Defesa Civil\" \/><\/figure>\n<p class=\"content-media__description \">Temporal provocou estragos em Presidente Prudente nesta sexta-feira (4) \u2014 Foto: Defesa Civil<\/p>\n<\/div>\n<\/div>\n<div class=\"content-ads content-ads--reveal\" style=\"text-align: justify;\" data-block-type=\"ads\" data-block-id=\"35\">\n<div id=\"banner_materia__a5edfc67-3ff9-4f27-850b-29ebf83d780f\" class=\"tag-manager-publicidade-container mc-has-reveal mc-has-ad-lazyload\" data-id=\"banner_materia__a5edfc67-3ff9-4f27-850b-29ebf83d780f\"><\/div>\n<\/div>\n<div class=\"row medium-uncollapsed content-media content-photo\" style=\"text-align: justify;\" data-block-type=\"backstage-photo\" data-block-id=\"36\">\n<div class=\"mc-column content-media__container\">\n<figure><img decoding=\"async\" class=\"i-amphtml-fill-content i-amphtml-replaced-content\" src=\"https:\/\/s2.glbimg.com\/K5mOp1j0iGSbmNYkUbW-JwnJt0g=\/0x0:1280x719\/984x0\/smart\/filters:strip_icc()\/i.s3.glbimg.com\/v1\/AUTH_59edd422c0c84a879bd37670ae4f538a\/internal_photos\/bs\/2020\/i\/2\/2Gc7CWRfAvQ4yfRC5RBA\/def-7.jpeg\" sizes=\"(max-width: 1366px) 648px, 100vw\" srcset=\"https:\/\/s2.glbimg.com\/LrTSvwQjMUiXSiLpWprDg_KUVJU=\/0x0:1280x719\/1000x0\/smart\/filters:strip_icc()\/i.s3.glbimg.com\/v1\/AUTH_59edd422c0c84a879bd37670ae4f538a\/internal_photos\/bs\/2020\/i\/2\/2Gc7CWRfAvQ4yfRC5RBA\/def-7.jpeg 1000w, https:\/\/s2.glbimg.com\/K5mOp1j0iGSbmNYkUbW-JwnJt0g=\/0x0:1280x719\/984x0\/smart\/filters:strip_icc()\/i.s3.glbimg.com\/v1\/AUTH_59edd422c0c84a879bd37670ae4f538a\/internal_photos\/bs\/2020\/i\/2\/2Gc7CWRfAvQ4yfRC5RBA\/def-7.jpeg 984w, https:\/\/s2.glbimg.com\/GdNhHVLTnTgO_kQFXGDfmYJ8My8=\/0x0:1280x719\/640x0\/smart\/filters:strip_icc()\/i.s3.glbimg.com\/v1\/AUTH_59edd422c0c84a879bd37670ae4f538a\/internal_photos\/bs\/2020\/i\/2\/2Gc7CWRfAvQ4yfRC5RBA\/def-7.jpeg 640w, https:\/\/s2.glbimg.com\/SLyApSiqUnbZY5gMZh7PxDGuLHE=\/0x0:1280x719\/600x0\/smart\/filters:strip_icc()\/i.s3.glbimg.com\/v1\/AUTH_59edd422c0c84a879bd37670ae4f538a\/internal_photos\/bs\/2020\/i\/2\/2Gc7CWRfAvQ4yfRC5RBA\/def-7.jpeg 600w\" alt=\"Temporal provocou estragos em Presidente Prudente nesta sexta-feira (4) \u2014 Foto: Defesa Civil\" \/><\/figure>\n<p class=\"content-media__description \">Temporal provocou estragos em Presidente Prudente nesta sexta-feira (4) \u2014 Foto: Defesa Civil<\/p>\n<\/div>\n<\/div>\n<div class=\"row medium-uncollapsed content-media content-photo\" style=\"text-align: justify;\" data-block-type=\"backstage-photo\" data-block-id=\"37\">\n<div class=\"mc-column content-media__container\">\n<figure><img decoding=\"async\" class=\"i-amphtml-fill-content i-amphtml-replaced-content\" src=\"https:\/\/s2.glbimg.com\/FhXRvioJLzWQ82rf_HoVS07SbhA=\/0x0:1280x960\/984x0\/smart\/filters:strip_icc()\/i.s3.glbimg.com\/v1\/AUTH_59edd422c0c84a879bd37670ae4f538a\/internal_photos\/bs\/2020\/1\/9\/AzWTXXREaOPYzqmn6uCQ\/def-6.jpeg\" sizes=\"(max-width: 1366px) 648px, 100vw\" srcset=\"https:\/\/s2.glbimg.com\/aVje91RNiwXjvmax5Q8n7DIktM0=\/0x0:1280x960\/1000x0\/smart\/filters:strip_icc()\/i.s3.glbimg.com\/v1\/AUTH_59edd422c0c84a879bd37670ae4f538a\/internal_photos\/bs\/2020\/1\/9\/AzWTXXREaOPYzqmn6uCQ\/def-6.jpeg 1000w, https:\/\/s2.glbimg.com\/FhXRvioJLzWQ82rf_HoVS07SbhA=\/0x0:1280x960\/984x0\/smart\/filters:strip_icc()\/i.s3.glbimg.com\/v1\/AUTH_59edd422c0c84a879bd37670ae4f538a\/internal_photos\/bs\/2020\/1\/9\/AzWTXXREaOPYzqmn6uCQ\/def-6.jpeg 984w, https:\/\/s2.glbimg.com\/om66NgmVOJEbRZ15eEmsm4QXawo=\/0x0:1280x960\/640x0\/smart\/filters:strip_icc()\/i.s3.glbimg.com\/v1\/AUTH_59edd422c0c84a879bd37670ae4f538a\/internal_photos\/bs\/2020\/1\/9\/AzWTXXREaOPYzqmn6uCQ\/def-6.jpeg 640w, https:\/\/s2.glbimg.com\/S97jxTvmcJVg4JGfA6l67oPdO04=\/0x0:1280x960\/600x0\/smart\/filters:strip_icc()\/i.s3.glbimg.com\/v1\/AUTH_59edd422c0c84a879bd37670ae4f538a\/internal_photos\/bs\/2020\/1\/9\/AzWTXXREaOPYzqmn6uCQ\/def-6.jpeg 600w\" alt=\"Temporal provocou estragos em Presidente Prudente nesta sexta-feira (4) \u2014 Foto: Defesa Civil\" \/><\/figure>\n<p class=\"content-media__description \">Temporal provocou estragos em Presidente Prudente nesta sexta-feira (4) \u2014 Foto: Defesa Civil<\/p>\n<\/div>\n<\/div>\n<div class=\"row medium-uncollapsed content-media content-photo\" style=\"text-align: justify;\" data-block-type=\"backstage-photo\" data-block-id=\"38\">\n<div class=\"mc-column content-media__container\">\n<figure><img decoding=\"async\" class=\"i-amphtml-fill-content i-amphtml-replaced-content\" src=\"https:\/\/s2.glbimg.com\/0jelMge8QrA6SqYdZsTr_OVXQIg=\/0x0:1280x719\/984x0\/smart\/filters:strip_icc()\/i.s3.glbimg.com\/v1\/AUTH_59edd422c0c84a879bd37670ae4f538a\/internal_photos\/bs\/2020\/g\/O\/0AfYwoRumkP3CVrsQczw\/def-8.jpeg\" sizes=\"(max-width: 1366px) 648px, 100vw\" srcset=\"https:\/\/s2.glbimg.com\/iovJ4PDgWb8n8cVV0X7TbDXyArs=\/0x0:1280x719\/1000x0\/smart\/filters:strip_icc()\/i.s3.glbimg.com\/v1\/AUTH_59edd422c0c84a879bd37670ae4f538a\/internal_photos\/bs\/2020\/g\/O\/0AfYwoRumkP3CVrsQczw\/def-8.jpeg 1000w, https:\/\/s2.glbimg.com\/0jelMge8QrA6SqYdZsTr_OVXQIg=\/0x0:1280x719\/984x0\/smart\/filters:strip_icc()\/i.s3.glbimg.com\/v1\/AUTH_59edd422c0c84a879bd37670ae4f538a\/internal_photos\/bs\/2020\/g\/O\/0AfYwoRumkP3CVrsQczw\/def-8.jpeg 984w, https:\/\/s2.glbimg.com\/KA_PaQNfymzL6uOPLXznq_SA7zI=\/0x0:1280x719\/640x0\/smart\/filters:strip_icc()\/i.s3.glbimg.com\/v1\/AUTH_59edd422c0c84a879bd37670ae4f538a\/internal_photos\/bs\/2020\/g\/O\/0AfYwoRumkP3CVrsQczw\/def-8.jpeg 640w, https:\/\/s2.glbimg.com\/ptVIDP7GramATdOCmWNbculsGjU=\/0x0:1280x719\/600x0\/smart\/filters:strip_icc()\/i.s3.glbimg.com\/v1\/AUTH_59edd422c0c84a879bd37670ae4f538a\/internal_photos\/bs\/2020\/g\/O\/0AfYwoRumkP3CVrsQczw\/def-8.jpeg 600w\" alt=\"Temporal provocou alagamentos em Presidente Prudente nesta sexta-feira (4) \u2014 Foto: Defesa Civil\" \/><\/figure>\n<p class=\"content-media__description \">Temporal provocou alagamentos em Presidente Prudente nesta sexta-feira (4) \u2014 Foto: Defesa Civil<\/p>\n<\/div>\n<\/div>\n<div class=\"content-ads content-ads--reveal\" style=\"text-align: justify;\" data-block-type=\"ads\" data-block-id=\"39\">\n<div id=\"banner_materia__18e3ad06-445c-4fac-a7fd-8975da18a92b\" class=\"tag-manager-publicidade-container mc-has-reveal mc-has-ad-lazyload\" data-id=\"banner_materia__18e3ad06-445c-4fac-a7fd-8975da18a92b\"><\/div>\n<\/div>\n<div class=\"row medium-uncollapsed content-media content-photo\" style=\"text-align: justify;\" data-block-type=\"backstage-photo\" data-block-id=\"40\">\n<div class=\"mc-column content-media__container\">\n<figure><img decoding=\"async\" class=\"i-amphtml-fill-content i-amphtml-replaced-content\" src=\"https:\/\/s2.glbimg.com\/-Mx6Zjoz-CloJHmeOhzX-cZZy6k=\/0x0:960x1280\/984x0\/smart\/filters:strip_icc()\/i.s3.glbimg.com\/v1\/AUTH_59edd422c0c84a879bd37670ae4f538a\/internal_photos\/bs\/2020\/T\/C\/guooxfSNuBc0q06HtI5w\/def-12.jpeg\" sizes=\"(max-width: 1366px) 648px, 100vw\" srcset=\"https:\/\/s2.glbimg.com\/dx4nCEXXSNThOOaKq5wMnZABww8=\/0x0:960x1280\/1000x0\/smart\/filters:strip_icc()\/i.s3.glbimg.com\/v1\/AUTH_59edd422c0c84a879bd37670ae4f538a\/internal_photos\/bs\/2020\/T\/C\/guooxfSNuBc0q06HtI5w\/def-12.jpeg 1000w, https:\/\/s2.glbimg.com\/-Mx6Zjoz-CloJHmeOhzX-cZZy6k=\/0x0:960x1280\/984x0\/smart\/filters:strip_icc()\/i.s3.glbimg.com\/v1\/AUTH_59edd422c0c84a879bd37670ae4f538a\/internal_photos\/bs\/2020\/T\/C\/guooxfSNuBc0q06HtI5w\/def-12.jpeg 984w, https:\/\/s2.glbimg.com\/9w4f6aGJMMvrpQzQEZL4z00Yr0k=\/0x0:960x1280\/640x0\/smart\/filters:strip_icc()\/i.s3.glbimg.com\/v1\/AUTH_59edd422c0c84a879bd37670ae4f538a\/internal_photos\/bs\/2020\/T\/C\/guooxfSNuBc0q06HtI5w\/def-12.jpeg 640w, https:\/\/s2.glbimg.com\/faFIcSe9hy0Ljdx9JgP5XckIGFk=\/0x0:960x1280\/600x0\/smart\/filters:strip_icc()\/i.s3.glbimg.com\/v1\/AUTH_59edd422c0c84a879bd37670ae4f538a\/internal_photos\/bs\/2020\/T\/C\/guooxfSNuBc0q06HtI5w\/def-12.jpeg 600w\" alt=\"Temporal provocou estragos em Presidente Prudente nesta sexta-feira (4) \u2014 Foto: Defesa Civil\" \/><\/figure>\n<p class=\"content-media__description \">Temporal provocou estragos em Presidente Prudente nesta sexta-feira (4) \u2014 Foto: Defesa Civil<\/p>\n<\/div>\n<\/div>\n<div class=\"row medium-uncollapsed content-media content-photo\" style=\"text-align: justify;\" data-block-type=\"backstage-photo\" data-block-id=\"41\">\n<div class=\"mc-column content-media__container\">\n<figure><img decoding=\"async\" class=\"i-amphtml-fill-content i-amphtml-replaced-content\" src=\"https:\/\/s2.glbimg.com\/4P9BYB9gHfgtrBuUkZvdC2To8rY=\/0x0:1280x960\/984x0\/smart\/filters:strip_icc()\/i.s3.glbimg.com\/v1\/AUTH_59edd422c0c84a879bd37670ae4f538a\/internal_photos\/bs\/2020\/V\/Y\/8OIyJGR1ayYcwhI3CDQg\/def-13.jpeg\" sizes=\"(max-width: 1366px) 648px, 100vw\" srcset=\"https:\/\/s2.glbimg.com\/Uge9B1JgKrb-zFyHEgwIo1VxYjU=\/0x0:1280x960\/1000x0\/smart\/filters:strip_icc()\/i.s3.glbimg.com\/v1\/AUTH_59edd422c0c84a879bd37670ae4f538a\/internal_photos\/bs\/2020\/V\/Y\/8OIyJGR1ayYcwhI3CDQg\/def-13.jpeg 1000w, https:\/\/s2.glbimg.com\/4P9BYB9gHfgtrBuUkZvdC2To8rY=\/0x0:1280x960\/984x0\/smart\/filters:strip_icc()\/i.s3.glbimg.com\/v1\/AUTH_59edd422c0c84a879bd37670ae4f538a\/internal_photos\/bs\/2020\/V\/Y\/8OIyJGR1ayYcwhI3CDQg\/def-13.jpeg 984w, https:\/\/s2.glbimg.com\/miM3foE6vqzjzhksJNLh41xMAns=\/0x0:1280x960\/640x0\/smart\/filters:strip_icc()\/i.s3.glbimg.com\/v1\/AUTH_59edd422c0c84a879bd37670ae4f538a\/internal_photos\/bs\/2020\/V\/Y\/8OIyJGR1ayYcwhI3CDQg\/def-13.jpeg 640w, https:\/\/s2.glbimg.com\/skhdMJFUSSdP9i7vCItXplIpMdg=\/0x0:1280x960\/600x0\/smart\/filters:strip_icc()\/i.s3.glbimg.com\/v1\/AUTH_59edd422c0c84a879bd37670ae4f538a\/internal_photos\/bs\/2020\/V\/Y\/8OIyJGR1ayYcwhI3CDQg\/def-13.jpeg 600w\" alt=\"Temporal provocou estragos em Presidente Prudente nesta sexta-feira (4) \u2014 Foto: Defesa Civil\" \/><\/figure>\n<p class=\"content-media__description \">Temporal provocou estragos em Presidente Prudente nesta sexta-feira (4) \u2014 Foto: Defesa Civil<\/p>\n<\/div>\n<\/div>\n<div class=\"row medium-uncollapsed content-media content-photo\" style=\"text-align: justify;\" data-block-type=\"backstage-photo\" data-block-id=\"42\">\n<div class=\"mc-column content-media__container\">\n<figure><img decoding=\"async\" class=\"i-amphtml-fill-content i-amphtml-replaced-content\" src=\"https:\/\/s2.glbimg.com\/oTm2ajpHLHN1hMrJsaYZbdaHJyc=\/0x0:1280x719\/984x0\/smart\/filters:strip_icc()\/i.s3.glbimg.com\/v1\/AUTH_59edd422c0c84a879bd37670ae4f538a\/internal_photos\/bs\/2020\/A\/3\/H9HDmgRl6OWVHy2YZNSg\/def-14.jpeg\" sizes=\"(max-width: 1366px) 648px, 100vw\" srcset=\"https:\/\/s2.glbimg.com\/HzGi7SfccDP09nj_1Sy0Cf8c7Pw=\/0x0:1280x719\/1000x0\/smart\/filters:strip_icc()\/i.s3.glbimg.com\/v1\/AUTH_59edd422c0c84a879bd37670ae4f538a\/internal_photos\/bs\/2020\/A\/3\/H9HDmgRl6OWVHy2YZNSg\/def-14.jpeg 1000w, https:\/\/s2.glbimg.com\/oTm2ajpHLHN1hMrJsaYZbdaHJyc=\/0x0:1280x719\/984x0\/smart\/filters:strip_icc()\/i.s3.glbimg.com\/v1\/AUTH_59edd422c0c84a879bd37670ae4f538a\/internal_photos\/bs\/2020\/A\/3\/H9HDmgRl6OWVHy2YZNSg\/def-14.jpeg 984w, https:\/\/s2.glbimg.com\/u1f35W01bwA3R16nj7KmEHfJpgE=\/0x0:1280x719\/640x0\/smart\/filters:strip_icc()\/i.s3.glbimg.com\/v1\/AUTH_59edd422c0c84a879bd37670ae4f538a\/internal_photos\/bs\/2020\/A\/3\/H9HDmgRl6OWVHy2YZNSg\/def-14.jpeg 640w, https:\/\/s2.glbimg.com\/Jc2suByFb3amvbfEdNj_710bq-g=\/0x0:1280x719\/600x0\/smart\/filters:strip_icc()\/i.s3.glbimg.com\/v1\/AUTH_59edd422c0c84a879bd37670ae4f538a\/internal_photos\/bs\/2020\/A\/3\/H9HDmgRl6OWVHy2YZNSg\/def-14.jpeg 600w\" alt=\"Temporal provocou estragos em Presidente Prudente nesta sexta-feira (4) \u2014 Foto: Defesa Civil\" \/><\/figure>\n<p class=\"content-media__description \">Temporal provocou estragos em Presidente Prudente nesta sexta-feira (4) \u2014 Foto: Defesa Civil<\/p>\n<\/div>\n<\/div>\n<div class=\"content-ads content-ads--reveal\" style=\"text-align: justify;\" data-block-type=\"ads\" data-block-id=\"43\">\n<div id=\"banner_materia__5eb7c596-6610-48b5-adee-dac12c19ef53\" class=\"tag-manager-publicidade-container mc-has-reveal mc-has-ad-lazyload\" data-id=\"banner_materia__5eb7c596-6610-48b5-adee-dac12c19ef53\"><\/div>\n<\/div>\n<div class=\"row medium-uncollapsed content-media content-photo\" style=\"text-align: justify;\" data-block-type=\"backstage-photo\" data-block-id=\"44\">\n<div class=\"mc-column content-media__container\">\n<figure><img decoding=\"async\" class=\"i-amphtml-fill-content i-amphtml-replaced-content\" src=\"https:\/\/s2.glbimg.com\/_h4f7IfPcUVIwPs9xKvFOPdTSDM=\/0x0:1280x719\/984x0\/smart\/filters:strip_icc()\/i.s3.glbimg.com\/v1\/AUTH_59edd422c0c84a879bd37670ae4f538a\/internal_photos\/bs\/2020\/M\/3\/whNetmRIqmxxUr0FgERw\/def-15.jpeg\" sizes=\"(max-width: 1366px) 648px, 100vw\" srcset=\"https:\/\/s2.glbimg.com\/GsWJwForgoABU_OUuonCa8xwasQ=\/0x0:1280x719\/1000x0\/smart\/filters:strip_icc()\/i.s3.glbimg.com\/v1\/AUTH_59edd422c0c84a879bd37670ae4f538a\/internal_photos\/bs\/2020\/M\/3\/whNetmRIqmxxUr0FgERw\/def-15.jpeg 1000w, https:\/\/s2.glbimg.com\/_h4f7IfPcUVIwPs9xKvFOPdTSDM=\/0x0:1280x719\/984x0\/smart\/filters:strip_icc()\/i.s3.glbimg.com\/v1\/AUTH_59edd422c0c84a879bd37670ae4f538a\/internal_photos\/bs\/2020\/M\/3\/whNetmRIqmxxUr0FgERw\/def-15.jpeg 984w, https:\/\/s2.glbimg.com\/m3BQAlLlOrQnytfqaA3K4FcXwbk=\/0x0:1280x719\/640x0\/smart\/filters:strip_icc()\/i.s3.glbimg.com\/v1\/AUTH_59edd422c0c84a879bd37670ae4f538a\/internal_photos\/bs\/2020\/M\/3\/whNetmRIqmxxUr0FgERw\/def-15.jpeg 640w, https:\/\/s2.glbimg.com\/9qTJneL75QRFg-rXctt2jQKHAhw=\/0x0:1280x719\/600x0\/smart\/filters:strip_icc()\/i.s3.glbimg.com\/v1\/AUTH_59edd422c0c84a879bd37670ae4f538a\/internal_photos\/bs\/2020\/M\/3\/whNetmRIqmxxUr0FgERw\/def-15.jpeg 600w\" alt=\"Equipes da Defesa Civil trabalham no atendimento de ocorr\u00eancias provocadas pelo temporal em Presidente Prudente \u2014 Foto: Defesa Civil\" \/><\/figure>\n<p class=\"content-media__description \">Equipes da Defesa Civil trabalham no atendimento de ocorr\u00eancias provocadas pelo temporal em Presidente Prudente \u2014 Foto: Defesa Civil<\/p>\n<\/div>\n<\/div>\n<div class=\"row medium-uncollapsed content-media content-photo\" style=\"text-align: justify;\" data-block-type=\"backstage-photo\" data-block-id=\"45\">\n<div class=\"mc-column content-media__container\">\n<figure><img decoding=\"async\" class=\"i-amphtml-fill-content i-amphtml-replaced-content\" src=\"https:\/\/s2.glbimg.com\/DxvHP3HA2vRwn7N0_6uvaaEa7fI=\/0x0:1280x960\/984x0\/smart\/filters:strip_icc()\/i.s3.glbimg.com\/v1\/AUTH_59edd422c0c84a879bd37670ae4f538a\/internal_photos\/bs\/2020\/Y\/t\/1tvGEuRvOQvPlKCjvIug\/mu-1.jpg\" sizes=\"(max-width: 1366px) 648px, 100vw\" srcset=\"https:\/\/s2.glbimg.com\/n7J742FzSOHkbdbR4WYpFhqcNKI=\/0x0:1280x960\/1000x0\/smart\/filters:strip_icc()\/i.s3.glbimg.com\/v1\/AUTH_59edd422c0c84a879bd37670ae4f538a\/internal_photos\/bs\/2020\/Y\/t\/1tvGEuRvOQvPlKCjvIug\/mu-1.jpg 1000w, https:\/\/s2.glbimg.com\/DxvHP3HA2vRwn7N0_6uvaaEa7fI=\/0x0:1280x960\/984x0\/smart\/filters:strip_icc()\/i.s3.glbimg.com\/v1\/AUTH_59edd422c0c84a879bd37670ae4f538a\/internal_photos\/bs\/2020\/Y\/t\/1tvGEuRvOQvPlKCjvIug\/mu-1.jpg 984w, https:\/\/s2.glbimg.com\/O9RpT9sgyV_Hd2ydApISZQzyH0o=\/0x0:1280x960\/640x0\/smart\/filters:strip_icc()\/i.s3.glbimg.com\/v1\/AUTH_59edd422c0c84a879bd37670ae4f538a\/internal_photos\/bs\/2020\/Y\/t\/1tvGEuRvOQvPlKCjvIug\/mu-1.jpg 640w, https:\/\/s2.glbimg.com\/hx1MyzBFvN2EEkxNzNETQBNsL0M=\/0x0:1280x960\/600x0\/smart\/filters:strip_icc()\/i.s3.glbimg.com\/v1\/AUTH_59edd422c0c84a879bd37670ae4f538a\/internal_photos\/bs\/2020\/Y\/t\/1tvGEuRvOQvPlKCjvIug\/mu-1.jpg 600w\" alt=\"T\u00eanis Clube de Presidente Prudente foi alagado durante o temporal nesta sexta-feira (4) \u2014 Foto: Murilo Zara\/TV Fronteira\" \/><\/figure>\n<p class=\"content-media__description \">T\u00eanis Clube de Presidente Prudente foi alagado durante o temporal nesta sexta-feira (4) \u2014 Foto: Murilo Zara\/TV Fronteira<\/p>\n<\/div>\n<\/div>\n<div class=\"row medium-uncollapsed content-media content-photo\" style=\"text-align: justify;\" data-block-type=\"backstage-photo\" data-block-id=\"46\">\n<div class=\"mc-column content-media__container\">\n<figure><img decoding=\"async\" class=\"i-amphtml-fill-content i-amphtml-replaced-content\" src=\"https:\/\/s2.glbimg.com\/YUsGo_lH3xAbQwjYRxG7v_1iATM=\/0x0:1280x960\/984x0\/smart\/filters:strip_icc()\/i.s3.glbimg.com\/v1\/AUTH_59edd422c0c84a879bd37670ae4f538a\/internal_photos\/bs\/2020\/m\/F\/3xfgcVRBK8GaAAWCz3yQ\/mu-2.jpg\" sizes=\"(max-width: 1366px) 648px, 100vw\" srcset=\"https:\/\/s2.glbimg.com\/7Zxk52Sm6cDrbxgSaKMKQcf38iY=\/0x0:1280x960\/1000x0\/smart\/filters:strip_icc()\/i.s3.glbimg.com\/v1\/AUTH_59edd422c0c84a879bd37670ae4f538a\/internal_photos\/bs\/2020\/m\/F\/3xfgcVRBK8GaAAWCz3yQ\/mu-2.jpg 1000w, https:\/\/s2.glbimg.com\/YUsGo_lH3xAbQwjYRxG7v_1iATM=\/0x0:1280x960\/984x0\/smart\/filters:strip_icc()\/i.s3.glbimg.com\/v1\/AUTH_59edd422c0c84a879bd37670ae4f538a\/internal_photos\/bs\/2020\/m\/F\/3xfgcVRBK8GaAAWCz3yQ\/mu-2.jpg 984w, https:\/\/s2.glbimg.com\/-Mf6l8voX5ki59oWUI5aKmSMr0Q=\/0x0:1280x960\/640x0\/smart\/filters:strip_icc()\/i.s3.glbimg.com\/v1\/AUTH_59edd422c0c84a879bd37670ae4f538a\/internal_photos\/bs\/2020\/m\/F\/3xfgcVRBK8GaAAWCz3yQ\/mu-2.jpg 640w, https:\/\/s2.glbimg.com\/Alce7dsRRyqDwj-z2THoXpYK-Bc=\/0x0:1280x960\/600x0\/smart\/filters:strip_icc()\/i.s3.glbimg.com\/v1\/AUTH_59edd422c0c84a879bd37670ae4f538a\/internal_photos\/bs\/2020\/m\/F\/3xfgcVRBK8GaAAWCz3yQ\/mu-2.jpg 600w\" alt=\"T\u00eanis Clube de Presidente Prudente foi alagado durante o temporal nesta sexta-feira (4) \u2014 Foto: Murilo Zara\/TV Fronteira\" \/><\/figure>\n<p class=\"content-media__description \">T\u00eanis Clube de Presidente Prudente foi alagado durante o temporal nesta sexta-feira (4) \u2014 Foto: Murilo Zara\/TV Fronteira<\/p>\n<\/div>\n<\/div>\n<div class=\"content-ads content-ads--reveal\" style=\"text-align: justify;\" data-block-type=\"ads\" data-block-id=\"47\">\n<div id=\"banner_materia__9cc5bcae-e4b4-4fb3-b477-9557b2b68812\" class=\"tag-manager-publicidade-container mc-has-reveal mc-has-ad-lazyload\" data-id=\"banner_materia__9cc5bcae-e4b4-4fb3-b477-9557b2b68812\"><\/div>\n<\/div>\n<div class=\"row medium-uncollapsed content-media content-photo\" style=\"text-align: justify;\" data-block-type=\"backstage-photo\" data-block-id=\"48\">\n<div class=\"mc-column content-media__container\">\n<figure><img decoding=\"async\" class=\"i-amphtml-fill-content i-amphtml-replaced-content\" src=\"https:\/\/s2.glbimg.com\/9Eq-aS3nOK5lKKhr-P7BhmNtB5A=\/0x0:1280x960\/984x0\/smart\/filters:strip_icc()\/i.s3.glbimg.com\/v1\/AUTH_59edd422c0c84a879bd37670ae4f538a\/internal_photos\/bs\/2020\/I\/4\/xSC9lHRBi5D8tGw2sKgw\/mu-3.jpg\" sizes=\"(max-width: 1366px) 648px, 100vw\" srcset=\"https:\/\/s2.glbimg.com\/tbj9jH5jOIrsiViS7O1UjJl6N8w=\/0x0:1280x960\/1000x0\/smart\/filters:strip_icc()\/i.s3.glbimg.com\/v1\/AUTH_59edd422c0c84a879bd37670ae4f538a\/internal_photos\/bs\/2020\/I\/4\/xSC9lHRBi5D8tGw2sKgw\/mu-3.jpg 1000w, https:\/\/s2.glbimg.com\/9Eq-aS3nOK5lKKhr-P7BhmNtB5A=\/0x0:1280x960\/984x0\/smart\/filters:strip_icc()\/i.s3.glbimg.com\/v1\/AUTH_59edd422c0c84a879bd37670ae4f538a\/internal_photos\/bs\/2020\/I\/4\/xSC9lHRBi5D8tGw2sKgw\/mu-3.jpg 984w, https:\/\/s2.glbimg.com\/YTyaRY3mAntgwX8MNLh3gGU0apk=\/0x0:1280x960\/640x0\/smart\/filters:strip_icc()\/i.s3.glbimg.com\/v1\/AUTH_59edd422c0c84a879bd37670ae4f538a\/internal_photos\/bs\/2020\/I\/4\/xSC9lHRBi5D8tGw2sKgw\/mu-3.jpg 640w, https:\/\/s2.glbimg.com\/fu_k8uwgYBlzXyCOygMX1Av-U_U=\/0x0:1280x960\/600x0\/smart\/filters:strip_icc()\/i.s3.glbimg.com\/v1\/AUTH_59edd422c0c84a879bd37670ae4f538a\/internal_photos\/bs\/2020\/I\/4\/xSC9lHRBi5D8tGw2sKgw\/mu-3.jpg 600w\" alt=\"T\u00eanis Clube de Presidente Prudente foi alagado durante o temporal nesta sexta-feira (4) \u2014 Foto: Murilo Zara\/TV Fronteira\" \/><\/figure>\n<p class=\"content-media__description \">T\u00eanis Clube de Presidente Prudente foi alagado durante o temporal nesta sexta-feira (4) \u2014 Foto: Murilo Zara\/TV Fronteira<\/p>\n<\/div>\n<\/div>\n<div class=\"row medium-uncollapsed content-media content-photo\" style=\"text-align: justify;\" data-block-type=\"backstage-photo\" data-block-id=\"49\">\n<div class=\"mc-column content-media__container\">\n<figure><img decoding=\"async\" class=\"i-amphtml-fill-content i-amphtml-replaced-content\" src=\"https:\/\/s2.glbimg.com\/y75iaUWi-hkjVMCb0-LtBE40VRI=\/0x0:1280x960\/984x0\/smart\/filters:strip_icc()\/i.s3.glbimg.com\/v1\/AUTH_59edd422c0c84a879bd37670ae4f538a\/internal_photos\/bs\/2020\/I\/z\/42EtxhTBALCwYOZ6FUAQ\/mu-4.jpg\" sizes=\"(max-width: 1366px) 648px, 100vw\" srcset=\"https:\/\/s2.glbimg.com\/Amj2ZReGy_ZbAT6bMksSlfqrXj8=\/0x0:1280x960\/1000x0\/smart\/filters:strip_icc()\/i.s3.glbimg.com\/v1\/AUTH_59edd422c0c84a879bd37670ae4f538a\/internal_photos\/bs\/2020\/I\/z\/42EtxhTBALCwYOZ6FUAQ\/mu-4.jpg 1000w, https:\/\/s2.glbimg.com\/y75iaUWi-hkjVMCb0-LtBE40VRI=\/0x0:1280x960\/984x0\/smart\/filters:strip_icc()\/i.s3.glbimg.com\/v1\/AUTH_59edd422c0c84a879bd37670ae4f538a\/internal_photos\/bs\/2020\/I\/z\/42EtxhTBALCwYOZ6FUAQ\/mu-4.jpg 984w, https:\/\/s2.glbimg.com\/avWUuAMfhVptTfkVQhNe9pFxikw=\/0x0:1280x960\/640x0\/smart\/filters:strip_icc()\/i.s3.glbimg.com\/v1\/AUTH_59edd422c0c84a879bd37670ae4f538a\/internal_photos\/bs\/2020\/I\/z\/42EtxhTBALCwYOZ6FUAQ\/mu-4.jpg 640w, https:\/\/s2.glbimg.com\/NJRu0lkAIWKNnT7oubcE7_nm8ic=\/0x0:1280x960\/600x0\/smart\/filters:strip_icc()\/i.s3.glbimg.com\/v1\/AUTH_59edd422c0c84a879bd37670ae4f538a\/internal_photos\/bs\/2020\/I\/z\/42EtxhTBALCwYOZ6FUAQ\/mu-4.jpg 600w\" alt=\"T\u00eanis Clube de Presidente Prudente foi alagado durante o temporal nesta sexta-feira (4) \u2014 Foto: Murilo Zara\/TV Fronteira\" \/><\/figure>\n<p class=\"content-media__description \">T\u00eanis Clube de Presidente Prudente foi alagado durante o temporal nesta sexta-feira (4) \u2014 Foto: Murilo Zara\/TV Fronteira<\/p>\n<\/div>\n<\/div>\n<div class=\"row medium-uncollapsed content-media content-photo\" style=\"text-align: justify;\" data-block-type=\"backstage-photo\" data-block-id=\"50\">\n<div class=\"mc-column content-media__container\">\n<figure><img decoding=\"async\" class=\"i-amphtml-fill-content i-amphtml-replaced-content\" src=\"https:\/\/s2.glbimg.com\/o37_khzXiTydYLdIajb3Lf2YUbk=\/0x0:1280x718\/984x0\/smart\/filters:strip_icc()\/i.s3.glbimg.com\/v1\/AUTH_59edd422c0c84a879bd37670ae4f538a\/internal_photos\/bs\/2020\/g\/L\/MffjjnTQATcB59BodONQ\/mu-7.jpg\" sizes=\"(max-width: 1366px) 648px, 100vw\" srcset=\"https:\/\/s2.glbimg.com\/YKqNYyMl66z1EJBU3j6xAMFqcmM=\/0x0:1280x718\/1000x0\/smart\/filters:strip_icc()\/i.s3.glbimg.com\/v1\/AUTH_59edd422c0c84a879bd37670ae4f538a\/internal_photos\/bs\/2020\/g\/L\/MffjjnTQATcB59BodONQ\/mu-7.jpg 1000w, https:\/\/s2.glbimg.com\/o37_khzXiTydYLdIajb3Lf2YUbk=\/0x0:1280x718\/984x0\/smart\/filters:strip_icc()\/i.s3.glbimg.com\/v1\/AUTH_59edd422c0c84a879bd37670ae4f538a\/internal_photos\/bs\/2020\/g\/L\/MffjjnTQATcB59BodONQ\/mu-7.jpg 984w, https:\/\/s2.glbimg.com\/rItDtGP0MSuiklom_zB42-CHwY8=\/0x0:1280x718\/640x0\/smart\/filters:strip_icc()\/i.s3.glbimg.com\/v1\/AUTH_59edd422c0c84a879bd37670ae4f538a\/internal_photos\/bs\/2020\/g\/L\/MffjjnTQATcB59BodONQ\/mu-7.jpg 640w, https:\/\/s2.glbimg.com\/Arvd5_2VRIhv2vkEhjGcfBjMfvw=\/0x0:1280x718\/600x0\/smart\/filters:strip_icc()\/i.s3.glbimg.com\/v1\/AUTH_59edd422c0c84a879bd37670ae4f538a\/internal_photos\/bs\/2020\/g\/L\/MffjjnTQATcB59BodONQ\/mu-7.jpg 600w\" alt=\"T\u00eanis Clube de Presidente Prudente foi alagado durante o temporal nesta sexta-feira (4) \u2014 Foto: Murilo Zara\/TV Fronteira\" \/><\/figure>\n<p class=\"content-media__description \">T\u00eanis Clube de Presidente Prudente foi alagado durante o temporal nesta sexta-feira (4) \u2014 Foto: Murilo Zara\/TV Fronteira<\/p>\n<\/div>\n<\/div>\n<div class=\"content-ads content-ads--reveal\" style=\"text-align: justify;\" data-block-type=\"ads\" data-block-id=\"51\">\n<div id=\"banner_materia__b362090b-6e6d-4051-9a99-3e488f5e8726\" class=\"tag-manager-publicidade-container mc-has-reveal mc-has-ad-lazyload\" data-id=\"banner_materia__b362090b-6e6d-4051-9a99-3e488f5e8726\"><\/div>\n<\/div>\n<div class=\"row medium-uncollapsed content-media content-photo\" style=\"text-align: justify;\" data-block-type=\"backstage-photo\" data-block-id=\"52\">\n<div class=\"mc-column content-media__container\">\n<figure><img decoding=\"async\" class=\"i-amphtml-fill-content i-amphtml-replaced-content\" src=\"https:\/\/s2.glbimg.com\/IbMFjIQdkgwlqufn03hCQx22HKE=\/0x0:1280x960\/984x0\/smart\/filters:strip_icc()\/i.s3.glbimg.com\/v1\/AUTH_59edd422c0c84a879bd37670ae4f538a\/internal_photos\/bs\/2020\/f\/D\/SUEY4YRMOrzxWEB1W5ew\/mu-5.jpg\" sizes=\"(max-width: 1366px) 648px, 100vw\" srcset=\"https:\/\/s2.glbimg.com\/o_-6mQ2zt36K3FgT01ZWhRUyKk0=\/0x0:1280x960\/1000x0\/smart\/filters:strip_icc()\/i.s3.glbimg.com\/v1\/AUTH_59edd422c0c84a879bd37670ae4f538a\/internal_photos\/bs\/2020\/f\/D\/SUEY4YRMOrzxWEB1W5ew\/mu-5.jpg 1000w, https:\/\/s2.glbimg.com\/IbMFjIQdkgwlqufn03hCQx22HKE=\/0x0:1280x960\/984x0\/smart\/filters:strip_icc()\/i.s3.glbimg.com\/v1\/AUTH_59edd422c0c84a879bd37670ae4f538a\/internal_photos\/bs\/2020\/f\/D\/SUEY4YRMOrzxWEB1W5ew\/mu-5.jpg 984w, https:\/\/s2.glbimg.com\/ux236NbZNpnPxlwTNsicyGJ_z1g=\/0x0:1280x960\/640x0\/smart\/filters:strip_icc()\/i.s3.glbimg.com\/v1\/AUTH_59edd422c0c84a879bd37670ae4f538a\/internal_photos\/bs\/2020\/f\/D\/SUEY4YRMOrzxWEB1W5ew\/mu-5.jpg 640w, https:\/\/s2.glbimg.com\/Z2tLl3qaI8g1O0aG9Dst12tTlu0=\/0x0:1280x960\/600x0\/smart\/filters:strip_icc()\/i.s3.glbimg.com\/v1\/AUTH_59edd422c0c84a879bd37670ae4f538a\/internal_photos\/bs\/2020\/f\/D\/SUEY4YRMOrzxWEB1W5ew\/mu-5.jpg 600w\" alt=\"Temporal provocou estragos em Presidente Prudente nesta sexta-feira (4) \u2014 Foto: Murilo Zara\/TV Fronteira\" \/><\/figure>\n<p class=\"content-media__description \">Temporal provocou estragos em Presidente Prudente nesta sexta-feira (4) \u2014 Foto: Murilo Zara\/TV Fronteira<\/p>\n<\/div>\n<\/div>\n<div class=\"row medium-uncollapsed content-media content-photo\" style=\"text-align: justify;\" data-block-type=\"backstage-photo\" data-block-id=\"53\">\n<div class=\"mc-column content-media__container\">\n<figure><img decoding=\"async\" class=\"i-amphtml-fill-content i-amphtml-replaced-content\" src=\"https:\/\/s2.glbimg.com\/e-kNtwdc3e4tC-DlxgZjX2r3ryw=\/0x0:1280x960\/984x0\/smart\/filters:strip_icc()\/i.s3.glbimg.com\/v1\/AUTH_59edd422c0c84a879bd37670ae4f538a\/internal_photos\/bs\/2020\/E\/3\/NILv5xS52kLAGPPyeglQ\/mu-6.jpg\" sizes=\"(max-width: 1366px) 648px, 100vw\" srcset=\"https:\/\/s2.glbimg.com\/ffq1dG8V4YNr9r2d3D5h_elOz9A=\/0x0:1280x960\/1000x0\/smart\/filters:strip_icc()\/i.s3.glbimg.com\/v1\/AUTH_59edd422c0c84a879bd37670ae4f538a\/internal_photos\/bs\/2020\/E\/3\/NILv5xS52kLAGPPyeglQ\/mu-6.jpg 1000w, https:\/\/s2.glbimg.com\/e-kNtwdc3e4tC-DlxgZjX2r3ryw=\/0x0:1280x960\/984x0\/smart\/filters:strip_icc()\/i.s3.glbimg.com\/v1\/AUTH_59edd422c0c84a879bd37670ae4f538a\/internal_photos\/bs\/2020\/E\/3\/NILv5xS52kLAGPPyeglQ\/mu-6.jpg 984w, https:\/\/s2.glbimg.com\/mosPYkKk4v5GYXHpFTx3xPNF0IU=\/0x0:1280x960\/640x0\/smart\/filters:strip_icc()\/i.s3.glbimg.com\/v1\/AUTH_59edd422c0c84a879bd37670ae4f538a\/internal_photos\/bs\/2020\/E\/3\/NILv5xS52kLAGPPyeglQ\/mu-6.jpg 640w, https:\/\/s2.glbimg.com\/sXhH7W6MOXk8pIPtD2W8Gs7NL_4=\/0x0:1280x960\/600x0\/smart\/filters:strip_icc()\/i.s3.glbimg.com\/v1\/AUTH_59edd422c0c84a879bd37670ae4f538a\/internal_photos\/bs\/2020\/E\/3\/NILv5xS52kLAGPPyeglQ\/mu-6.jpg 600w\" alt=\"Temporal provocou estragos em Presidente Prudente nesta sexta-feira (4) \u2014 Foto: Murilo Zara\/TV Fronteira\" \/><\/figure>\n<p class=\"content-media__description \">Temporal provocou estragos em Presidente Prudente nesta sexta-feira (4) \u2014 Foto: Murilo Zara\/TV Fronteira<\/p>\n<\/div>\n<\/div>\n<div class=\"row medium-uncollapsed content-media content-photo\" style=\"text-align: justify;\" data-block-type=\"backstage-photo\" data-block-id=\"54\">\n<div class=\"mc-column content-media__container\">\n<figure><img decoding=\"async\" class=\"i-amphtml-fill-content i-amphtml-replaced-content\" src=\"https:\/\/s2.glbimg.com\/D_MZ-S6ac_u6feLLFQeepZ0X_qY=\/0x0:1280x960\/984x0\/smart\/filters:strip_icc()\/i.s3.glbimg.com\/v1\/AUTH_59edd422c0c84a879bd37670ae4f538a\/internal_photos\/bs\/2020\/K\/B\/dFA8KLTkqdgZLHe8sxyA\/mu-9.jpg\" sizes=\"(max-width: 1366px) 648px, 100vw\" srcset=\"https:\/\/s2.glbimg.com\/6N3aQEbt9pVu-CutpeeGZoz1A-o=\/0x0:1280x960\/1000x0\/smart\/filters:strip_icc()\/i.s3.glbimg.com\/v1\/AUTH_59edd422c0c84a879bd37670ae4f538a\/internal_photos\/bs\/2020\/K\/B\/dFA8KLTkqdgZLHe8sxyA\/mu-9.jpg 1000w, https:\/\/s2.glbimg.com\/D_MZ-S6ac_u6feLLFQeepZ0X_qY=\/0x0:1280x960\/984x0\/smart\/filters:strip_icc()\/i.s3.glbimg.com\/v1\/AUTH_59edd422c0c84a879bd37670ae4f538a\/internal_photos\/bs\/2020\/K\/B\/dFA8KLTkqdgZLHe8sxyA\/mu-9.jpg 984w, https:\/\/s2.glbimg.com\/cyFmrQjRWIeGyEF8Q-1Xg2xs9yA=\/0x0:1280x960\/640x0\/smart\/filters:strip_icc()\/i.s3.glbimg.com\/v1\/AUTH_59edd422c0c84a879bd37670ae4f538a\/internal_photos\/bs\/2020\/K\/B\/dFA8KLTkqdgZLHe8sxyA\/mu-9.jpg 640w, https:\/\/s2.glbimg.com\/_0cLzzDUrXAeQudLHD4rqzTFMFA=\/0x0:1280x960\/600x0\/smart\/filters:strip_icc()\/i.s3.glbimg.com\/v1\/AUTH_59edd422c0c84a879bd37670ae4f538a\/internal_photos\/bs\/2020\/K\/B\/dFA8KLTkqdgZLHe8sxyA\/mu-9.jpg 600w\" alt=\"Temporal provocou estragos em Presidente Prudente nesta sexta-feira (4) \u2014 Foto: Murilo Zara\/TV Fronteira\" \/><\/figure>\n<p class=\"content-media__description \">Temporal provocou estragos em Presidente Prudente nesta sexta-feira (4) \u2014 Foto: Murilo Zara\/TV Fronteira<\/p>\n<\/div>\n<\/div>\n<div class=\"content-ads content-ads--reveal\" style=\"text-align: justify;\" data-block-type=\"ads\" data-block-id=\"55\">\n<div id=\"banner_materia__8ad97d73-cde0-48cf-8878-ebe1775d1f20\" class=\"tag-manager-publicidade-container mc-has-reveal mc-has-ad-lazyload\" data-id=\"banner_materia__8ad97d73-cde0-48cf-8878-ebe1775d1f20\"><\/div>\n<\/div>\n<div class=\"row medium-uncollapsed content-media content-photo\" style=\"text-align: justify;\" data-block-type=\"backstage-photo\" data-block-id=\"56\">\n<div class=\"mc-column content-media__container\">\n<figure><img decoding=\"async\" class=\"i-amphtml-fill-content i-amphtml-replaced-content\" src=\"https:\/\/s2.glbimg.com\/Bg9Ob7Z5cMGrHrABaZ173my880g=\/0x0:1280x960\/984x0\/smart\/filters:strip_icc()\/i.s3.glbimg.com\/v1\/AUTH_59edd422c0c84a879bd37670ae4f538a\/internal_photos\/bs\/2020\/g\/a\/A1OaP0QqWPbOfwOCDGOw\/mu-10.jpg\" sizes=\"(max-width: 1366px) 648px, 100vw\" srcset=\"https:\/\/s2.glbimg.com\/Q2FMEWh2MnD-Qs0AGu7ZH4mIrDA=\/0x0:1280x960\/1000x0\/smart\/filters:strip_icc()\/i.s3.glbimg.com\/v1\/AUTH_59edd422c0c84a879bd37670ae4f538a\/internal_photos\/bs\/2020\/g\/a\/A1OaP0QqWPbOfwOCDGOw\/mu-10.jpg 1000w, https:\/\/s2.glbimg.com\/Bg9Ob7Z5cMGrHrABaZ173my880g=\/0x0:1280x960\/984x0\/smart\/filters:strip_icc()\/i.s3.glbimg.com\/v1\/AUTH_59edd422c0c84a879bd37670ae4f538a\/internal_photos\/bs\/2020\/g\/a\/A1OaP0QqWPbOfwOCDGOw\/mu-10.jpg 984w, https:\/\/s2.glbimg.com\/StIjfA6i1FKnfcTbIN9Z_OYsWp0=\/0x0:1280x960\/640x0\/smart\/filters:strip_icc()\/i.s3.glbimg.com\/v1\/AUTH_59edd422c0c84a879bd37670ae4f538a\/internal_photos\/bs\/2020\/g\/a\/A1OaP0QqWPbOfwOCDGOw\/mu-10.jpg 640w, https:\/\/s2.glbimg.com\/QpHLljehK36dXGiReQXQ_-DK4Qc=\/0x0:1280x960\/600x0\/smart\/filters:strip_icc()\/i.s3.glbimg.com\/v1\/AUTH_59edd422c0c84a879bd37670ae4f538a\/internal_photos\/bs\/2020\/g\/a\/A1OaP0QqWPbOfwOCDGOw\/mu-10.jpg 600w\" alt=\"Temporal provocou estragos em Presidente Prudente nesta sexta-feira (4) \u2014 Foto: Murilo Zara\/TV Fronteira\" \/><\/figure>\n<p class=\"content-media__description \">Temporal provocou estragos em Presidente Prudente nesta sexta-feira (4) \u2014 Foto: Murilo Zara\/TV Fronteira<\/p>\n<\/div>\n<\/div>\n<div class=\"row medium-uncollapsed content-media content-photo\" style=\"text-align: justify;\" data-block-type=\"backstage-photo\" data-block-id=\"57\">\n<div class=\"mc-column content-media__container\">\n<figure><img decoding=\"async\" class=\"i-amphtml-fill-content i-amphtml-replaced-content\" src=\"https:\/\/s2.glbimg.com\/6lfIIBnNZj6pS19XcFSUSH6eRLs=\/0x0:1280x960\/984x0\/smart\/filters:strip_icc()\/i.s3.glbimg.com\/v1\/AUTH_59edd422c0c84a879bd37670ae4f538a\/internal_photos\/bs\/2020\/L\/y\/4ceD5OTtS4QuamFrJwmA\/mu-8.jpg\" sizes=\"(max-width: 1366px) 648px, 100vw\" srcset=\"https:\/\/s2.glbimg.com\/hWEGVEsU6O1gz0fihWkYAgnfqNY=\/0x0:1280x960\/1000x0\/smart\/filters:strip_icc()\/i.s3.glbimg.com\/v1\/AUTH_59edd422c0c84a879bd37670ae4f538a\/internal_photos\/bs\/2020\/L\/y\/4ceD5OTtS4QuamFrJwmA\/mu-8.jpg 1000w, https:\/\/s2.glbimg.com\/6lfIIBnNZj6pS19XcFSUSH6eRLs=\/0x0:1280x960\/984x0\/smart\/filters:strip_icc()\/i.s3.glbimg.com\/v1\/AUTH_59edd422c0c84a879bd37670ae4f538a\/internal_photos\/bs\/2020\/L\/y\/4ceD5OTtS4QuamFrJwmA\/mu-8.jpg 984w, https:\/\/s2.glbimg.com\/UrNgzTI2LIAmARzEghDBM6cQxLU=\/0x0:1280x960\/640x0\/smart\/filters:strip_icc()\/i.s3.glbimg.com\/v1\/AUTH_59edd422c0c84a879bd37670ae4f538a\/internal_photos\/bs\/2020\/L\/y\/4ceD5OTtS4QuamFrJwmA\/mu-8.jpg 640w, https:\/\/s2.glbimg.com\/HNJOjs9tmCNxWJNc2CsWKpu4pBo=\/0x0:1280x960\/600x0\/smart\/filters:strip_icc()\/i.s3.glbimg.com\/v1\/AUTH_59edd422c0c84a879bd37670ae4f538a\/internal_photos\/bs\/2020\/L\/y\/4ceD5OTtS4QuamFrJwmA\/mu-8.jpg 600w\" alt=\"Temporal provocou estragos em Presidente Prudente nesta sexta-feira (4) \u2014 Foto: Murilo Zara\/TV Fronteira\" \/><\/figure>\n<p class=\"content-media__description \">Temporal provocou estragos em Presidente Prudente nesta sexta-feira (4) \u2014 Foto: Murilo Zara\/TV Fronteira<\/p>\n<\/div>\n<\/div>\n<div class=\"row medium-uncollapsed content-media content-photo\" style=\"text-align: justify;\" data-block-type=\"backstage-photo\" data-block-id=\"58\">\n<div class=\"mc-column content-media__container\">\n<figure><img decoding=\"async\" class=\"i-amphtml-fill-content i-amphtml-replaced-content\" src=\"https:\/\/s2.glbimg.com\/F676KAk1vOVOPJSzAlckE43NVnI=\/0x0:1280x960\/984x0\/smart\/filters:strip_icc()\/i.s3.glbimg.com\/v1\/AUTH_59edd422c0c84a879bd37670ae4f538a\/internal_photos\/bs\/2020\/s\/W\/8yORYATcKmHzrCPXTyDA\/mu-11.jpg\" sizes=\"(max-width: 1366px) 648px, 100vw\" srcset=\"https:\/\/s2.glbimg.com\/wTDkoDxueVqVb55u4i0Zt4NHbLQ=\/0x0:1280x960\/1000x0\/smart\/filters:strip_icc()\/i.s3.glbimg.com\/v1\/AUTH_59edd422c0c84a879bd37670ae4f538a\/internal_photos\/bs\/2020\/s\/W\/8yORYATcKmHzrCPXTyDA\/mu-11.jpg 1000w, https:\/\/s2.glbimg.com\/F676KAk1vOVOPJSzAlckE43NVnI=\/0x0:1280x960\/984x0\/smart\/filters:strip_icc()\/i.s3.glbimg.com\/v1\/AUTH_59edd422c0c84a879bd37670ae4f538a\/internal_photos\/bs\/2020\/s\/W\/8yORYATcKmHzrCPXTyDA\/mu-11.jpg 984w, https:\/\/s2.glbimg.com\/qSFBrK5unhVKRUqh7JWZIgDhsW4=\/0x0:1280x960\/640x0\/smart\/filters:strip_icc()\/i.s3.glbimg.com\/v1\/AUTH_59edd422c0c84a879bd37670ae4f538a\/internal_photos\/bs\/2020\/s\/W\/8yORYATcKmHzrCPXTyDA\/mu-11.jpg 640w, https:\/\/s2.glbimg.com\/pG2UOMc6IzD3BdWoehP5PHM5OGU=\/0x0:1280x960\/600x0\/smart\/filters:strip_icc()\/i.s3.glbimg.com\/v1\/AUTH_59edd422c0c84a879bd37670ae4f538a\/internal_photos\/bs\/2020\/s\/W\/8yORYATcKmHzrCPXTyDA\/mu-11.jpg 600w\" alt=\"Temporal provocou estragos em Presidente Prudente nesta sexta-feira (4) \u2014 Foto: Murilo Zara\/TV Fronteira\" \/><\/figure>\n<p class=\"content-media__description \">Temporal provocou estragos em Presidente Prudente nesta sexta-feira (4) \u2014 Foto: Murilo Zara\/TV Fronteira<\/p>\n<\/div>\n<\/div>\n<div class=\"content-ads content-ads--reveal\" style=\"text-align: justify;\" data-block-type=\"ads\" data-block-id=\"59\">\n<div id=\"banner_materia__617ec395-3a2d-40bd-98f1-376df7ab507b\" class=\"tag-manager-publicidade-container mc-has-reveal mc-has-ad-lazyload\" data-id=\"banner_materia__617ec395-3a2d-40bd-98f1-376df7ab507b\"><\/div>\n<\/div>\n<div class=\"row medium-uncollapsed content-media content-photo\" style=\"text-align: justify;\" data-block-type=\"backstage-photo\" data-block-id=\"60\">\n<div class=\"mc-column content-media__container\">\n<figure><img decoding=\"async\" class=\"i-amphtml-fill-content i-amphtml-replaced-content\" src=\"https:\/\/s2.glbimg.com\/MO0M402olnntJaHUKc6uWTm8M4Q=\/0x0:1280x960\/984x0\/smart\/filters:strip_icc()\/i.s3.glbimg.com\/v1\/AUTH_59edd422c0c84a879bd37670ae4f538a\/internal_photos\/bs\/2020\/X\/e\/Qb6Ib3RTiNCLpXq4OBiQ\/mu-12.jpg\" sizes=\"(max-width: 1366px) 648px, 100vw\" srcset=\"https:\/\/s2.glbimg.com\/9p3mEd08o_xXvONYpTuQp2_byJY=\/0x0:1280x960\/1000x0\/smart\/filters:strip_icc()\/i.s3.glbimg.com\/v1\/AUTH_59edd422c0c84a879bd37670ae4f538a\/internal_photos\/bs\/2020\/X\/e\/Qb6Ib3RTiNCLpXq4OBiQ\/mu-12.jpg 1000w, https:\/\/s2.glbimg.com\/MO0M402olnntJaHUKc6uWTm8M4Q=\/0x0:1280x960\/984x0\/smart\/filters:strip_icc()\/i.s3.glbimg.com\/v1\/AUTH_59edd422c0c84a879bd37670ae4f538a\/internal_photos\/bs\/2020\/X\/e\/Qb6Ib3RTiNCLpXq4OBiQ\/mu-12.jpg 984w, https:\/\/s2.glbimg.com\/VGfBw_di52MoO81HxCNxWupQ2LQ=\/0x0:1280x960\/640x0\/smart\/filters:strip_icc()\/i.s3.glbimg.com\/v1\/AUTH_59edd422c0c84a879bd37670ae4f538a\/internal_photos\/bs\/2020\/X\/e\/Qb6Ib3RTiNCLpXq4OBiQ\/mu-12.jpg 640w, https:\/\/s2.glbimg.com\/yDqF_W5fccLuMXOEFB1J-h100Gg=\/0x0:1280x960\/600x0\/smart\/filters:strip_icc()\/i.s3.glbimg.com\/v1\/AUTH_59edd422c0c84a879bd37670ae4f538a\/internal_photos\/bs\/2020\/X\/e\/Qb6Ib3RTiNCLpXq4OBiQ\/mu-12.jpg 600w\" alt=\"Temporal provocou estragos em Presidente Prudente nesta sexta-feira (4) \u2014 Foto: Murilo Zara\/TV Fronteira\" \/><\/figure>\n<p class=\"content-media__description \">Temporal provocou estragos em Presidente Prudente nesta sexta-feira (4) \u2014 Foto: Murilo Zara\/TV Fronteira<\/p>\n<\/div>\n<\/div>\n<div class=\"row medium-uncollapsed content-media content-photo\" style=\"text-align: justify;\" data-block-type=\"backstage-photo\" data-block-id=\"61\">\n<div class=\"mc-column content-media__container\">\n<figure><img decoding=\"async\" class=\"i-amphtml-fill-content i-amphtml-replaced-content\" src=\"https:\/\/s2.glbimg.com\/L7hUbhGYnh6cNnjHHX53dI5JE1s=\/0x0:1280x960\/984x0\/smart\/filters:strip_icc()\/i.s3.glbimg.com\/v1\/AUTH_59edd422c0c84a879bd37670ae4f538a\/internal_photos\/bs\/2020\/n\/H\/xlRR3lTASiAK93j2U4BA\/mu-13.jpg\" sizes=\"(max-width: 1366px) 648px, 100vw\" srcset=\"https:\/\/s2.glbimg.com\/LPJwtnNZ58V1rqww8P1ED9DXJeU=\/0x0:1280x960\/1000x0\/smart\/filters:strip_icc()\/i.s3.glbimg.com\/v1\/AUTH_59edd422c0c84a879bd37670ae4f538a\/internal_photos\/bs\/2020\/n\/H\/xlRR3lTASiAK93j2U4BA\/mu-13.jpg 1000w, https:\/\/s2.glbimg.com\/L7hUbhGYnh6cNnjHHX53dI5JE1s=\/0x0:1280x960\/984x0\/smart\/filters:strip_icc()\/i.s3.glbimg.com\/v1\/AUTH_59edd422c0c84a879bd37670ae4f538a\/internal_photos\/bs\/2020\/n\/H\/xlRR3lTASiAK93j2U4BA\/mu-13.jpg 984w, https:\/\/s2.glbimg.com\/mJltwmNzKF9npKLQ0eYGcmCvfoE=\/0x0:1280x960\/640x0\/smart\/filters:strip_icc()\/i.s3.glbimg.com\/v1\/AUTH_59edd422c0c84a879bd37670ae4f538a\/internal_photos\/bs\/2020\/n\/H\/xlRR3lTASiAK93j2U4BA\/mu-13.jpg 640w, https:\/\/s2.glbimg.com\/goklZy_CjVHE3kuW06R2YNIq9dA=\/0x0:1280x960\/600x0\/smart\/filters:strip_icc()\/i.s3.glbimg.com\/v1\/AUTH_59edd422c0c84a879bd37670ae4f538a\/internal_photos\/bs\/2020\/n\/H\/xlRR3lTASiAK93j2U4BA\/mu-13.jpg 600w\" alt=\"Temporal provocou estragos em Presidente Prudente nesta sexta-feira (4) \u2014 Foto: Murilo Zara\/TV Fronteira\" \/><\/figure>\n<p class=\"content-media__description \">Temporal provocou estragos em Presidente Prudente nesta sexta-feira (4) \u2014 Foto: Murilo Zara\/TV Fronteira<\/p>\n<\/div>\n<\/div>\n<div class=\"row medium-uncollapsed content-media content-photo\" style=\"text-align: justify;\" data-block-type=\"backstage-photo\" data-block-id=\"62\">\n<div class=\"mc-column content-media__container\">\n<figure><img decoding=\"async\" class=\"i-amphtml-fill-content i-amphtml-replaced-content\" src=\"https:\/\/s2.glbimg.com\/x3UZt5Y-_ugmslJguw-TOZ25uOQ=\/0x0:1280x960\/984x0\/smart\/filters:strip_icc()\/i.s3.glbimg.com\/v1\/AUTH_59edd422c0c84a879bd37670ae4f538a\/internal_photos\/bs\/2020\/n\/d\/pjdylDQNKBoBClPTAR1A\/mu-14.jpg\" sizes=\"(max-width: 1366px) 648px, 100vw\" srcset=\"https:\/\/s2.glbimg.com\/xlyOFHEVhnbTuJfHA_gTkS-2eSE=\/0x0:1280x960\/1000x0\/smart\/filters:strip_icc()\/i.s3.glbimg.com\/v1\/AUTH_59edd422c0c84a879bd37670ae4f538a\/internal_photos\/bs\/2020\/n\/d\/pjdylDQNKBoBClPTAR1A\/mu-14.jpg 1000w, https:\/\/s2.glbimg.com\/x3UZt5Y-_ugmslJguw-TOZ25uOQ=\/0x0:1280x960\/984x0\/smart\/filters:strip_icc()\/i.s3.glbimg.com\/v1\/AUTH_59edd422c0c84a879bd37670ae4f538a\/internal_photos\/bs\/2020\/n\/d\/pjdylDQNKBoBClPTAR1A\/mu-14.jpg 984w, https:\/\/s2.glbimg.com\/G0aVzFw3e_NWa_tpHSUeOslxuVk=\/0x0:1280x960\/640x0\/smart\/filters:strip_icc()\/i.s3.glbimg.com\/v1\/AUTH_59edd422c0c84a879bd37670ae4f538a\/internal_photos\/bs\/2020\/n\/d\/pjdylDQNKBoBClPTAR1A\/mu-14.jpg 640w, https:\/\/s2.glbimg.com\/DAr5qNgw0NPYgj5UT-59ugUWsq8=\/0x0:1280x960\/600x0\/smart\/filters:strip_icc()\/i.s3.glbimg.com\/v1\/AUTH_59edd422c0c84a879bd37670ae4f538a\/internal_photos\/bs\/2020\/n\/d\/pjdylDQNKBoBClPTAR1A\/mu-14.jpg 600w\" alt=\"Temporal provocou estragos em Presidente Prudente nesta sexta-feira (4) \u2014 Foto: Murilo Zara\/TV Fronteira\" \/><\/figure>\n<p class=\"content-media__description \">Temporal provocou estragos em Presidente Prudente nesta sexta-feira (4) \u2014 Foto: Murilo Zara\/TV Fronteira<\/p>\n<\/div>\n<\/div>\n<div class=\"content-ads content-ads--reveal\" style=\"text-align: justify;\" data-block-type=\"ads\" data-block-id=\"63\">\n<div id=\"banner_materia__df8e1024-3892-4ea3-bf95-f0e1e0782b36\" class=\"tag-manager-publicidade-container mc-has-reveal mc-has-ad-lazyload\" data-id=\"banner_materia__df8e1024-3892-4ea3-bf95-f0e1e0782b36\"><\/div>\n<\/div>\n<div class=\"row medium-uncollapsed content-media content-photo\" style=\"text-align: justify;\" data-block-type=\"backstage-photo\" data-block-id=\"64\">\n<div class=\"mc-column content-media__container\">\n<figure><img decoding=\"async\" class=\"i-amphtml-fill-content i-amphtml-replaced-content\" src=\"https:\/\/s2.glbimg.com\/LNvzHmVz3-18RIiACktlW97vacg=\/0x0:1280x960\/984x0\/smart\/filters:strip_icc()\/i.s3.glbimg.com\/v1\/AUTH_59edd422c0c84a879bd37670ae4f538a\/internal_photos\/bs\/2020\/a\/z\/BOXlDUSFu1eYZkyZYACw\/mu-15.jpg\" sizes=\"(max-width: 1366px) 648px, 100vw\" srcset=\"https:\/\/s2.glbimg.com\/ad32xAnz4Euj3hSdhEPzf6Ml3fA=\/0x0:1280x960\/1000x0\/smart\/filters:strip_icc()\/i.s3.glbimg.com\/v1\/AUTH_59edd422c0c84a879bd37670ae4f538a\/internal_photos\/bs\/2020\/a\/z\/BOXlDUSFu1eYZkyZYACw\/mu-15.jpg 1000w, https:\/\/s2.glbimg.com\/LNvzHmVz3-18RIiACktlW97vacg=\/0x0:1280x960\/984x0\/smart\/filters:strip_icc()\/i.s3.glbimg.com\/v1\/AUTH_59edd422c0c84a879bd37670ae4f538a\/internal_photos\/bs\/2020\/a\/z\/BOXlDUSFu1eYZkyZYACw\/mu-15.jpg 984w, https:\/\/s2.glbimg.com\/MlFCX7rqF-FSBUaeYIzQnim0kT8=\/0x0:1280x960\/640x0\/smart\/filters:strip_icc()\/i.s3.glbimg.com\/v1\/AUTH_59edd422c0c84a879bd37670ae4f538a\/internal_photos\/bs\/2020\/a\/z\/BOXlDUSFu1eYZkyZYACw\/mu-15.jpg 640w, https:\/\/s2.glbimg.com\/w7q-9u2nBqoB7Gx3SE7h0Q2CPZQ=\/0x0:1280x960\/600x0\/smart\/filters:strip_icc()\/i.s3.glbimg.com\/v1\/AUTH_59edd422c0c84a879bd37670ae4f538a\/internal_photos\/bs\/2020\/a\/z\/BOXlDUSFu1eYZkyZYACw\/mu-15.jpg 600w\" alt=\"Temporal provocou estragos em Presidente Prudente nesta sexta-feira (4) \u2014 Foto: Murilo Zara\/TV Fronteira\" \/><\/figure>\n<p class=\"content-media__description \">Temporal provocou estragos em Presidente Prudente nesta sexta-feira (4) \u2014 Foto: Murilo Zara\/TV Fronteira<\/p>\n<\/div>\n<\/div>\n<div class=\"row medium-uncollapsed content-media content-photo\" style=\"text-align: justify;\" data-block-type=\"backstage-photo\" data-block-id=\"65\">\n<div class=\"mc-column content-media__container\">\n<figure><img decoding=\"async\" class=\"i-amphtml-fill-content i-amphtml-replaced-content\" src=\"https:\/\/s2.glbimg.com\/FAapt-__HTmE4QMke8OhIu3zzL8=\/0x0:1280x960\/984x0\/smart\/filters:strip_icc()\/i.s3.glbimg.com\/v1\/AUTH_59edd422c0c84a879bd37670ae4f538a\/internal_photos\/bs\/2020\/W\/S\/GlCtBMSAyfBsI5nps02g\/mu-16.jpg\" sizes=\"(max-width: 1366px) 648px, 100vw\" srcset=\"https:\/\/s2.glbimg.com\/1nrDp4yIH5jf1nSg89nBPDYyrY0=\/0x0:1280x960\/1000x0\/smart\/filters:strip_icc()\/i.s3.glbimg.com\/v1\/AUTH_59edd422c0c84a879bd37670ae4f538a\/internal_photos\/bs\/2020\/W\/S\/GlCtBMSAyfBsI5nps02g\/mu-16.jpg 1000w, https:\/\/s2.glbimg.com\/FAapt-__HTmE4QMke8OhIu3zzL8=\/0x0:1280x960\/984x0\/smart\/filters:strip_icc()\/i.s3.glbimg.com\/v1\/AUTH_59edd422c0c84a879bd37670ae4f538a\/internal_photos\/bs\/2020\/W\/S\/GlCtBMSAyfBsI5nps02g\/mu-16.jpg 984w, https:\/\/s2.glbimg.com\/qj4zBYqV9OLRWSSyFfprGqXXnLY=\/0x0:1280x960\/640x0\/smart\/filters:strip_icc()\/i.s3.glbimg.com\/v1\/AUTH_59edd422c0c84a879bd37670ae4f538a\/internal_photos\/bs\/2020\/W\/S\/GlCtBMSAyfBsI5nps02g\/mu-16.jpg 640w, https:\/\/s2.glbimg.com\/BsVxfEUmBaBSPkT_2YH1mk_H2Ho=\/0x0:1280x960\/600x0\/smart\/filters:strip_icc()\/i.s3.glbimg.com\/v1\/AUTH_59edd422c0c84a879bd37670ae4f538a\/internal_photos\/bs\/2020\/W\/S\/GlCtBMSAyfBsI5nps02g\/mu-16.jpg 600w\" alt=\"Muro da Escola Municipal Jo\u00e3o Sebasti\u00e3o Lisboa, na Vila Charlote, desabou \u2014 Foto: Murilo Zara\/TV Fronteira\" \/><\/figure>\n<p class=\"content-media__description \">Muro da Escola Municipal Jo\u00e3o Sebasti\u00e3o Lisboa, na Vila Charlote, desabou \u2014 Foto: Murilo Zara\/TV Fronteira<\/p>\n<\/div>\n<\/div>\n<div class=\"row medium-uncollapsed content-media content-photo\" style=\"text-align: justify;\" data-block-type=\"backstage-photo\" data-block-id=\"66\">\n<div class=\"mc-column content-media__container\">\n<figure><img decoding=\"async\" class=\"i-amphtml-fill-content i-amphtml-replaced-content\" src=\"https:\/\/s2.glbimg.com\/k23iI4UjJcJWCqxpDBeJ6u_xiq4=\/0x0:1280x960\/984x0\/smart\/filters:strip_icc()\/i.s3.glbimg.com\/v1\/AUTH_59edd422c0c84a879bd37670ae4f538a\/internal_photos\/bs\/2020\/5\/j\/ROT99nQ3OyKVyycvtEVw\/mu-17.jpg\" sizes=\"(max-width: 1366px) 648px, 100vw\" srcset=\"https:\/\/s2.glbimg.com\/pvvL2RRVbQ0ZKhWcwOQDuBYOQo4=\/0x0:1280x960\/1000x0\/smart\/filters:strip_icc()\/i.s3.glbimg.com\/v1\/AUTH_59edd422c0c84a879bd37670ae4f538a\/internal_photos\/bs\/2020\/5\/j\/ROT99nQ3OyKVyycvtEVw\/mu-17.jpg 1000w, https:\/\/s2.glbimg.com\/k23iI4UjJcJWCqxpDBeJ6u_xiq4=\/0x0:1280x960\/984x0\/smart\/filters:strip_icc()\/i.s3.glbimg.com\/v1\/AUTH_59edd422c0c84a879bd37670ae4f538a\/internal_photos\/bs\/2020\/5\/j\/ROT99nQ3OyKVyycvtEVw\/mu-17.jpg 984w, https:\/\/s2.glbimg.com\/IwfqQiKAAK185BgOff9ypCN_bdo=\/0x0:1280x960\/640x0\/smart\/filters:strip_icc()\/i.s3.glbimg.com\/v1\/AUTH_59edd422c0c84a879bd37670ae4f538a\/internal_photos\/bs\/2020\/5\/j\/ROT99nQ3OyKVyycvtEVw\/mu-17.jpg 640w, https:\/\/s2.glbimg.com\/3qTrLZkB1SG4K5B3ahimWUtXb34=\/0x0:1280x960\/600x0\/smart\/filters:strip_icc()\/i.s3.glbimg.com\/v1\/AUTH_59edd422c0c84a879bd37670ae4f538a\/internal_photos\/bs\/2020\/5\/j\/ROT99nQ3OyKVyycvtEVw\/mu-17.jpg 600w\" alt=\"Muro da Escola Municipal Jo\u00e3o Sebasti\u00e3o Lisboa, na Vila Charlote, desabou \u2014 Foto: Murilo Zara\/TV Fronteira\" \/><\/figure>\n<p class=\"content-media__description \">Muro da Escola Municipal Jo\u00e3o Sebasti\u00e3o Lisboa, na Vila Charlote, desabou \u2014 Foto: Murilo Zara\/TV Fronteira<\/p>\n<\/div>\n<\/div>\n<div class=\"content-ads content-ads--reveal\" style=\"text-align: justify;\" data-block-type=\"ads\" data-block-id=\"67\">\n<div id=\"banner_materia__9499ee85-f812-4ff4-8d49-b15a6f03b813\" class=\"tag-manager-publicidade-container mc-has-reveal mc-has-ad-lazyload\" data-id=\"banner_materia__9499ee85-f812-4ff4-8d49-b15a6f03b813\"><\/div>\n<\/div>\n<div class=\"row medium-uncollapsed content-media content-photo\" style=\"text-align: justify;\" data-block-type=\"backstage-photo\" data-block-id=\"68\">\n<div class=\"mc-column content-media__container\">\n<figure><img decoding=\"async\" class=\"i-amphtml-fill-content i-amphtml-replaced-content\" src=\"https:\/\/s2.glbimg.com\/c80jeiCkEoKqbGNQTM8fZkuJYB0=\/0x0:1280x960\/984x0\/smart\/filters:strip_icc()\/i.s3.glbimg.com\/v1\/AUTH_59edd422c0c84a879bd37670ae4f538a\/internal_photos\/bs\/2020\/Q\/3\/BhvNgxSMKELWZ965YyUg\/mu-18.jpg\" sizes=\"(max-width: 1366px) 648px, 100vw\" srcset=\"https:\/\/s2.glbimg.com\/GCpRYnIznubP7U_ZGMivhkOSUO0=\/0x0:1280x960\/1000x0\/smart\/filters:strip_icc()\/i.s3.glbimg.com\/v1\/AUTH_59edd422c0c84a879bd37670ae4f538a\/internal_photos\/bs\/2020\/Q\/3\/BhvNgxSMKELWZ965YyUg\/mu-18.jpg 1000w, https:\/\/s2.glbimg.com\/c80jeiCkEoKqbGNQTM8fZkuJYB0=\/0x0:1280x960\/984x0\/smart\/filters:strip_icc()\/i.s3.glbimg.com\/v1\/AUTH_59edd422c0c84a879bd37670ae4f538a\/internal_photos\/bs\/2020\/Q\/3\/BhvNgxSMKELWZ965YyUg\/mu-18.jpg 984w, https:\/\/s2.glbimg.com\/ozsx5G4TioszEb0-i1CRZ3X2fZo=\/0x0:1280x960\/640x0\/smart\/filters:strip_icc()\/i.s3.glbimg.com\/v1\/AUTH_59edd422c0c84a879bd37670ae4f538a\/internal_photos\/bs\/2020\/Q\/3\/BhvNgxSMKELWZ965YyUg\/mu-18.jpg 640w, https:\/\/s2.glbimg.com\/kP_AEB-_fBPsjx4hvUb1rCME3Ms=\/0x0:1280x960\/600x0\/smart\/filters:strip_icc()\/i.s3.glbimg.com\/v1\/AUTH_59edd422c0c84a879bd37670ae4f538a\/internal_photos\/bs\/2020\/Q\/3\/BhvNgxSMKELWZ965YyUg\/mu-18.jpg 600w\" alt=\"Muro da Escola Municipal Jo\u00e3o Sebasti\u00e3o Lisboa, na Vila Charlote, desabou \u2014 Foto: Murilo Zara\/TV Fronteira\" \/><\/figure>\n<p class=\"content-media__description \">Muro da Escola Municipal Jo\u00e3o Sebasti\u00e3o Lisboa, na Vila Charlote, desabou \u2014 Foto: Murilo Zara\/TV Fronteira<\/p>\n<\/div>\n<\/div>\n<div class=\"row medium-uncollapsed content-media content-photo\" style=\"text-align: justify;\" data-block-type=\"backstage-photo\" data-block-id=\"69\">\n<div class=\"mc-column content-media__container\">\n<figure><img decoding=\"async\" class=\"i-amphtml-fill-content i-amphtml-replaced-content\" src=\"https:\/\/s2.glbimg.com\/ybE79RqN3eluuTXyh37Pg0i0Bic=\/0x0:1280x960\/984x0\/smart\/filters:strip_icc()\/i.s3.glbimg.com\/v1\/AUTH_59edd422c0c84a879bd37670ae4f538a\/internal_photos\/bs\/2020\/m\/G\/bjuc3LSNyByB2XAglblw\/mu-19.jpg\" sizes=\"(max-width: 1366px) 648px, 100vw\" srcset=\"https:\/\/s2.glbimg.com\/6LP4AHsdaHCoATS565BnIreZlfU=\/0x0:1280x960\/1000x0\/smart\/filters:strip_icc()\/i.s3.glbimg.com\/v1\/AUTH_59edd422c0c84a879bd37670ae4f538a\/internal_photos\/bs\/2020\/m\/G\/bjuc3LSNyByB2XAglblw\/mu-19.jpg 1000w, https:\/\/s2.glbimg.com\/ybE79RqN3eluuTXyh37Pg0i0Bic=\/0x0:1280x960\/984x0\/smart\/filters:strip_icc()\/i.s3.glbimg.com\/v1\/AUTH_59edd422c0c84a879bd37670ae4f538a\/internal_photos\/bs\/2020\/m\/G\/bjuc3LSNyByB2XAglblw\/mu-19.jpg 984w, https:\/\/s2.glbimg.com\/IA8j-cmCVy86vjjSBeFtsj8HGFk=\/0x0:1280x960\/640x0\/smart\/filters:strip_icc()\/i.s3.glbimg.com\/v1\/AUTH_59edd422c0c84a879bd37670ae4f538a\/internal_photos\/bs\/2020\/m\/G\/bjuc3LSNyByB2XAglblw\/mu-19.jpg 640w, https:\/\/s2.glbimg.com\/Tzl7VqCPazunByLolIUkIFfmahs=\/0x0:1280x960\/600x0\/smart\/filters:strip_icc()\/i.s3.glbimg.com\/v1\/AUTH_59edd422c0c84a879bd37670ae4f538a\/internal_photos\/bs\/2020\/m\/G\/bjuc3LSNyByB2XAglblw\/mu-19.jpg 600w\" alt=\"Muro da Escola Municipal Jo\u00e3o Sebasti\u00e3o Lisboa, na Vila Charlote, desabou \u2014 Foto: Murilo Zara\/TV Fronteira\" \/><\/figure>\n<p class=\"content-media__description \">Muro da Escola Municipal Jo\u00e3o Sebasti\u00e3o Lisboa, na Vila Charlote, desabou \u2014 Foto: Murilo Zara\/TV Fronteira<\/p>\n<\/div>\n<\/div>\n<div class=\"row medium-uncollapsed content-media content-photo\" style=\"text-align: justify;\" data-block-type=\"backstage-photo\" data-block-id=\"70\">\n<div class=\"mc-column content-media__container\">\n<figure><img decoding=\"async\" class=\"i-amphtml-fill-content i-amphtml-replaced-content\" src=\"https:\/\/s2.glbimg.com\/Oz7XBaZfRDWU9zUYiGYhwjDP1Ks=\/0x0:1280x960\/984x0\/smart\/filters:strip_icc()\/i.s3.glbimg.com\/v1\/AUTH_59edd422c0c84a879bd37670ae4f538a\/internal_photos\/bs\/2020\/A\/b\/gQ4AlERByfJrgrRI1YCg\/mu-20.jpg\" sizes=\"(max-width: 1366px) 648px, 100vw\" srcset=\"https:\/\/s2.glbimg.com\/uxgS7hpY00EC7PQ0byfzh0IGduc=\/0x0:1280x960\/1000x0\/smart\/filters:strip_icc()\/i.s3.glbimg.com\/v1\/AUTH_59edd422c0c84a879bd37670ae4f538a\/internal_photos\/bs\/2020\/A\/b\/gQ4AlERByfJrgrRI1YCg\/mu-20.jpg 1000w, https:\/\/s2.glbimg.com\/Oz7XBaZfRDWU9zUYiGYhwjDP1Ks=\/0x0:1280x960\/984x0\/smart\/filters:strip_icc()\/i.s3.glbimg.com\/v1\/AUTH_59edd422c0c84a879bd37670ae4f538a\/internal_photos\/bs\/2020\/A\/b\/gQ4AlERByfJrgrRI1YCg\/mu-20.jpg 984w, https:\/\/s2.glbimg.com\/DO3KCLW-g1W4SM9INWwevx1H8us=\/0x0:1280x960\/640x0\/smart\/filters:strip_icc()\/i.s3.glbimg.com\/v1\/AUTH_59edd422c0c84a879bd37670ae4f538a\/internal_photos\/bs\/2020\/A\/b\/gQ4AlERByfJrgrRI1YCg\/mu-20.jpg 640w, https:\/\/s2.glbimg.com\/8N06ZlUGTR9ttBK0YtBigMIj2RU=\/0x0:1280x960\/600x0\/smart\/filters:strip_icc()\/i.s3.glbimg.com\/v1\/AUTH_59edd422c0c84a879bd37670ae4f538a\/internal_photos\/bs\/2020\/A\/b\/gQ4AlERByfJrgrRI1YCg\/mu-20.jpg 600w\" alt=\"Muro da Escola Municipal Jo\u00e3o Sebasti\u00e3o Lisboa, na Vila Charlote, desabou \u2014 Foto: Murilo Zara\/TV Fronteira\" \/><\/figure>\n<p class=\"content-media__description \">Muro da Escola Municipal Jo\u00e3o Sebasti\u00e3o Lisboa, na Vila Charlote, desabou \u2014 Foto: Murilo Zara\/TV Fronteira<\/p>\n<\/div>\n<\/div>\n<div class=\"content-ads content-ads--reveal\" style=\"text-align: justify;\" data-block-type=\"ads\" data-block-id=\"71\">\n<div id=\"banner_materia__aa75afde-e168-474e-88c4-c987c5cf17ea\" class=\"tag-manager-publicidade-container mc-has-reveal mc-has-ad-lazyload\" data-id=\"banner_materia__aa75afde-e168-474e-88c4-c987c5cf17ea\"><\/div>\n<\/div>\n<div class=\"row medium-uncollapsed content-media content-photo\" style=\"text-align: justify;\" data-block-type=\"backstage-photo\" data-block-id=\"72\">\n<div class=\"mc-column content-media__container\">\n<figure><img decoding=\"async\" class=\"i-amphtml-fill-content i-amphtml-replaced-content\" src=\"https:\/\/s2.glbimg.com\/fX8RomcKq-2z4moEUG0zrfArnmo=\/0x0:1280x960\/984x0\/smart\/filters:strip_icc()\/i.s3.glbimg.com\/v1\/AUTH_59edd422c0c84a879bd37670ae4f538a\/internal_photos\/bs\/2020\/n\/D\/tRqwT1SziQf82dV9Gy0g\/mu-21.jpg\" sizes=\"(max-width: 1366px) 648px, 100vw\" srcset=\"https:\/\/s2.glbimg.com\/hcd3VxnbmwkFut4MK-7Nwtc92n8=\/0x0:1280x960\/1000x0\/smart\/filters:strip_icc()\/i.s3.glbimg.com\/v1\/AUTH_59edd422c0c84a879bd37670ae4f538a\/internal_photos\/bs\/2020\/n\/D\/tRqwT1SziQf82dV9Gy0g\/mu-21.jpg 1000w, https:\/\/s2.glbimg.com\/fX8RomcKq-2z4moEUG0zrfArnmo=\/0x0:1280x960\/984x0\/smart\/filters:strip_icc()\/i.s3.glbimg.com\/v1\/AUTH_59edd422c0c84a879bd37670ae4f538a\/internal_photos\/bs\/2020\/n\/D\/tRqwT1SziQf82dV9Gy0g\/mu-21.jpg 984w, https:\/\/s2.glbimg.com\/iYjv3YRbgzzHrtZxqb30TrfF7Dc=\/0x0:1280x960\/640x0\/smart\/filters:strip_icc()\/i.s3.glbimg.com\/v1\/AUTH_59edd422c0c84a879bd37670ae4f538a\/internal_photos\/bs\/2020\/n\/D\/tRqwT1SziQf82dV9Gy0g\/mu-21.jpg 640w, https:\/\/s2.glbimg.com\/Oa4Kwu7ln2rU73K3BY0uH0-aFQg=\/0x0:1280x960\/600x0\/smart\/filters:strip_icc()\/i.s3.glbimg.com\/v1\/AUTH_59edd422c0c84a879bd37670ae4f538a\/internal_photos\/bs\/2020\/n\/D\/tRqwT1SziQf82dV9Gy0g\/mu-21.jpg 600w\" alt=\"Muro da Escola Municipal Jo\u00e3o Sebasti\u00e3o Lisboa, na Vila Charlote, desabou \u2014 Foto: Murilo Zara\/TV Fronteira\" \/><\/figure>\n<p class=\"content-media__description \">Muro da Escola Municipal Jo\u00e3o Sebasti\u00e3o Lisboa, na Vila Charlote, desabou \u2014 Foto: Murilo Zara\/TV Fronteira<\/p>\n<\/div>\n<\/div>\n<div class=\"row medium-uncollapsed content-media content-photo\" style=\"text-align: justify;\" data-block-type=\"backstage-photo\" data-block-id=\"73\">\n<div class=\"mc-column content-media__container\">\n<figure><img decoding=\"async\" class=\"i-amphtml-fill-content i-amphtml-replaced-content\" src=\"https:\/\/s2.glbimg.com\/cFqXFJvfTslnO_XY0mMtfPxu6r0=\/0x0:1280x960\/984x0\/smart\/filters:strip_icc()\/i.s3.glbimg.com\/v1\/AUTH_59edd422c0c84a879bd37670ae4f538a\/internal_photos\/bs\/2020\/L\/s\/suSBnzReynTfwm2HuQgA\/mu-22.jpg\" sizes=\"(max-width: 1366px) 648px, 100vw\" srcset=\"https:\/\/s2.glbimg.com\/bXlxQxiFMsLXWwCZDMLp8xDm2xU=\/0x0:1280x960\/1000x0\/smart\/filters:strip_icc()\/i.s3.glbimg.com\/v1\/AUTH_59edd422c0c84a879bd37670ae4f538a\/internal_photos\/bs\/2020\/L\/s\/suSBnzReynTfwm2HuQgA\/mu-22.jpg 1000w, https:\/\/s2.glbimg.com\/cFqXFJvfTslnO_XY0mMtfPxu6r0=\/0x0:1280x960\/984x0\/smart\/filters:strip_icc()\/i.s3.glbimg.com\/v1\/AUTH_59edd422c0c84a879bd37670ae4f538a\/internal_photos\/bs\/2020\/L\/s\/suSBnzReynTfwm2HuQgA\/mu-22.jpg 984w, https:\/\/s2.glbimg.com\/O8Lu0nsCZZvRnyc_0A3pFtfTAXA=\/0x0:1280x960\/640x0\/smart\/filters:strip_icc()\/i.s3.glbimg.com\/v1\/AUTH_59edd422c0c84a879bd37670ae4f538a\/internal_photos\/bs\/2020\/L\/s\/suSBnzReynTfwm2HuQgA\/mu-22.jpg 640w, https:\/\/s2.glbimg.com\/X_vbfEKNvXktp11KXiZ044qZwq0=\/0x0:1280x960\/600x0\/smart\/filters:strip_icc()\/i.s3.glbimg.com\/v1\/AUTH_59edd422c0c84a879bd37670ae4f538a\/internal_photos\/bs\/2020\/L\/s\/suSBnzReynTfwm2HuQgA\/mu-22.jpg 600w\" alt=\"Muro da Escola Municipal Jo\u00e3o Sebasti\u00e3o Lisboa, na Vila Charlote, desabou \u2014 Foto: Murilo Zara\/TV Fronteira\" \/><\/figure>\n<p class=\"content-media__description \">Muro da Escola Municipal Jo\u00e3o Sebasti\u00e3o Lisboa, na Vila Charlote, desabou \u2014 Foto: Murilo Zara\/TV Fronteira<\/p>\n<\/div>\n<\/div>\n<div class=\"row medium-uncollapsed content-media content-photo\" data-block-type=\"backstage-photo\" data-block-id=\"74\">\n<div class=\"mc-column content-media__container\">\n<figure style=\"text-align: justify;\"><img decoding=\"async\" class=\"i-amphtml-fill-content i-amphtml-replaced-content\" src=\"https:\/\/s2.glbimg.com\/lp_Q0eDdyW6FBaZ_YNg_W9oBmuI=\/0x0:1280x960\/984x0\/smart\/filters:strip_icc()\/i.s3.glbimg.com\/v1\/AUTH_59edd422c0c84a879bd37670ae4f538a\/internal_photos\/bs\/2020\/2\/t\/hMLjAqQJGVCDWi3zZ0Ag\/mu-23.jpg\" sizes=\"(max-width: 1366px) 648px, 100vw\" srcset=\"https:\/\/s2.glbimg.com\/cP6FEyXfA52xqw164TGz32e2ofk=\/0x0:1280x960\/1000x0\/smart\/filters:strip_icc()\/i.s3.glbimg.com\/v1\/AUTH_59edd422c0c84a879bd37670ae4f538a\/internal_photos\/bs\/2020\/2\/t\/hMLjAqQJGVCDWi3zZ0Ag\/mu-23.jpg 1000w, https:\/\/s2.glbimg.com\/lp_Q0eDdyW6FBaZ_YNg_W9oBmuI=\/0x0:1280x960\/984x0\/smart\/filters:strip_icc()\/i.s3.glbimg.com\/v1\/AUTH_59edd422c0c84a879bd37670ae4f538a\/internal_photos\/bs\/2020\/2\/t\/hMLjAqQJGVCDWi3zZ0Ag\/mu-23.jpg 984w, https:\/\/s2.glbimg.com\/l_mQWwthT3JF11FS8Nfx5zdZ7tk=\/0x0:1280x960\/640x0\/smart\/filters:strip_icc()\/i.s3.glbimg.com\/v1\/AUTH_59edd422c0c84a879bd37670ae4f538a\/internal_photos\/bs\/2020\/2\/t\/hMLjAqQJGVCDWi3zZ0Ag\/mu-23.jpg 640w, https:\/\/s2.glbimg.com\/jvl7xLXdzBT-3JZsxYdFD-DZFB4=\/0x0:1280x960\/600x0\/smart\/filters:strip_icc()\/i.s3.glbimg.com\/v1\/AUTH_59edd422c0c84a879bd37670ae4f538a\/internal_photos\/bs\/2020\/2\/t\/hMLjAqQJGVCDWi3zZ0Ag\/mu-23.jpg 600w\" alt=\"Muro da Escola Municipal Jo\u00e3o Sebasti\u00e3o Lisboa, na Vila Charlote, desabou \u2014 Foto: Murilo Zara\/TV Fronteira\" \/><\/figure>\n<p class=\"content-media__description \" style=\"text-align: justify;\">Muro da Escola Municipal Jo\u00e3o Sebasti\u00e3o Lisboa, na Vila Charlote, desabou \u2014 Foto: Murilo Zara\/TV Fronteira<\/p>\n<p style=\"text-align: justify;\">Fonte: https:\/\/g1.globo.com\/sp\/presidente-prudente-regiao\/noticia\/2020\/12\/05\/estragos-do-temporal-em-presidente-prudente.ghtml<\/p>\n<\/div>\n<\/div>\n<\/div>\n<\/div>\n","protected":false},"excerpt":{"rendered":"<p>Climatologista alerta que o tempo deve permanecer chuvoso no Oeste Paulista at\u00e9 a pr\u00f3xima segunda-feira (7). Moradores de\u00a0Presidente Prudente\u00a0trabalham neste s\u00e1bado (5) na contabiliza\u00e7\u00e3o dos preju\u00edzos e na recupera\u00e7\u00e3o dos estragos causados pelo temporal que caiu sobre a cidade na sexta-feira (4). Foram registrados diversos pontos de alagamentos, desabamentos, inunda\u00e7\u00f5es e destelhamentos. Funcion\u00e1rios da Companhia [&hellip;]<\/p>\n","protected":false},"author":1,"featured_media":39854,"comment_status":"closed","ping_status":"open","sticky":false,"template":"","format":"standard","meta":{"footnotes":""},"categories":[114,110],"tags":[],"class_list":["post-39853","post","type-post","status-publish","format-standard","has-post-thumbnail","hentry","category-geralecomercio","category-noticiasdestaque"],"_links":{"self":[{"href":"https:\/\/jorgezanoni.com.br\/2019\/wp-json\/wp\/v2\/posts\/39853","targetHints":{"allow":["GET"]}}],"collection":[{"href":"https:\/\/jorgezanoni.com.br\/2019\/wp-json\/wp\/v2\/posts"}],"about":[{"href":"https:\/\/jorgezanoni.com.br\/2019\/wp-json\/wp\/v2\/types\/post"}],"author":[{"embeddable":true,"href":"https:\/\/jorgezanoni.com.br\/2019\/wp-json\/wp\/v2\/users\/1"}],"replies":[{"embeddable":true,"href":"https:\/\/jorgezanoni.com.br\/2019\/wp-json\/wp\/v2\/comments?post=39853"}],"version-history":[{"count":0,"href":"https:\/\/jorgezanoni.com.br\/2019\/wp-json\/wp\/v2\/posts\/39853\/revisions"}],"wp:featuredmedia":[{"embeddable":true,"href":"https:\/\/jorgezanoni.com.br\/2019\/wp-json\/wp\/v2\/media\/39854"}],"wp:attachment":[{"href":"https:\/\/jorgezanoni.com.br\/2019\/wp-json\/wp\/v2\/media?parent=39853"}],"wp:term":[{"taxonomy":"category","embeddable":true,"href":"https:\/\/jorgezanoni.com.br\/2019\/wp-json\/wp\/v2\/categories?post=39853"},{"taxonomy":"post_tag","embeddable":true,"href":"https:\/\/jorgezanoni.com.br\/2019\/wp-json\/wp\/v2\/tags?post=39853"}],"curies":[{"name":"wp","href":"https:\/\/api.w.org\/{rel}","templated":true}]}}