{"id":39850,"date":"2020-12-05T20:07:57","date_gmt":"2020-12-05T20:07:57","guid":{"rendered":"https:\/\/jorgezanoni.com.br\/2019\/?p=39850"},"modified":"2020-12-05T20:07:57","modified_gmt":"2020-12-05T20:07:57","slug":"corpo-de-policial-civil-assassinado-por-colega-de-trabalho-e-velado-em-presidente-prudente","status":"publish","type":"post","link":"https:\/\/jorgezanoni.com.br\/2019\/corpo-de-policial-civil-assassinado-por-colega-de-trabalho-e-velado-em-presidente-prudente\/","title":{"rendered":"Corpo de policial civil assassinado por colega de trabalho \u00e9 velado em Presidente Prudente"},"content":{"rendered":"<h2 class=\"content-head__subtitle\" style=\"text-align: justify;\"><strong>Policiais civis envolveram-se em uma discuss\u00e3o ap\u00f3s acidente de tr\u00e2nsito na Rodovia Jo\u00e3o Batista Cabral Renn\u00f3 (SP-225), em Santa Cruz do Rio Pardo. Atirador foi preso.<\/strong><\/h2>\n<div class=\"mc-column content-text active-extra-styles \" data-block-type=\"unstyled\" data-block-weight=\"30\" data-block-id=\"2\">\n<p class=\"content-text__container \" style=\"text-align: justify;\" data-track-category=\"Link no Texto\" data-track-links=\"\">O corpo do policial civil Renato Bianchi, de 45 anos, \u00e9 velado neste s\u00e1bado (5), em\u00a0<a href=\"https:\/\/g1.globo.com\/sp\/presidente-prudente-regiao\/cidade\/presidente-prudente\/\">Presidente Prudente (SP)<\/a>, na Casa de Vel\u00f3rio Athia, na Vila Cristina, desde as 13h.<\/p>\n<\/div>\n<div class=\"wall protected-content\">\n<div class=\"mc-column content-text active-extra-styles \" style=\"text-align: justify;\" data-block-type=\"unstyled\" data-block-weight=\"24\" data-block-id=\"3\">\n<p class=\"content-text__container \" data-track-category=\"Link no Texto\" data-track-links=\"\">O sepultamento est\u00e1 marcado tamb\u00e9m para este s\u00e1bado (5), \u00e0s 17h, no Cemit\u00e9rio Municipal Campal, que fica no Residencial Anita Tiezzi, em Presidente Prudente.<\/p>\n<\/div>\n<div class=\"mc-column content-text active-extra-styles \" style=\"text-align: justify;\" data-block-type=\"unstyled\" data-block-weight=\"25\" data-block-id=\"4\">\n<p class=\"content-text__container \" data-track-category=\"Link no Texto\" data-track-links=\"\">Renato Bianchi era agente de telecomunica\u00e7\u00f5es policial e atuava como chefe dos agentes de telecomunica\u00e7\u00f5es da 8\u00aa Corregedoria Auxiliar da Pol\u00edcia Civil, em Presidente Prudente.<\/p>\n<\/div>\n<div class=\"mc-column content-text active-extra-styles \" style=\"text-align: justify;\" data-block-type=\"unstyled\" data-block-weight=\"30\" data-block-id=\"5\">\n<p class=\"content-text__container \" data-track-category=\"Link no Texto\" data-track-links=\"\">Ele foi\u00a0<a href=\"https:\/\/g1.globo.com\/sp\/bauru-marilia\/noticia\/2020\/12\/04\/policial-civil-morre-baleado-pelo-parceiro-apos-discussao-em-acidente-de-transito-em-santa-cruz-do-rio-pardo.ghtml\">assassinado por um colega de trabalho<\/a>\u00a0ap\u00f3s ambos terem se envolvido em um acidente de tr\u00e2nsito em\u00a0<a href=\"https:\/\/g1.globo.com\/sp\/bauru-marilia\/cidade\/santa-cruz-do-rio-pardo\/\">Santa Cruz do Rio Pardo (SP)<\/a>, na regi\u00e3o de Mar\u00edlia (SP).<\/p>\n<\/div>\n<div class=\"mc-column content-text active-extra-styles \" style=\"text-align: justify;\" data-block-type=\"unstyled\" data-block-weight=\"36\" data-block-id=\"6\">\n<p class=\"content-text__container \" data-track-category=\"Link no Texto\" data-track-links=\"\">O acidente aconteceu no quil\u00f4metro 304 da Rodovia Jo\u00e3o Batista Cabral Renn\u00f3 (SP-225), quando a viatura descaracterizada da Pol\u00edcia Civil na qual viajavam os dois policiais, ambos de Presidente Prudente, bateu na traseira de um caminh\u00e3o.<\/p>\n<\/div>\n<div class=\"mc-column content-text active-extra-styles \" style=\"text-align: justify;\" data-block-type=\"unstyled\" data-block-weight=\"16\" data-block-id=\"7\">\n<p class=\"content-text__container \" data-track-category=\"Link no Texto\" data-track-links=\"\">Os policiais tiveram ferimentos e funcion\u00e1rios da concession\u00e1ria que administra a rodovia foram atender as v\u00edtimas.<\/p>\n<\/div>\n<div class=\"mc-column content-text active-extra-styles \" style=\"text-align: justify;\" data-block-type=\"unstyled\" data-block-weight=\"17\" data-block-id=\"8\">\n<p class=\"content-text__container \" data-track-category=\"Link no Texto\" data-track-links=\"\">Durante o atendimento, os policiais se envolveram em uma discuss\u00e3o e um deles atirou contra o outro.<\/p>\n<\/div>\n<div class=\"mc-column content-text active-extra-styles\" style=\"text-align: justify;\" data-block-type=\"raw\" data-block-weight=\"18\" data-block-id=\"9\">\n<ul class=\"content-unordered-list\">\n<li><a href=\"https:\/\/g1.globo.com\/sp\/bauru-marilia\/noticia\/2020\/12\/04\/policial-civil-morre-baleado-pelo-parceiro-apos-discussao-em-acidente-de-transito-em-santa-cruz-do-rio-pardo.ghtml\">Policial civil morre baleado pelo parceiro ap\u00f3s discuss\u00e3o em acidente de tr\u00e2nsito em Santa Cruz do Rio Pardo<\/a><\/li>\n<\/ul>\n<\/div>\n<div class=\"row medium-uncollapsed content-media content-photo\" style=\"text-align: justify;\" data-block-type=\"backstage-photo\" data-block-id=\"10\">\n<div class=\"mc-column content-media__container\">\n<figure><img decoding=\"async\" class=\"i-amphtml-fill-content i-amphtml-replaced-content\" src=\"https:\/\/s2.glbimg.com\/IAR0LEG-XkVgGBcxGNaucQ__SI8=\/0x0:1280x720\/984x0\/smart\/filters:strip_icc()\/i.s3.glbimg.com\/v1\/AUTH_59edd422c0c84a879bd37670ae4f538a\/internal_photos\/bs\/2020\/K\/Y\/czFZrsQAmtOvyH8FbXjQ\/whatsapp-image-2020-12-04-at-13.19.29.jpeg\" sizes=\"(max-width: 1366px) 648px, 100vw\" srcset=\"https:\/\/s2.glbimg.com\/T3PcEIM77XeHfBfpUf4bsBNnFww=\/0x0:1280x720\/1000x0\/smart\/filters:strip_icc()\/i.s3.glbimg.com\/v1\/AUTH_59edd422c0c84a879bd37670ae4f538a\/internal_photos\/bs\/2020\/K\/Y\/czFZrsQAmtOvyH8FbXjQ\/whatsapp-image-2020-12-04-at-13.19.29.jpeg 1000w, https:\/\/s2.glbimg.com\/IAR0LEG-XkVgGBcxGNaucQ__SI8=\/0x0:1280x720\/984x0\/smart\/filters:strip_icc()\/i.s3.glbimg.com\/v1\/AUTH_59edd422c0c84a879bd37670ae4f538a\/internal_photos\/bs\/2020\/K\/Y\/czFZrsQAmtOvyH8FbXjQ\/whatsapp-image-2020-12-04-at-13.19.29.jpeg 984w, https:\/\/s2.glbimg.com\/pwPx0E9S7xL-zsn3-JSiIpe2EKo=\/0x0:1280x720\/640x0\/smart\/filters:strip_icc()\/i.s3.glbimg.com\/v1\/AUTH_59edd422c0c84a879bd37670ae4f538a\/internal_photos\/bs\/2020\/K\/Y\/czFZrsQAmtOvyH8FbXjQ\/whatsapp-image-2020-12-04-at-13.19.29.jpeg 640w, https:\/\/s2.glbimg.com\/wUbTkWrCbTDD0ayB0YGKI6td1ec=\/0x0:1280x720\/600x0\/smart\/filters:strip_icc()\/i.s3.glbimg.com\/v1\/AUTH_59edd422c0c84a879bd37670ae4f538a\/internal_photos\/bs\/2020\/K\/Y\/czFZrsQAmtOvyH8FbXjQ\/whatsapp-image-2020-12-04-at-13.19.29.jpeg 600w\" alt=\"Carro da Pol\u00edcia Civil bateu na traseira de caminh\u00e3o em Santa Cruz do Rio Pardo \u2014 Foto: Adolfo Lima\/TV TEM\" \/><\/figure>\n<p class=\"content-media__description \">Carro da Pol\u00edcia Civil bateu na traseira de caminh\u00e3o em Santa Cruz do Rio Pardo \u2014 Foto: Adolfo Lima\/TV TEM<\/p>\n<\/div>\n<\/div>\n<div class=\"content-ads content-ads--reveal\" style=\"text-align: justify;\" data-block-type=\"ads\" data-block-id=\"11\">\n<div id=\"banner_materia2\" class=\"tag-manager-publicidade-container mc-has-reveal mc-has-ad-lazyload\" data-id=\"banner_materia2\"><\/div>\n<\/div>\n<div class=\"mc-column content-text active-extra-styles \" style=\"text-align: justify;\" data-block-type=\"unstyled\" data-block-weight=\"44\" data-block-id=\"12\">\n<p class=\"content-text__container \" data-track-category=\"Link no Texto\" data-track-links=\"\">Um m\u00e9dico da concession\u00e1ria tentou separar a briga e tamb\u00e9m acabou ferido. Os tr\u00eas foram levados para o Pronto-socorro da Santa Casa de Santa Cruz do Rio Pardo, mas o policial baleado n\u00e3o resistiu aos ferimentos e morreu. O caso ser\u00e1 investigado pela pol\u00edcia.<\/p>\n<\/div>\n<div class=\"mc-column content-text active-extra-styles \" style=\"text-align: justify;\" data-block-type=\"unstyled\" data-block-weight=\"24\" data-block-id=\"13\">\n<p class=\"content-text__container \" data-track-category=\"Link no Texto\" data-track-links=\"\">Delegados da Corregedoria de Bauru (SP) e de Presidente Prudente estiveram na Delegacia de Santa Cruz do Rio Pardo para dar encaminhamento ao caso.<\/p>\n<\/div>\n<div class=\"mc-column content-text active-extra-styles \" style=\"text-align: justify;\" data-block-type=\"unstyled\" data-block-weight=\"27\" data-block-id=\"14\">\n<p class=\"content-text__container \" data-track-category=\"Link no Texto\" data-track-links=\"\">O policial e o m\u00e9dico j\u00e1 receberam alta do hospital e foram levados para a delegacia, onde prestaram depoimento. O policial, identificado como Ronaldo Cordeiro, foi preso.<\/p>\n<\/div>\n<div class=\"mc-column content-text active-extra-styles \" style=\"text-align: justify;\" data-block-type=\"unstyled\" data-block-weight=\"25\" data-block-id=\"15\">\n<p class=\"content-text__container \" data-track-category=\"Link no Texto\" data-track-links=\"\">A Secretaria da Seguran\u00e7a P\u00fablica do Estado de S\u00e3o Paulo (SSP-SP) informou que &#8220;o caso est\u00e1 sendo investigado pela Corregedoria da Pol\u00edcia Civil de Bauru&#8221;.<\/p>\n<\/div>\n<div class=\"mc-column content-text active-extra-styles \" style=\"text-align: justify;\" data-block-type=\"unstyled\" data-block-weight=\"17\" data-block-id=\"16\">\n<p class=\"content-text__container \" data-track-category=\"Link no Texto\" data-track-links=\"\">A SSP-SP ressaltou ainda que a Pol\u00edcia Civil &#8220;oferece programas de apoio e acompanhamento aos seus efetivos&#8221;.<\/p>\n<\/div>\n<div class=\"row medium-uncollapsed content-media content-photo\" data-block-type=\"backstage-photo\" data-block-id=\"17\">\n<div class=\"mc-column content-media__container\">\n<figure style=\"text-align: justify;\"><img decoding=\"async\" class=\"i-amphtml-fill-content i-amphtml-replaced-content\" src=\"https:\/\/s2.glbimg.com\/6_WcWiW-Jx1rL0vZcfsQD0ZU7MI=\/0x0:1280x720\/984x0\/smart\/filters:strip_icc()\/i.s3.glbimg.com\/v1\/AUTH_59edd422c0c84a879bd37670ae4f538a\/internal_photos\/bs\/2020\/4\/E\/60LKGqSmiFc8L2CB8tHA\/stacrz-policiais1.jpeg\" sizes=\"(max-width: 1366px) 648px, 100vw\" srcset=\"https:\/\/s2.glbimg.com\/Ua5zHX4wnC4GptWmUA5ewNaT-4E=\/0x0:1280x720\/1000x0\/smart\/filters:strip_icc()\/i.s3.glbimg.com\/v1\/AUTH_59edd422c0c84a879bd37670ae4f538a\/internal_photos\/bs\/2020\/4\/E\/60LKGqSmiFc8L2CB8tHA\/stacrz-policiais1.jpeg 1000w, https:\/\/s2.glbimg.com\/6_WcWiW-Jx1rL0vZcfsQD0ZU7MI=\/0x0:1280x720\/984x0\/smart\/filters:strip_icc()\/i.s3.glbimg.com\/v1\/AUTH_59edd422c0c84a879bd37670ae4f538a\/internal_photos\/bs\/2020\/4\/E\/60LKGqSmiFc8L2CB8tHA\/stacrz-policiais1.jpeg 984w, https:\/\/s2.glbimg.com\/PdBe92GIA-y-zQOx6CZJusbO4iM=\/0x0:1280x720\/640x0\/smart\/filters:strip_icc()\/i.s3.glbimg.com\/v1\/AUTH_59edd422c0c84a879bd37670ae4f538a\/internal_photos\/bs\/2020\/4\/E\/60LKGqSmiFc8L2CB8tHA\/stacrz-policiais1.jpeg 640w, https:\/\/s2.glbimg.com\/GDEPeY4HQSIvTahsnsSSYsFQ-0w=\/0x0:1280x720\/600x0\/smart\/filters:strip_icc()\/i.s3.glbimg.com\/v1\/AUTH_59edd422c0c84a879bd37670ae4f538a\/internal_photos\/bs\/2020\/4\/E\/60LKGqSmiFc8L2CB8tHA\/stacrz-policiais1.jpeg 600w\" alt=\"Policial civil morreu baleado pelo parceiro de trabalho ap\u00f3s discuss\u00e3o em acidente de tr\u00e2nsito em Santa Cruz do Rio Pardo \u2014 Foto: Adolfo Lima\/TV TEM\" \/><\/figure>\n<p class=\"content-media__description \" style=\"text-align: justify;\">Policial civil morreu baleado pelo parceiro de trabalho ap\u00f3s discuss\u00e3o em acidente de tr\u00e2nsito em Santa Cruz do Rio Pardo \u2014 Foto: Adolfo Lima\/TV TEM<\/p>\n<p style=\"text-align: justify;\">Fonte: G1<\/p>\n<\/div>\n<\/div>\n<\/div>\n","protected":false},"excerpt":{"rendered":"<p>Policiais civis envolveram-se em uma discuss\u00e3o ap\u00f3s acidente de tr\u00e2nsito na Rodovia Jo\u00e3o Batista Cabral Renn\u00f3 (SP-225), em Santa Cruz do Rio Pardo. Atirador foi preso. O corpo do policial civil Renato Bianchi, de 45 anos, \u00e9 velado neste s\u00e1bado (5), em\u00a0Presidente Prudente (SP), na Casa de Vel\u00f3rio Athia, na Vila Cristina, desde as 13h. [&hellip;]<\/p>\n","protected":false},"author":1,"featured_media":39851,"comment_status":"closed","ping_status":"open","sticky":false,"template":"","format":"standard","meta":{"footnotes":""},"categories":[110,2],"tags":[],"class_list":["post-39850","post","type-post","status-publish","format-standard","has-post-thumbnail","hentry","category-noticiasdestaque","category-policial"],"_links":{"self":[{"href":"https:\/\/jorgezanoni.com.br\/2019\/wp-json\/wp\/v2\/posts\/39850","targetHints":{"allow":["GET"]}}],"collection":[{"href":"https:\/\/jorgezanoni.com.br\/2019\/wp-json\/wp\/v2\/posts"}],"about":[{"href":"https:\/\/jorgezanoni.com.br\/2019\/wp-json\/wp\/v2\/types\/post"}],"author":[{"embeddable":true,"href":"https:\/\/jorgezanoni.com.br\/2019\/wp-json\/wp\/v2\/users\/1"}],"replies":[{"embeddable":true,"href":"https:\/\/jorgezanoni.com.br\/2019\/wp-json\/wp\/v2\/comments?post=39850"}],"version-history":[{"count":0,"href":"https:\/\/jorgezanoni.com.br\/2019\/wp-json\/wp\/v2\/posts\/39850\/revisions"}],"wp:featuredmedia":[{"embeddable":true,"href":"https:\/\/jorgezanoni.com.br\/2019\/wp-json\/wp\/v2\/media\/39851"}],"wp:attachment":[{"href":"https:\/\/jorgezanoni.com.br\/2019\/wp-json\/wp\/v2\/media?parent=39850"}],"wp:term":[{"taxonomy":"category","embeddable":true,"href":"https:\/\/jorgezanoni.com.br\/2019\/wp-json\/wp\/v2\/categories?post=39850"},{"taxonomy":"post_tag","embeddable":true,"href":"https:\/\/jorgezanoni.com.br\/2019\/wp-json\/wp\/v2\/tags?post=39850"}],"curies":[{"name":"wp","href":"https:\/\/api.w.org\/{rel}","templated":true}]}}