{"id":39778,"date":"2020-12-05T02:26:05","date_gmt":"2020-12-05T02:26:05","guid":{"rendered":"https:\/\/jorgezanoni.com.br\/2019\/?p=39778"},"modified":"2020-12-05T02:26:05","modified_gmt":"2020-12-05T02:26:05","slug":"solenidade-de-encerramento-do-curso-de-soldados-da-essp","status":"publish","type":"post","link":"https:\/\/jorgezanoni.com.br\/2019\/solenidade-de-encerramento-do-curso-de-soldados-da-essp\/","title":{"rendered":"Solenidade de encerramento do Curso de Soldados da ESSP"},"content":{"rendered":"<p style=\"text-align: justify;\"><strong>SOLENIDADE DE ENCERRAMENTO DO CURSO DE SOLDADOS DO EDITAL DP-02\/321\/18, DA<\/strong><\/p>\n<p style=\"text-align: justify;\"><strong>\u201cESCOLA SUPERIOR DE SOLDADOS DE JUNQUEIR\u00d3POLIS\/SP\u201d.<\/strong><strong><u>\u00a0<\/u><\/strong><\/p>\n<p style=\"text-align: justify;\"><strong>Data: 04DEZ20<\/strong><br \/>\n<strong>Hor\u00e1rio: 10<\/strong>h00min<\/p>\n<p style=\"text-align: justify;\"><strong>Local: <\/strong>Rua Piau\u00ed n\u00ba 751 \u2013 Vila. Industrial &#8211; (Escola Superior de Soldados)<\/p>\n<p style=\"text-align: justify;\"><strong>Munic\u00edpio: <\/strong>Junqueir\u00f3polis\/SP<\/p>\n<p style=\"text-align: justify;\">Foi realizada na manh\u00e3 de hoje (04) \u00e1s 10h, de forma descentralizada e simultaneamente em todo estado de S\u00e3o Paulo, a solenidade de Encerramento do Curso Superior de T\u00e9cnico de Pol\u00edcia Ostensiva e Preserva\u00e7\u00e3o da Ordem P\u00fablica do edital DP-02\/321\/18, dos 2669 Soldados PM.<\/p>\n<p style=\"text-align: justify;\">Na Escola Superior de Soldados em Junqueir\u00f3polis, foram formados 38 (trinta e oito) Policiais Militares.<\/p>\n<p style=\"text-align: justify;\">\u00a0 Os dois pelot\u00f5es de formandos foram comandados pelos Oficiais, 1\u00ba Ten PM Ant\u00f4nio Borges Gomes Junior e 1\u00ba Ten PM Mayara Tatiana Bernardes do Nascimento, formando um dispositivo de policiais militares comandados pelo Cap PM Marcelo Cavalcante.<\/p>\n<p style=\"text-align: justify;\">\u00c9 neste ato solene que os Policiais Militares al\u00e9m de consagrarem com \u00eaxito o t\u00e9rmino do curso, firmaram o compromisso e o dever de zelar pelo cumprimento da lei e do bem servir a comunidade, de forma a cada vez mais enaltecer a institui\u00e7\u00e3o Pol\u00edcia Militar do Estado de S\u00e3o Paulo, mantendo o legado transferido por seus her\u00f3is, que deixaram rastros e ra\u00edzes no solo bandeirante, feito em juramento solene.<\/p>\n<p style=\"text-align: justify;\">Devido \u00e0 observ\u00e2ncia dos protocolos de seguran\u00e7a relativos \u00e0 preven\u00e7\u00e3o de contamina\u00e7\u00e3o do COVID-19, a solenidade n\u00e3o foi aberta ao publico.<\/p>\n<p><img loading=\"lazy\" decoding=\"async\" class=\"alignnone size-full wp-image-39779\" src=\"https:\/\/jorgezanoni.com.br\/2019\/wp-content\/uploads\/2020\/12\/pm.jpg\" alt=\"\" width=\"868\" height=\"1156\" srcset=\"https:\/\/jorgezanoni.com.br\/2019\/wp-content\/uploads\/2020\/12\/pm.jpg 868w, https:\/\/jorgezanoni.com.br\/2019\/wp-content\/uploads\/2020\/12\/pm-225x300.jpg 225w, https:\/\/jorgezanoni.com.br\/2019\/wp-content\/uploads\/2020\/12\/pm-769x1024.jpg 769w, https:\/\/jorgezanoni.com.br\/2019\/wp-content\/uploads\/2020\/12\/pm-768x1023.jpg 768w, https:\/\/jorgezanoni.com.br\/2019\/wp-content\/uploads\/2020\/12\/pm-696x927.jpg 696w, https:\/\/jorgezanoni.com.br\/2019\/wp-content\/uploads\/2020\/12\/pm-315x420.jpg 315w\" sizes=\"auto, (max-width: 868px) 100vw, 868px\" \/> <img loading=\"lazy\" decoding=\"async\" class=\"alignnone size-full wp-image-39781\" src=\"https:\/\/jorgezanoni.com.br\/2019\/wp-content\/uploads\/2020\/12\/pm2.jpg\" alt=\"\" width=\"1156\" height=\"868\" srcset=\"https:\/\/jorgezanoni.com.br\/2019\/wp-content\/uploads\/2020\/12\/pm2.jpg 1156w, https:\/\/jorgezanoni.com.br\/2019\/wp-content\/uploads\/2020\/12\/pm2-300x225.jpg 300w, https:\/\/jorgezanoni.com.br\/2019\/wp-content\/uploads\/2020\/12\/pm2-1024x769.jpg 1024w, https:\/\/jorgezanoni.com.br\/2019\/wp-content\/uploads\/2020\/12\/pm2-768x577.jpg 768w, https:\/\/jorgezanoni.com.br\/2019\/wp-content\/uploads\/2020\/12\/pm2-80x60.jpg 80w, https:\/\/jorgezanoni.com.br\/2019\/wp-content\/uploads\/2020\/12\/pm2-265x198.jpg 265w, https:\/\/jorgezanoni.com.br\/2019\/wp-content\/uploads\/2020\/12\/pm2-696x523.jpg 696w, https:\/\/jorgezanoni.com.br\/2019\/wp-content\/uploads\/2020\/12\/pm2-1068x802.jpg 1068w, https:\/\/jorgezanoni.com.br\/2019\/wp-content\/uploads\/2020\/12\/pm2-559x420.jpg 559w\" sizes=\"auto, (max-width: 1156px) 100vw, 1156px\" \/> <img loading=\"lazy\" decoding=\"async\" class=\"alignnone size-full wp-image-39782\" src=\"https:\/\/jorgezanoni.com.br\/2019\/wp-content\/uploads\/2020\/12\/pm3.jpg\" alt=\"\" width=\"1156\" height=\"868\" srcset=\"https:\/\/jorgezanoni.com.br\/2019\/wp-content\/uploads\/2020\/12\/pm3.jpg 1156w, https:\/\/jorgezanoni.com.br\/2019\/wp-content\/uploads\/2020\/12\/pm3-300x225.jpg 300w, https:\/\/jorgezanoni.com.br\/2019\/wp-content\/uploads\/2020\/12\/pm3-1024x769.jpg 1024w, https:\/\/jorgezanoni.com.br\/2019\/wp-content\/uploads\/2020\/12\/pm3-768x577.jpg 768w, https:\/\/jorgezanoni.com.br\/2019\/wp-content\/uploads\/2020\/12\/pm3-80x60.jpg 80w, https:\/\/jorgezanoni.com.br\/2019\/wp-content\/uploads\/2020\/12\/pm3-265x198.jpg 265w, https:\/\/jorgezanoni.com.br\/2019\/wp-content\/uploads\/2020\/12\/pm3-696x523.jpg 696w, https:\/\/jorgezanoni.com.br\/2019\/wp-content\/uploads\/2020\/12\/pm3-1068x802.jpg 1068w, https:\/\/jorgezanoni.com.br\/2019\/wp-content\/uploads\/2020\/12\/pm3-559x420.jpg 559w\" sizes=\"auto, (max-width: 1156px) 100vw, 1156px\" \/><\/p>\n<p style=\"text-align: justify;\">Dracena, 04 de dezembro de 2020.<\/p>\n<p style=\"text-align: justify;\">Setor de Comunica\u00e7\u00e3o Social do 25\u00ba BPM\/I<\/p>\n<p style=\"text-align: justify;\">\u00a0 \u00a0 \u00a0 \u00a0 \u00a0 \u00a0 \u00a0 \u00a0 \u00a0 \u00a0 \u00a0 \u00a0 \u00a0 \u00a0 \u00a0 \u00a0 \u00a0 \u00a0 \u00a0 \u00a0 \u00a0 \u00a0 \u00a0 \u00a0 \u00a0Av. Alcides Chacon Couto, 502 \u2013 jd Metr\u00f3pole \u2013 Dracena.<\/p>\n<p style=\"text-align: justify;\"><a href=\"http:\/\/www.25bpmip5@policiamilitar.sp.gov.br\"><strong>www.25bpmip5@policiamilitar.sp.gov.br<\/strong><\/a>_<\/p>\n<p style=\"text-align: justify;\"><em>\u00a0\u00a0\u00a0\u00a0\u00a0\u00a0\u00a0\u00a0\u00a0\u00a0\u00a0\u00a0\u00a0\u00a0\u00a0\u00a0\u00a0\u00a0\u00a0 &#8220;N\u00f3s, Policiais Militares, sob a prote\u00e7\u00e3o de Deus, estamos compromissados com a defesa da vida, da integridade f\u00edsica e da dignidade da pessoa humana&#8221;<\/em><\/p>\n<p style=\"text-align: justify;\">\n","protected":false},"excerpt":{"rendered":"<p>SOLENIDADE DE ENCERRAMENTO DO CURSO DE SOLDADOS DO EDITAL DP-02\/321\/18, DA \u201cESCOLA SUPERIOR DE SOLDADOS DE JUNQUEIR\u00d3POLIS\/SP\u201d.\u00a0 Data: 04DEZ20 Hor\u00e1rio: 10h00min Local: Rua Piau\u00ed n\u00ba 751 \u2013 Vila. Industrial &#8211; (Escola Superior de Soldados) Munic\u00edpio: Junqueir\u00f3polis\/SP Foi realizada na manh\u00e3 de hoje (04) \u00e1s 10h, de forma descentralizada e simultaneamente em todo estado de S\u00e3o [&hellip;]<\/p>\n","protected":false},"author":1,"featured_media":39780,"comment_status":"closed","ping_status":"open","sticky":false,"template":"","format":"standard","meta":{"footnotes":""},"categories":[110,2],"tags":[],"class_list":["post-39778","post","type-post","status-publish","format-standard","has-post-thumbnail","hentry","category-noticiasdestaque","category-policial"],"_links":{"self":[{"href":"https:\/\/jorgezanoni.com.br\/2019\/wp-json\/wp\/v2\/posts\/39778","targetHints":{"allow":["GET"]}}],"collection":[{"href":"https:\/\/jorgezanoni.com.br\/2019\/wp-json\/wp\/v2\/posts"}],"about":[{"href":"https:\/\/jorgezanoni.com.br\/2019\/wp-json\/wp\/v2\/types\/post"}],"author":[{"embeddable":true,"href":"https:\/\/jorgezanoni.com.br\/2019\/wp-json\/wp\/v2\/users\/1"}],"replies":[{"embeddable":true,"href":"https:\/\/jorgezanoni.com.br\/2019\/wp-json\/wp\/v2\/comments?post=39778"}],"version-history":[{"count":0,"href":"https:\/\/jorgezanoni.com.br\/2019\/wp-json\/wp\/v2\/posts\/39778\/revisions"}],"wp:featuredmedia":[{"embeddable":true,"href":"https:\/\/jorgezanoni.com.br\/2019\/wp-json\/wp\/v2\/media\/39780"}],"wp:attachment":[{"href":"https:\/\/jorgezanoni.com.br\/2019\/wp-json\/wp\/v2\/media?parent=39778"}],"wp:term":[{"taxonomy":"category","embeddable":true,"href":"https:\/\/jorgezanoni.com.br\/2019\/wp-json\/wp\/v2\/categories?post=39778"},{"taxonomy":"post_tag","embeddable":true,"href":"https:\/\/jorgezanoni.com.br\/2019\/wp-json\/wp\/v2\/tags?post=39778"}],"curies":[{"name":"wp","href":"https:\/\/api.w.org\/{rel}","templated":true}]}}