{"id":39772,"date":"2020-12-05T01:22:40","date_gmt":"2020-12-05T01:22:40","guid":{"rendered":"https:\/\/jorgezanoni.com.br\/2019\/?p=39772"},"modified":"2020-12-05T01:22:40","modified_gmt":"2020-12-05T01:22:40","slug":"acidente-entre-dois-veiculos-em-esquina-com-semaforo-no-centro-de-dracena","status":"publish","type":"post","link":"https:\/\/jorgezanoni.com.br\/2019\/acidente-entre-dois-veiculos-em-esquina-com-semaforo-no-centro-de-dracena\/","title":{"rendered":"Acidente entre dois ve\u00edculos em esquina com sem\u00e1foro no centro de Dracena"},"content":{"rendered":"<p style=\"text-align: justify;\"><strong>Fato aconteceu na esquina das Avenidas Presidente Vargas com Rui Barbosa e deixou duas crian\u00e7as levemente feridas.<\/strong><\/p>\n<p style=\"text-align: justify;\">Por volta das 21:20 Horas desta sexta-feira (4), foi registrado um acidente com v\u00edtimas na regi\u00e3o central de Dracena.<\/p>\n<p style=\"text-align: justify;\">Colidiram um ve\u00edculo P\u00e1lio dirigido por um homem e um Fox por uma mulher, ambos placas de Dracena.<\/p>\n<p style=\"text-align: justify;\">No ve\u00edculo Fox haviam duas crian\u00e7as que tiveram ferimentos aparentemente leves e foram socorridos por uma Unidade de Resgate do Corpo de Bombeiros at\u00e9 o Pronto Atendimento Municipal.<\/p>\n<p style=\"text-align: justify;\">As Pol\u00edcias Militar e T\u00e9cnica compareceram ao local para registro do B.O e levantamentos para apurar as causas do acidente.<\/p>\n<p><img loading=\"lazy\" decoding=\"async\" class=\"alignnone size-full wp-image-39774\" src=\"https:\/\/jorgezanoni.com.br\/2019\/wp-content\/uploads\/2020\/12\/IMG_8642.jpg\" alt=\"\" width=\"800\" height=\"532\" srcset=\"https:\/\/jorgezanoni.com.br\/2019\/wp-content\/uploads\/2020\/12\/IMG_8642.jpg 800w, https:\/\/jorgezanoni.com.br\/2019\/wp-content\/uploads\/2020\/12\/IMG_8642-300x200.jpg 300w, https:\/\/jorgezanoni.com.br\/2019\/wp-content\/uploads\/2020\/12\/IMG_8642-768x511.jpg 768w, https:\/\/jorgezanoni.com.br\/2019\/wp-content\/uploads\/2020\/12\/IMG_8642-696x463.jpg 696w, https:\/\/jorgezanoni.com.br\/2019\/wp-content\/uploads\/2020\/12\/IMG_8642-632x420.jpg 632w\" sizes=\"auto, (max-width: 800px) 100vw, 800px\" \/> <img loading=\"lazy\" decoding=\"async\" class=\"alignnone size-full wp-image-39775\" src=\"https:\/\/jorgezanoni.com.br\/2019\/wp-content\/uploads\/2020\/12\/IMG_8643.jpg\" alt=\"\" width=\"800\" height=\"532\" srcset=\"https:\/\/jorgezanoni.com.br\/2019\/wp-content\/uploads\/2020\/12\/IMG_8643.jpg 800w, https:\/\/jorgezanoni.com.br\/2019\/wp-content\/uploads\/2020\/12\/IMG_8643-300x200.jpg 300w, https:\/\/jorgezanoni.com.br\/2019\/wp-content\/uploads\/2020\/12\/IMG_8643-768x511.jpg 768w, https:\/\/jorgezanoni.com.br\/2019\/wp-content\/uploads\/2020\/12\/IMG_8643-696x463.jpg 696w, https:\/\/jorgezanoni.com.br\/2019\/wp-content\/uploads\/2020\/12\/IMG_8643-632x420.jpg 632w\" sizes=\"auto, (max-width: 800px) 100vw, 800px\" \/> <img loading=\"lazy\" decoding=\"async\" class=\"alignnone size-full wp-image-39776\" src=\"https:\/\/jorgezanoni.com.br\/2019\/wp-content\/uploads\/2020\/12\/IMG_8645.jpg\" alt=\"\" width=\"800\" height=\"532\" srcset=\"https:\/\/jorgezanoni.com.br\/2019\/wp-content\/uploads\/2020\/12\/IMG_8645.jpg 800w, https:\/\/jorgezanoni.com.br\/2019\/wp-content\/uploads\/2020\/12\/IMG_8645-300x200.jpg 300w, https:\/\/jorgezanoni.com.br\/2019\/wp-content\/uploads\/2020\/12\/IMG_8645-768x511.jpg 768w, https:\/\/jorgezanoni.com.br\/2019\/wp-content\/uploads\/2020\/12\/IMG_8645-696x463.jpg 696w, https:\/\/jorgezanoni.com.br\/2019\/wp-content\/uploads\/2020\/12\/IMG_8645-632x420.jpg 632w\" sizes=\"auto, (max-width: 800px) 100vw, 800px\" \/><\/p>\n<p style=\"text-align: justify;\">Jorge Zanoni<\/p>\n","protected":false},"excerpt":{"rendered":"<p>Fato aconteceu na esquina das Avenidas Presidente Vargas com Rui Barbosa e deixou duas crian\u00e7as levemente feridas. Por volta das 21:20 Horas desta sexta-feira (4), foi registrado um acidente com v\u00edtimas na regi\u00e3o central de Dracena. Colidiram um ve\u00edculo P\u00e1lio dirigido por um homem e um Fox por uma mulher, ambos placas de Dracena. No [&hellip;]<\/p>\n","protected":false},"author":1,"featured_media":39773,"comment_status":"closed","ping_status":"open","sticky":false,"template":"","format":"standard","meta":{"footnotes":""},"categories":[170,110],"tags":[],"class_list":["post-39772","post","type-post","status-publish","format-standard","has-post-thumbnail","hentry","category-acidentes","category-noticiasdestaque"],"_links":{"self":[{"href":"https:\/\/jorgezanoni.com.br\/2019\/wp-json\/wp\/v2\/posts\/39772","targetHints":{"allow":["GET"]}}],"collection":[{"href":"https:\/\/jorgezanoni.com.br\/2019\/wp-json\/wp\/v2\/posts"}],"about":[{"href":"https:\/\/jorgezanoni.com.br\/2019\/wp-json\/wp\/v2\/types\/post"}],"author":[{"embeddable":true,"href":"https:\/\/jorgezanoni.com.br\/2019\/wp-json\/wp\/v2\/users\/1"}],"replies":[{"embeddable":true,"href":"https:\/\/jorgezanoni.com.br\/2019\/wp-json\/wp\/v2\/comments?post=39772"}],"version-history":[{"count":0,"href":"https:\/\/jorgezanoni.com.br\/2019\/wp-json\/wp\/v2\/posts\/39772\/revisions"}],"wp:featuredmedia":[{"embeddable":true,"href":"https:\/\/jorgezanoni.com.br\/2019\/wp-json\/wp\/v2\/media\/39773"}],"wp:attachment":[{"href":"https:\/\/jorgezanoni.com.br\/2019\/wp-json\/wp\/v2\/media?parent=39772"}],"wp:term":[{"taxonomy":"category","embeddable":true,"href":"https:\/\/jorgezanoni.com.br\/2019\/wp-json\/wp\/v2\/categories?post=39772"},{"taxonomy":"post_tag","embeddable":true,"href":"https:\/\/jorgezanoni.com.br\/2019\/wp-json\/wp\/v2\/tags?post=39772"}],"curies":[{"name":"wp","href":"https:\/\/api.w.org\/{rel}","templated":true}]}}