{"id":3974,"date":"2019-08-16T00:47:08","date_gmt":"2019-08-16T00:47:08","guid":{"rendered":"https:\/\/jorgezanoni.com.br\/2019\/?p=3974"},"modified":"2019-08-16T00:47:08","modified_gmt":"2019-08-16T00:47:08","slug":"captura-de-procurado-policia-civil-prende-foragido-da-justica-em-dracena","status":"publish","type":"post","link":"https:\/\/jorgezanoni.com.br\/2019\/captura-de-procurado-policia-civil-prende-foragido-da-justica-em-dracena\/","title":{"rendered":"CAPTURA DE PROCURADO: Policia Civil prende foragido da Justi\u00e7a em Dracena"},"content":{"rendered":"<p style=\"text-align: justify;\">A den\u00fancia dava conta que o fugitivo seria integrante de uma fac\u00e7\u00e3o criminosa de dentro e fora dos pres\u00eddios<\/p>\n<p>A Pol\u00edcia Civil, por interm\u00e9dio do Primeiro Distrito Policial de Dracena, com apoio de agentes das unidades especializadas &#8211; Delegacia de Investiga\u00e7\u00f5es Gerais e Delegacia de Investiga\u00e7\u00f5es Sobre Entorpecentes, prendeu nesta quinta-feira (15), no bairro Vila Luc\u00e9lia, em Dracena, um homem, 47 anos, que se encontrava na condi\u00e7\u00e3o de foragido da Justi\u00e7a.<br \/>\nO capturado estava evadido do Centro de Progress\u00e3o Penitenciaria de Mongagu\u00e1, que fica litoral paulista, local que em cumpria pena em regime semiaberto. O homem possu\u00eda antecedentes criminais por crimes de tr\u00e1fico de drogas, associa\u00e7\u00e3o para tr\u00e1fico de drogas, estelionato, falsifica\u00e7\u00e3o de documento particular, uso de documento falso e recepta\u00e7\u00e3o.<br \/>\nAp\u00f3s a apresenta\u00e7\u00e3o no 1\u00ba DP de Dracena, para dar o cumprimento da captura de procurado, o indiv\u00edduo foi encaminhando de volta ao sistema prisional, onde ficar\u00e1 \u00e0 disposi\u00e7\u00e3o da Justi\u00e7a.<\/p>\n<p>Fonte: Com. Social Pol\u00edcia Civil<\/p>\n","protected":false},"excerpt":{"rendered":"<p>A den\u00fancia dava conta que o fugitivo seria integrante de uma fac\u00e7\u00e3o criminosa de dentro e fora dos pres\u00eddios A Pol\u00edcia Civil, por interm\u00e9dio do Primeiro Distrito Policial de Dracena, com apoio de agentes das unidades especializadas &#8211; Delegacia de Investiga\u00e7\u00f5es Gerais e Delegacia de Investiga\u00e7\u00f5es Sobre Entorpecentes, prendeu nesta quinta-feira (15), no bairro Vila [&hellip;]<\/p>\n","protected":false},"author":1,"featured_media":3975,"comment_status":"closed","ping_status":"open","sticky":false,"template":"","format":"standard","meta":{"footnotes":""},"categories":[110,2],"tags":[],"class_list":["post-3974","post","type-post","status-publish","format-standard","has-post-thumbnail","hentry","category-noticiasdestaque","category-policial"],"_links":{"self":[{"href":"https:\/\/jorgezanoni.com.br\/2019\/wp-json\/wp\/v2\/posts\/3974","targetHints":{"allow":["GET"]}}],"collection":[{"href":"https:\/\/jorgezanoni.com.br\/2019\/wp-json\/wp\/v2\/posts"}],"about":[{"href":"https:\/\/jorgezanoni.com.br\/2019\/wp-json\/wp\/v2\/types\/post"}],"author":[{"embeddable":true,"href":"https:\/\/jorgezanoni.com.br\/2019\/wp-json\/wp\/v2\/users\/1"}],"replies":[{"embeddable":true,"href":"https:\/\/jorgezanoni.com.br\/2019\/wp-json\/wp\/v2\/comments?post=3974"}],"version-history":[{"count":0,"href":"https:\/\/jorgezanoni.com.br\/2019\/wp-json\/wp\/v2\/posts\/3974\/revisions"}],"wp:featuredmedia":[{"embeddable":true,"href":"https:\/\/jorgezanoni.com.br\/2019\/wp-json\/wp\/v2\/media\/3975"}],"wp:attachment":[{"href":"https:\/\/jorgezanoni.com.br\/2019\/wp-json\/wp\/v2\/media?parent=3974"}],"wp:term":[{"taxonomy":"category","embeddable":true,"href":"https:\/\/jorgezanoni.com.br\/2019\/wp-json\/wp\/v2\/categories?post=3974"},{"taxonomy":"post_tag","embeddable":true,"href":"https:\/\/jorgezanoni.com.br\/2019\/wp-json\/wp\/v2\/tags?post=3974"}],"curies":[{"name":"wp","href":"https:\/\/api.w.org\/{rel}","templated":true}]}}