{"id":39737,"date":"2020-12-04T16:52:39","date_gmt":"2020-12-04T16:52:39","guid":{"rendered":"https:\/\/jorgezanoni.com.br\/2019\/?p=39737"},"modified":"2020-12-04T16:52:39","modified_gmt":"2020-12-04T16:52:39","slug":"policial-civil-morre-baleado-pelo-parceiro-apos-discussao-em-acidente-de-transito-em-santa-cruz-do-rio-pardo","status":"publish","type":"post","link":"https:\/\/jorgezanoni.com.br\/2019\/policial-civil-morre-baleado-pelo-parceiro-apos-discussao-em-acidente-de-transito-em-santa-cruz-do-rio-pardo\/","title":{"rendered":"Policial civil morre baleado pelo parceiro ap\u00f3s discuss\u00e3o em acidente de tr\u00e2nsito em Santa Cruz do Rio Pardo"},"content":{"rendered":"<h2 class=\"content-head__subtitle\" style=\"text-align: justify;\"><strong>Viatura bateu na traseira de caminh\u00e3o na Rodovia Jo\u00e3o Batista Cabral Renn\u00f3 e policiais teriam discutido ap\u00f3s o acidente. Um m\u00e9dico da equipe de resgate ficou ferido; caso ser\u00e1 investigado.<\/strong><\/h2>\n<div class=\"mc-column content-text active-extra-styles \" data-block-type=\"unstyled\" data-block-weight=\"30\" data-block-id=\"2\">\n<p class=\"content-text__container \" style=\"text-align: justify;\" data-track-category=\"Link no Texto\" data-track-links=\"\">Um policial civil morreu baleado pelo parceiro nesta sexta-feira (4) em uma discuss\u00e3o depois de se envolverem em um acidente de tr\u00e2nsito em Santa Cruz do Rio Pardo (SP).<\/p>\n<\/div>\n<div class=\"wall protected-content\">\n<div class=\"mc-column content-text active-extra-styles \" style=\"text-align: justify;\" data-block-type=\"unstyled\" data-block-weight=\"30\" data-block-id=\"3\">\n<p class=\"content-text__container \" data-track-category=\"Link no Texto\" data-track-links=\"\">O acidente aconteceu no quil\u00f4metro 304 da Rodovia Jo\u00e3o Batista Cabral Renn\u00f3, quando a viatura descaracterizada da Pol\u00edcia Civil com os dois policiais bateu na traseira de um caminh\u00e3o.<\/p>\n<\/div>\n<div class=\"mc-column content-text active-extra-styles \" style=\"text-align: justify;\" data-block-type=\"unstyled\" data-block-weight=\"22\" data-block-id=\"4\">\n<p class=\"content-text__container \" data-track-category=\"Link no Texto\" data-track-links=\"\">Segundo apurado pela\u00a0<strong>TV TEM<\/strong>, os policiais tiveram ferimentos e funcion\u00e1rios da concession\u00e1ria que administra a rodovia foram atender as v\u00edtimas.<\/p>\n<\/div>\n<div class=\"mc-column content-text active-extra-styles \" style=\"text-align: justify;\" data-block-type=\"unstyled\" data-block-weight=\"18\" data-block-id=\"5\">\n<p class=\"content-text__container \" data-track-category=\"Link no Texto\" data-track-links=\"\">Durante o atendimento, os policiais se envolveram em uma discuss\u00e3o e um deles atirou contra o outro.<\/p>\n<\/div>\n<div class=\"mc-column content-text active-extra-styles \" style=\"text-align: justify;\" data-block-type=\"unstyled\" data-block-weight=\"45\" data-block-id=\"6\">\n<p class=\"content-text__container \" data-track-category=\"Link no Texto\" data-track-links=\"\">Um m\u00e9dico da concession\u00e1ria tentou separar a briga e tamb\u00e9m acabou ferido. Os tr\u00eas foram levados para o pronto-socorro da Santa Casa de Santa Cruz do Rio Pardo, mas o policial baleado n\u00e3o resistiu aos ferimentos e morreu. O caso ser\u00e1 investigado pela pol\u00edcia.<\/p>\n<\/div>\n<div class=\"mc-column content-text active-extra-styles \" data-block-type=\"unstyled\" data-block-weight=\"6\" data-block-id=\"7\">\n<p class=\"content-text__container \" style=\"text-align: justify;\" data-track-category=\"Link no Texto\" data-track-links=\"\"><em>*Com informa\u00e7\u00f5es de Adolfo Lima\/TV TEM.<\/em><\/p>\n<p style=\"text-align: justify;\" data-track-category=\"Link no Texto\" data-track-links=\"\">Fonte: G1<\/p>\n<\/div>\n<\/div>\n","protected":false},"excerpt":{"rendered":"<p>Viatura bateu na traseira de caminh\u00e3o na Rodovia Jo\u00e3o Batista Cabral Renn\u00f3 e policiais teriam discutido ap\u00f3s o acidente. Um m\u00e9dico da equipe de resgate ficou ferido; caso ser\u00e1 investigado. Um policial civil morreu baleado pelo parceiro nesta sexta-feira (4) em uma discuss\u00e3o depois de se envolverem em um acidente de tr\u00e2nsito em Santa Cruz [&hellip;]<\/p>\n","protected":false},"author":1,"featured_media":39738,"comment_status":"closed","ping_status":"open","sticky":false,"template":"","format":"standard","meta":{"footnotes":""},"categories":[170,110,2],"tags":[],"class_list":["post-39737","post","type-post","status-publish","format-standard","has-post-thumbnail","hentry","category-acidentes","category-noticiasdestaque","category-policial"],"_links":{"self":[{"href":"https:\/\/jorgezanoni.com.br\/2019\/wp-json\/wp\/v2\/posts\/39737","targetHints":{"allow":["GET"]}}],"collection":[{"href":"https:\/\/jorgezanoni.com.br\/2019\/wp-json\/wp\/v2\/posts"}],"about":[{"href":"https:\/\/jorgezanoni.com.br\/2019\/wp-json\/wp\/v2\/types\/post"}],"author":[{"embeddable":true,"href":"https:\/\/jorgezanoni.com.br\/2019\/wp-json\/wp\/v2\/users\/1"}],"replies":[{"embeddable":true,"href":"https:\/\/jorgezanoni.com.br\/2019\/wp-json\/wp\/v2\/comments?post=39737"}],"version-history":[{"count":0,"href":"https:\/\/jorgezanoni.com.br\/2019\/wp-json\/wp\/v2\/posts\/39737\/revisions"}],"wp:featuredmedia":[{"embeddable":true,"href":"https:\/\/jorgezanoni.com.br\/2019\/wp-json\/wp\/v2\/media\/39738"}],"wp:attachment":[{"href":"https:\/\/jorgezanoni.com.br\/2019\/wp-json\/wp\/v2\/media?parent=39737"}],"wp:term":[{"taxonomy":"category","embeddable":true,"href":"https:\/\/jorgezanoni.com.br\/2019\/wp-json\/wp\/v2\/categories?post=39737"},{"taxonomy":"post_tag","embeddable":true,"href":"https:\/\/jorgezanoni.com.br\/2019\/wp-json\/wp\/v2\/tags?post=39737"}],"curies":[{"name":"wp","href":"https:\/\/api.w.org\/{rel}","templated":true}]}}