{"id":39712,"date":"2020-12-04T00:47:41","date_gmt":"2020-12-04T00:47:41","guid":{"rendered":"https:\/\/jorgezanoni.com.br\/2019\/?p=39712"},"modified":"2020-12-04T00:47:41","modified_gmt":"2020-12-04T00:47:41","slug":"mulher-e-presa-apos-video-em-que-aparece-batendo-no-rosto-da-mae-circular-nas-redes-sociais","status":"publish","type":"post","link":"https:\/\/jorgezanoni.com.br\/2019\/mulher-e-presa-apos-video-em-que-aparece-batendo-no-rosto-da-mae-circular-nas-redes-sociais\/","title":{"rendered":"Mulher \u00e9 presa ap\u00f3s v\u00eddeo em que aparece batendo no rosto da m\u00e3e circular nas redes sociais"},"content":{"rendered":"<p style=\"text-align: justify;\">Um v\u00eddeo que circula por aplicativos de mensagens e pelas redes sociais, de 24 segundos, mostra uma mulher agredindo a m\u00e3e idosa com um tapa no rosto, em meio a uma discuss\u00e3o. O v\u00eddeo foi gravado pela neta da idosa e filha da agressora, e tem viralizado na internet. O caso ocorreu em Luc\u00e9lia e passou a ser investigado pela Pol\u00edcia Civil da cidade.<\/p>\n<p style=\"text-align: justify;\">Segundo informa\u00e7\u00f5es obtidas junto ao delegado da Pol\u00edcia Civil local, Yuri Munhoz Silveira, uma pessoa compareceu at\u00e9 a reparti\u00e7\u00e3o policial na tarde desta quarta-feira (2) e informou o ocorrido, por\u00e9m preferiu n\u00e3o se identificar na den\u00fancia.<\/p>\n<p style=\"text-align: justify;\">De imediato, o delegado e um investigador foram at\u00e9 o endere\u00e7o da v\u00edtima averiguar, onde a pr\u00f3pria idosa e a filha da autora narraram a agress\u00e3o, confirmando assim a den\u00fancia registrada no v\u00eddeo. \u201cConfirmamos a den\u00fancia, sendo que a pr\u00f3pria idosa e a filha da autora narraram a agress\u00e3o, al\u00e9m de vermos os v\u00eddeos\u201d, disse a autoridade da Pol\u00edcia Civil.<\/p>\n<p style=\"text-align: justify;\">Diante do fato, segundo o delegado, foi dada voz de pris\u00e3o \u00e0 autora pela pr\u00e1tica de contraven\u00e7\u00e3o penal de vias de fato, sendo ela conduzida \u00e0 Delegacia de Pol\u00edcia da cidade. Como \u00e9 cab\u00edvel ao caso e prevista em lei, foi arbitrada fian\u00e7a, que ap\u00f3s ser recolhida, a mulher investigada foi colocada em liberdade, para responder perante a Justi\u00e7a.<\/p>\n<p style=\"text-align: justify;\">A contraven\u00e7\u00e3o, segundo o delegado, foi praticada no \u00e2mbito da Lei Maria da Penha, e n\u00e3o exige representa\u00e7\u00e3o criminal por parte da v\u00edtima.<\/p>\n<p style=\"text-align: justify;\">Fonte: Aqui Luc\u00e9lia<\/p>\n","protected":false},"excerpt":{"rendered":"<p>Um v\u00eddeo que circula por aplicativos de mensagens e pelas redes sociais, de 24 segundos, mostra uma mulher agredindo a m\u00e3e idosa com um tapa no rosto, em meio a uma discuss\u00e3o. O v\u00eddeo foi gravado pela neta da idosa e filha da agressora, e tem viralizado na internet. O caso ocorreu em Luc\u00e9lia e [&hellip;]<\/p>\n","protected":false},"author":1,"featured_media":39713,"comment_status":"closed","ping_status":"open","sticky":false,"template":"","format":"standard","meta":{"footnotes":""},"categories":[110,2],"tags":[],"class_list":["post-39712","post","type-post","status-publish","format-standard","has-post-thumbnail","hentry","category-noticiasdestaque","category-policial"],"_links":{"self":[{"href":"https:\/\/jorgezanoni.com.br\/2019\/wp-json\/wp\/v2\/posts\/39712","targetHints":{"allow":["GET"]}}],"collection":[{"href":"https:\/\/jorgezanoni.com.br\/2019\/wp-json\/wp\/v2\/posts"}],"about":[{"href":"https:\/\/jorgezanoni.com.br\/2019\/wp-json\/wp\/v2\/types\/post"}],"author":[{"embeddable":true,"href":"https:\/\/jorgezanoni.com.br\/2019\/wp-json\/wp\/v2\/users\/1"}],"replies":[{"embeddable":true,"href":"https:\/\/jorgezanoni.com.br\/2019\/wp-json\/wp\/v2\/comments?post=39712"}],"version-history":[{"count":0,"href":"https:\/\/jorgezanoni.com.br\/2019\/wp-json\/wp\/v2\/posts\/39712\/revisions"}],"wp:featuredmedia":[{"embeddable":true,"href":"https:\/\/jorgezanoni.com.br\/2019\/wp-json\/wp\/v2\/media\/39713"}],"wp:attachment":[{"href":"https:\/\/jorgezanoni.com.br\/2019\/wp-json\/wp\/v2\/media?parent=39712"}],"wp:term":[{"taxonomy":"category","embeddable":true,"href":"https:\/\/jorgezanoni.com.br\/2019\/wp-json\/wp\/v2\/categories?post=39712"},{"taxonomy":"post_tag","embeddable":true,"href":"https:\/\/jorgezanoni.com.br\/2019\/wp-json\/wp\/v2\/tags?post=39712"}],"curies":[{"name":"wp","href":"https:\/\/api.w.org\/{rel}","templated":true}]}}