{"id":39709,"date":"2020-12-04T00:36:30","date_gmt":"2020-12-04T00:36:30","guid":{"rendered":"https:\/\/jorgezanoni.com.br\/2019\/?p=39709"},"modified":"2020-12-04T00:36:30","modified_gmt":"2020-12-04T00:36:30","slug":"fatima-bernardes-esta-com-cancer-de-utero-em-estagio-inicial","status":"publish","type":"post","link":"https:\/\/jorgezanoni.com.br\/2019\/fatima-bernardes-esta-com-cancer-de-utero-em-estagio-inicial\/","title":{"rendered":"F\u00e1tima Bernardes est\u00e1 com c\u00e2ncer de \u00fatero em est\u00e1gio inicial"},"content":{"rendered":"<p style=\"text-align: justify;\">Pelas redes sociais, a apresentadora\u00a0F\u00e1tima Bernardes, 58 anos, compartilhou com os seguidores a not\u00edcia de que est\u00e1 com c\u00e2ncer de \u00fatero. A doen\u00e7a ainda se encontra no est\u00e1gio inicial, mas\u00a0vai tir\u00e1-la\u00a0do comando do programa\u00a0Encontro\u00a0para a realiza\u00e7\u00e3o de uma cirurgia. F\u00e1tima explicou que descobriu o c\u00e2ncer com exames de rotina e ainda acalmou os seguidores ao explicar que se sente bem. A apresentadora tamb\u00e9m pontuou que preferiu ir a p\u00fablico e\u00a0informar\u00a0a doen\u00e7a, para evitar especula\u00e7\u00f5es.<\/p>\n<p style=\"text-align: justify;\">&#8220;Estou bem. Depois de uma s\u00e9rie de exames de rotina, hoje recebi o diagn\u00f3stico de um c\u00e2ncer de \u00fatero em est\u00e1gio inicial. Vou me afastar por uns dias do trabalho pra fazer a cirurgia. Como sempre usei minhas redes com total franqueza e verdade, preferi eu mesma passar essa informa\u00e7\u00e3o para todos que me acompanham. Enquanto isso, aproveito o aconchego dos meus pais, filhos, do meu amor e dos amigos pr\u00f3ximos. E j\u00e1 agrade\u00e7o pelo carinho, pelas boas energias de todos aqui. Logo, logo estarei de volta para nossos encontros\u201d, escreveu.<\/p>\n<p style=\"text-align: justify;\">Fonte: Correio Braziliense<\/p>\n","protected":false},"excerpt":{"rendered":"<p>Pelas redes sociais, a apresentadora\u00a0F\u00e1tima Bernardes, 58 anos, compartilhou com os seguidores a not\u00edcia de que est\u00e1 com c\u00e2ncer de \u00fatero. A doen\u00e7a ainda se encontra no est\u00e1gio inicial, mas\u00a0vai tir\u00e1-la\u00a0do comando do programa\u00a0Encontro\u00a0para a realiza\u00e7\u00e3o de uma cirurgia. F\u00e1tima explicou que descobriu o c\u00e2ncer com exames de rotina e ainda acalmou os seguidores ao [&hellip;]<\/p>\n","protected":false},"author":1,"featured_media":39710,"comment_status":"closed","ping_status":"open","sticky":false,"template":"","format":"standard","meta":{"footnotes":""},"categories":[114,110],"tags":[],"class_list":["post-39709","post","type-post","status-publish","format-standard","has-post-thumbnail","hentry","category-geralecomercio","category-noticiasdestaque"],"_links":{"self":[{"href":"https:\/\/jorgezanoni.com.br\/2019\/wp-json\/wp\/v2\/posts\/39709","targetHints":{"allow":["GET"]}}],"collection":[{"href":"https:\/\/jorgezanoni.com.br\/2019\/wp-json\/wp\/v2\/posts"}],"about":[{"href":"https:\/\/jorgezanoni.com.br\/2019\/wp-json\/wp\/v2\/types\/post"}],"author":[{"embeddable":true,"href":"https:\/\/jorgezanoni.com.br\/2019\/wp-json\/wp\/v2\/users\/1"}],"replies":[{"embeddable":true,"href":"https:\/\/jorgezanoni.com.br\/2019\/wp-json\/wp\/v2\/comments?post=39709"}],"version-history":[{"count":0,"href":"https:\/\/jorgezanoni.com.br\/2019\/wp-json\/wp\/v2\/posts\/39709\/revisions"}],"wp:featuredmedia":[{"embeddable":true,"href":"https:\/\/jorgezanoni.com.br\/2019\/wp-json\/wp\/v2\/media\/39710"}],"wp:attachment":[{"href":"https:\/\/jorgezanoni.com.br\/2019\/wp-json\/wp\/v2\/media?parent=39709"}],"wp:term":[{"taxonomy":"category","embeddable":true,"href":"https:\/\/jorgezanoni.com.br\/2019\/wp-json\/wp\/v2\/categories?post=39709"},{"taxonomy":"post_tag","embeddable":true,"href":"https:\/\/jorgezanoni.com.br\/2019\/wp-json\/wp\/v2\/tags?post=39709"}],"curies":[{"name":"wp","href":"https:\/\/api.w.org\/{rel}","templated":true}]}}