{"id":39704,"date":"2020-12-04T00:26:05","date_gmt":"2020-12-04T00:26:05","guid":{"rendered":"https:\/\/jorgezanoni.com.br\/2019\/?p=39704"},"modified":"2020-12-04T00:26:49","modified_gmt":"2020-12-04T00:26:49","slug":"morre-humorista-rodela-aos-66-anos-apos-contrair-covid-19","status":"publish","type":"post","link":"https:\/\/jorgezanoni.com.br\/2019\/morre-humorista-rodela-aos-66-anos-apos-contrair-covid-19\/","title":{"rendered":"Morre humorista Rodela aos 66 anos ap\u00f3s contrair covid-19"},"content":{"rendered":"<p style=\"text-align: justify;\">O humorista Luiz Carlos Ribeiro, mais conhecido como Rodela, morreu hoje ap\u00f3s passar duas semanas internado no Hospital Geral de Guarulhos. A informa\u00e7\u00e3o foi confirmada pelo SBT.<\/p>\n<p style=\"text-align: justify;\"><img loading=\"lazy\" decoding=\"async\" class=\"alignnone size-full wp-image-39705\" src=\"https:\/\/jorgezanoni.com.br\/2019\/wp-content\/uploads\/2020\/12\/Rodela1.jpg\" alt=\"\" width=\"1024\" height=\"576\" srcset=\"https:\/\/jorgezanoni.com.br\/2019\/wp-content\/uploads\/2020\/12\/Rodela1.jpg 1024w, https:\/\/jorgezanoni.com.br\/2019\/wp-content\/uploads\/2020\/12\/Rodela1-300x169.jpg 300w, https:\/\/jorgezanoni.com.br\/2019\/wp-content\/uploads\/2020\/12\/Rodela1-768x432.jpg 768w, https:\/\/jorgezanoni.com.br\/2019\/wp-content\/uploads\/2020\/12\/Rodela1-696x392.jpg 696w, https:\/\/jorgezanoni.com.br\/2019\/wp-content\/uploads\/2020\/12\/Rodela1-747x420.jpg 747w\" sizes=\"auto, (max-width: 1024px) 100vw, 1024px\" \/><\/p>\n<p>Em nota, a emissora afirmou que o humorista havia contra\u00eddo a covid-19. De acordo com comunicado, Rodela havia sido submetido a hemodi\u00e1lise no in\u00edcio da noite de hoje e sofreu paradas card\u00edacas, que ocasionaram a sua morte.<\/p>\n<p style=\"text-align: justify;\">Rodela foi internado no final de novembro com os pulm\u00f5es comprometidos. Na \u00faltima sexta-feira (27), ele havia apresentado uma &#8220;melhora significativa&#8221; no seu quadro, com seus \u00f3rg\u00e3os respondendo positivamente \u00e0s medica\u00e7\u00f5es.<\/p>\n<p style=\"text-align: justify;\">O SBT ainda afirmou que &#8220;presta solidariedade e deseja que Deus conforte sua fam\u00edlia.&#8221;.<\/p>\n<p style=\"text-align: justify;\">O humorista ficou conhecido por atuar em diversos programas de audit\u00f3rio, como no &#8220;Programa do Gugu&#8221;, de Celso Portiolli e tamb\u00e9m no &#8220;Programa do Ratinho&#8221;, onde ganhou maior destaque. Sua primeira apari\u00e7\u00e3o foi no programa &#8220;Show de Variedades&#8221;, em 1992, fazendo performances de com\u00e9dia.<\/p>\n<p style=\"text-align: justify;\">Rodela tamb\u00e9m participou de &#8220;A Pra\u00e7a \u00e9 Nossa&#8221;, atuando em diversos quadros e contracenado com v\u00e1rios comediantes do programa. Posteriormente, esteve no programa &#8220;Show do Tom&#8221;, tamb\u00e9m na RecordTV.<\/p>\n<p style=\"text-align: justify;\">O humorista ainda se apresentava nas ruas do centro de S\u00e3o Paulo, agrupando diversas pessoas para os seus shows de com\u00e9dia.<\/p>\n<p style=\"text-align: justify;\">Eduardo Mascarenhas, conhecido por interpretar o Xaropinho do Programa do Ratinho, lamentou a morte do amigo com quem dividiu o palco durante mais de duas d\u00e9cadas.<\/p>\n<p style=\"text-align: justify;\">&#8220;O Rodela sempre foi um guerreiro e um grande amigo, sempre teve espa\u00e7o no Programa do Ratinho porque era um grande companheiro, foram mais de 20 anos de conviv\u00eancia e muita alegria, vai deixar saudades&#8221;, afirmou ao UOL.<\/p>\n<p style=\"text-align: justify;\">\u201cSua simplicidade, leveza e alegria eram suas marcas. Gostava de ver ele nas dramatiza\u00e7\u00f5es do DNA. Perdemos mais que um humorista, a conviv\u00eancia di\u00e1ria no programa nos tornou uma fam\u00edlia. Era querido por todos, amigo, irm\u00e3o, profissional. O programa est\u00e1 de luto. A covid \u00e9 implac\u00e1vel&#8221;.<\/p>\n<p style=\"text-align: justify;\">Nas redes sociais, Murilo Bordoni, produtor e diretor de palco do programa, tamb\u00e9m prestou homenagem ao humorista.<\/p>\n<p style=\"text-align: justify;\">&#8220;\u00c9 assim, brincando e dando risada, que quero lembrar desse querido amigo. Descanse Rodela&#8221;, escreveu em publica\u00e7\u00e3o no Instagram.<\/p>\n<p><img loading=\"lazy\" decoding=\"async\" class=\"alignnone size-full wp-image-39706\" src=\"https:\/\/jorgezanoni.com.br\/2019\/wp-content\/uploads\/2020\/12\/Rodela2.jpg\" alt=\"\" width=\"940\" height=\"504\" srcset=\"https:\/\/jorgezanoni.com.br\/2019\/wp-content\/uploads\/2020\/12\/Rodela2.jpg 940w, https:\/\/jorgezanoni.com.br\/2019\/wp-content\/uploads\/2020\/12\/Rodela2-300x161.jpg 300w, https:\/\/jorgezanoni.com.br\/2019\/wp-content\/uploads\/2020\/12\/Rodela2-768x412.jpg 768w, https:\/\/jorgezanoni.com.br\/2019\/wp-content\/uploads\/2020\/12\/Rodela2-696x373.jpg 696w, https:\/\/jorgezanoni.com.br\/2019\/wp-content\/uploads\/2020\/12\/Rodela2-783x420.jpg 783w\" sizes=\"auto, (max-width: 940px) 100vw, 940px\" \/><\/p>\n<p style=\"text-align: justify;\">Fonte: UOL<\/p>\n","protected":false},"excerpt":{"rendered":"<p>O humorista Luiz Carlos Ribeiro, mais conhecido como Rodela, morreu hoje ap\u00f3s passar duas semanas internado no Hospital Geral de Guarulhos. A informa\u00e7\u00e3o foi confirmada pelo SBT. Em nota, a emissora afirmou que o humorista havia contra\u00eddo a covid-19. De acordo com comunicado, Rodela havia sido submetido a hemodi\u00e1lise no in\u00edcio da noite de hoje [&hellip;]<\/p>\n","protected":false},"author":1,"featured_media":39707,"comment_status":"closed","ping_status":"open","sticky":false,"template":"","format":"standard","meta":{"footnotes":""},"categories":[178,110],"tags":[],"class_list":["post-39704","post","type-post","status-publish","format-standard","has-post-thumbnail","hentry","category-notadefalecimento","category-noticiasdestaque"],"_links":{"self":[{"href":"https:\/\/jorgezanoni.com.br\/2019\/wp-json\/wp\/v2\/posts\/39704","targetHints":{"allow":["GET"]}}],"collection":[{"href":"https:\/\/jorgezanoni.com.br\/2019\/wp-json\/wp\/v2\/posts"}],"about":[{"href":"https:\/\/jorgezanoni.com.br\/2019\/wp-json\/wp\/v2\/types\/post"}],"author":[{"embeddable":true,"href":"https:\/\/jorgezanoni.com.br\/2019\/wp-json\/wp\/v2\/users\/1"}],"replies":[{"embeddable":true,"href":"https:\/\/jorgezanoni.com.br\/2019\/wp-json\/wp\/v2\/comments?post=39704"}],"version-history":[{"count":0,"href":"https:\/\/jorgezanoni.com.br\/2019\/wp-json\/wp\/v2\/posts\/39704\/revisions"}],"wp:featuredmedia":[{"embeddable":true,"href":"https:\/\/jorgezanoni.com.br\/2019\/wp-json\/wp\/v2\/media\/39707"}],"wp:attachment":[{"href":"https:\/\/jorgezanoni.com.br\/2019\/wp-json\/wp\/v2\/media?parent=39704"}],"wp:term":[{"taxonomy":"category","embeddable":true,"href":"https:\/\/jorgezanoni.com.br\/2019\/wp-json\/wp\/v2\/categories?post=39704"},{"taxonomy":"post_tag","embeddable":true,"href":"https:\/\/jorgezanoni.com.br\/2019\/wp-json\/wp\/v2\/tags?post=39704"}],"curies":[{"name":"wp","href":"https:\/\/api.w.org\/{rel}","templated":true}]}}