{"id":3969,"date":"2019-08-16T00:22:01","date_gmt":"2019-08-16T00:22:01","guid":{"rendered":"https:\/\/jorgezanoni.com.br\/2019\/?p=3969"},"modified":"2019-08-16T00:26:37","modified_gmt":"2019-08-16T00:26:37","slug":"policia-civil-inicia-apreensao-de-cnhs-de-condutores-que-transferiram-ilicitamente-a-habilitacao-para-outros-estados","status":"publish","type":"post","link":"https:\/\/jorgezanoni.com.br\/2019\/policia-civil-inicia-apreensao-de-cnhs-de-condutores-que-transferiram-ilicitamente-a-habilitacao-para-outros-estados\/","title":{"rendered":"Pol\u00edcia Civil inicia apreens\u00e3o de CNHs de condutores que transferiram ilicitamente a Habilita\u00e7\u00e3o para outros estados"},"content":{"rendered":"<p style=\"text-align: justify;\"><strong>OPERA\u00c7\u00c3O DEDO PODRE: POL\u00cdCIA CIVIL INICIA APREENS\u00c3O DE CNHs DE CONDUTORES QUE TRANSFERIRAM ILICITAMENTE A HABILITA\u00c7\u00c3O PARA OUTROS ESTADOS.<\/strong><\/p>\n<p><img loading=\"lazy\" decoding=\"async\" class=\"alignnone size-full wp-image-3970\" src=\"https:\/\/jorgezanoni.com.br\/2019\/wp-content\/uploads\/2019\/08\/dedo1.jpg\" alt=\"\" width=\"1262\" height=\"842\" srcset=\"https:\/\/jorgezanoni.com.br\/2019\/wp-content\/uploads\/2019\/08\/dedo1.jpg 1262w, https:\/\/jorgezanoni.com.br\/2019\/wp-content\/uploads\/2019\/08\/dedo1-300x200.jpg 300w, https:\/\/jorgezanoni.com.br\/2019\/wp-content\/uploads\/2019\/08\/dedo1-768x512.jpg 768w, https:\/\/jorgezanoni.com.br\/2019\/wp-content\/uploads\/2019\/08\/dedo1-1024x683.jpg 1024w, https:\/\/jorgezanoni.com.br\/2019\/wp-content\/uploads\/2019\/08\/dedo1-696x464.jpg 696w, https:\/\/jorgezanoni.com.br\/2019\/wp-content\/uploads\/2019\/08\/dedo1-1068x713.jpg 1068w, https:\/\/jorgezanoni.com.br\/2019\/wp-content\/uploads\/2019\/08\/dedo1-630x420.jpg 630w\" sizes=\"auto, (max-width: 1262px) 100vw, 1262px\" \/><\/p>\n<p style=\"text-align: justify;\">A Pol\u00edcia Civil do Estado de S\u00e3o Paulo, por interm\u00e9dio da DIG\/DISE e CIP, da Delegacia Seccional de Pol\u00edcia de Dracena, iniciou nesta semana a apreens\u00e3o de 131 CNHs de condutores de ve\u00edculos que transferiram ilicitamente a habilita\u00e7\u00e3o para outros Estados da Federa\u00e7\u00e3o, a fim de escapar de penalidades administrativas impostas pelo \u00f3rg\u00e3o de tr\u00e2nsito estadual.<br \/>\nTodos os condutores j\u00e1 haviam sido identificados durante a 1\u00aa fase da Opera\u00e7\u00e3o Dedo Podre, realizada pela Pol\u00edcia Civil de Dracena\/SP. A apreens\u00e3o das CNHs foi determinada pelo Poder Judici\u00e1rio da Comarca de Dracena\/SP, ap\u00f3s concord\u00e2ncia do Minist\u00e9rio P\u00fablico Estadual, em raz\u00e3o das suspeitas de ilicitudes.<br \/>\nAt\u00e9 o momento j\u00e1 foram apreendidas 92 CNHs, em todo o Estado, a maioria na regi\u00e3o de Dracena, sendo que as dilig\u00eancias continuam visando a apreens\u00e3o de todas as carteiras nacionais de habilita\u00e7\u00e3o dos envolvidos.<br \/>\nAl\u00e9m disso, tamb\u00e9m foi determinado pela Justi\u00e7a o bloqueio de todas as CNHs no Registro Nacional de Condutores Habilitados (RENACH), de maneira que caso o condutor, ap\u00f3s o recolhimento da carteira nacional de habilita\u00e7\u00e3o seja abordado dirigindo, ele sofrer\u00e1 outras autua\u00e7\u00f5es de tr\u00e2nsito, as quais poder\u00e3o gerar nova suspens\u00e3o ou cassa\u00e7\u00e3o do direito de dirigir.<br \/>\nAinda, durante a 1\u00aa fase da opera\u00e7\u00e3o, a Pol\u00edcia Civil havia prendido 04 membros da associa\u00e7\u00e3o criminosa que prestavam servi\u00e7os e orienta\u00e7\u00f5es aos condutores de ve\u00edculos a fim de transferirem ilicitamente as CNHs, sendo que, na maioria dos casos, eram declarados endere\u00e7os falsos em outros Estados e pago propina a agente p\u00fablico do \u00f3rg\u00e3o de tr\u00e2nsito para a feitura da transfer\u00eancia il\u00edcita.<br \/>\nA Justi\u00e7a tamb\u00e9m decretou, ap\u00f3s representa\u00e7\u00e3o das Autoridades Policiais por ocasi\u00e3o do relat\u00f3rio final do inqu\u00e9rito policial, a pris\u00e3o preventiva dos 4 integrantes, a fim de que aguardem preso at\u00e9 o julgamento a ser realizado.<br \/>\nAs investiga\u00e7\u00f5es da Pol\u00edcia Civil continuam durante a 2\u00aa fase da Opera\u00e7\u00e3o Dedo Podre, sendo que aproximadamente 2.000 novos condutores j\u00e1 foram catalogados.<br \/>\nEst\u00e3o sendo efetuadas pesquisas a fim de avaliar se transferiram ou n\u00e3o as CNHs de maneira il\u00edcita, visando escapar de responsabiliza\u00e7\u00f5es administrativas.<\/p>\n<p>Fonte: Com. Social da Pol\u00edcia Civil<\/p>\n","protected":false},"excerpt":{"rendered":"<p>OPERA\u00c7\u00c3O DEDO PODRE: POL\u00cdCIA CIVIL INICIA APREENS\u00c3O DE CNHs DE CONDUTORES QUE TRANSFERIRAM ILICITAMENTE A HABILITA\u00c7\u00c3O PARA OUTROS ESTADOS. A Pol\u00edcia Civil do Estado de S\u00e3o Paulo, por interm\u00e9dio da DIG\/DISE e CIP, da Delegacia Seccional de Pol\u00edcia de Dracena, iniciou nesta semana a apreens\u00e3o de 131 CNHs de condutores de ve\u00edculos que transferiram ilicitamente [&hellip;]<\/p>\n","protected":false},"author":1,"featured_media":3973,"comment_status":"closed","ping_status":"open","sticky":false,"template":"","format":"standard","meta":{"footnotes":""},"categories":[110,2],"tags":[],"class_list":["post-3969","post","type-post","status-publish","format-standard","has-post-thumbnail","hentry","category-noticiasdestaque","category-policial"],"_links":{"self":[{"href":"https:\/\/jorgezanoni.com.br\/2019\/wp-json\/wp\/v2\/posts\/3969","targetHints":{"allow":["GET"]}}],"collection":[{"href":"https:\/\/jorgezanoni.com.br\/2019\/wp-json\/wp\/v2\/posts"}],"about":[{"href":"https:\/\/jorgezanoni.com.br\/2019\/wp-json\/wp\/v2\/types\/post"}],"author":[{"embeddable":true,"href":"https:\/\/jorgezanoni.com.br\/2019\/wp-json\/wp\/v2\/users\/1"}],"replies":[{"embeddable":true,"href":"https:\/\/jorgezanoni.com.br\/2019\/wp-json\/wp\/v2\/comments?post=3969"}],"version-history":[{"count":0,"href":"https:\/\/jorgezanoni.com.br\/2019\/wp-json\/wp\/v2\/posts\/3969\/revisions"}],"wp:featuredmedia":[{"embeddable":true,"href":"https:\/\/jorgezanoni.com.br\/2019\/wp-json\/wp\/v2\/media\/3973"}],"wp:attachment":[{"href":"https:\/\/jorgezanoni.com.br\/2019\/wp-json\/wp\/v2\/media?parent=3969"}],"wp:term":[{"taxonomy":"category","embeddable":true,"href":"https:\/\/jorgezanoni.com.br\/2019\/wp-json\/wp\/v2\/categories?post=3969"},{"taxonomy":"post_tag","embeddable":true,"href":"https:\/\/jorgezanoni.com.br\/2019\/wp-json\/wp\/v2\/tags?post=3969"}],"curies":[{"name":"wp","href":"https:\/\/api.w.org\/{rel}","templated":true}]}}