{"id":39655,"date":"2020-12-02T23:41:35","date_gmt":"2020-12-02T23:41:35","guid":{"rendered":"https:\/\/jorgezanoni.com.br\/2019\/?p=39655"},"modified":"2020-12-02T23:44:22","modified_gmt":"2020-12-02T23:44:22","slug":"andre-lemos-prefeito-eleito-de-dracena-visita-cdhu-e-fiesp","status":"publish","type":"post","link":"https:\/\/jorgezanoni.com.br\/2019\/andre-lemos-prefeito-eleito-de-dracena-visita-cdhu-e-fiesp\/","title":{"rendered":"Andr\u00e9 Lemos prefeito eleito de Dracena, visita CDHU e FIESP"},"content":{"rendered":"<p style=\"text-align: justify;\">Andr\u00e9 Lemos, prefeito eleito de Dracena 2021\/24, esteve em visita durante o in\u00edcio da semana na CDHU (Companhia de Desenvolvimento Urbano), na cidade de S\u00e3o Paulo. A principal reivindica\u00e7\u00e3o naquela pasta foi a tentativa de resolver de vez a situa\u00e7\u00e3o do Conjunto Habitacional Dorival Inoc\u00eancio no final do Jardim Brasil\u00e2ndia. Na audi\u00eancia foi recebido pelo diretor de atendimento Marcelo Hercolin, que prometeu estudar o caso com carinho e em breve dar um retorno do que poder\u00e1 ser feito.<\/p>\n<p style=\"text-align: justify;\">Na CDHU, o futuro prefeito ainda manteve contato com o Secret\u00e1rio de Habita\u00e7\u00e3o do Estado de S\u00e3o Paulo Fl\u00e1vio Amary para tratar da situa\u00e7\u00e3o do Conjunto Dracena K (Florindo Tabachi), que ter\u00e1 conclus\u00e3o parcial durante o ano de 2021 com a entrega de 300 casas. No projeto original a previs\u00e3o seria a constru\u00e7\u00e3o de 600, com possibilidade de aprova\u00e7\u00e3o das 300 faltantes tamb\u00e9m ainda em 2021.<\/p>\n<p style=\"text-align: justify;\">Aproveitando a estada na capital paulista, Andr\u00e9 esteve em visita a FIESP (Federa\u00e7\u00e3o das Ind\u00fastrias do Estado de S\u00e3o Paulo), para agradecer pessoalmente o apoio recebido do presidente Paulo Skaf. Na oportunidade Dracena acabou sendo agraciada com a implementa\u00e7\u00e3o do Programa Atleta do Futuro (PAF) que j\u00e1 beneficiar\u00e1 jovens atletas da cidade no ano de 2021. (https:\/\/www.sesisp.org.br\/para-voce\/atleta-do-futuro&#8212;paf)<\/p>\n<p style=\"text-align: justify;\">Tamb\u00e9m na FIESP ficou definido que haver\u00e1 a amplia\u00e7\u00e3o de diversos Cursos Profissionalizantes atrav\u00e9s do SENAI, acontecendo inclusive na modalidade on line.<\/p>\n<p style=\"text-align: justify;\">O Tiro de Guerra dever\u00e1 receber melhorias das instala\u00e7\u00f5es atrav\u00e9s de contato de Andr\u00e9 com o Deputado Estadual Tenente Coimbra que vai indicar emendas para Dracena com esta finalidade.<\/p>\n<p style=\"text-align: justify;\">Antes de retornar a Dracena, Andr\u00e9 fez uma visita de cortesia ao Prefeito Eleito de Presidente Prudente Ed Thomaz, que ainda \u00e9 Deputado Estadual. Thomaz teve importante atua\u00e7\u00e3o em nossa cidade.<\/p>\n<p style=\"text-align: justify;\">Fonte: Assessoria de Imprensa<\/p>\n<p style=\"text-align: justify;\">\n","protected":false},"excerpt":{"rendered":"<p>Andr\u00e9 Lemos, prefeito eleito de Dracena 2021\/24, esteve em visita durante o in\u00edcio da semana na CDHU (Companhia de Desenvolvimento Urbano), na cidade de S\u00e3o Paulo. A principal reivindica\u00e7\u00e3o naquela pasta foi a tentativa de resolver de vez a situa\u00e7\u00e3o do Conjunto Habitacional Dorival Inoc\u00eancio no final do Jardim Brasil\u00e2ndia. Na audi\u00eancia foi recebido pelo [&hellip;]<\/p>\n","protected":false},"author":1,"featured_media":39656,"comment_status":"closed","ping_status":"open","sticky":false,"template":"","format":"standard","meta":{"footnotes":""},"categories":[110,116],"tags":[],"class_list":["post-39655","post","type-post","status-publish","format-standard","has-post-thumbnail","hentry","category-noticiasdestaque","category-politicaeeconomia"],"_links":{"self":[{"href":"https:\/\/jorgezanoni.com.br\/2019\/wp-json\/wp\/v2\/posts\/39655","targetHints":{"allow":["GET"]}}],"collection":[{"href":"https:\/\/jorgezanoni.com.br\/2019\/wp-json\/wp\/v2\/posts"}],"about":[{"href":"https:\/\/jorgezanoni.com.br\/2019\/wp-json\/wp\/v2\/types\/post"}],"author":[{"embeddable":true,"href":"https:\/\/jorgezanoni.com.br\/2019\/wp-json\/wp\/v2\/users\/1"}],"replies":[{"embeddable":true,"href":"https:\/\/jorgezanoni.com.br\/2019\/wp-json\/wp\/v2\/comments?post=39655"}],"version-history":[{"count":0,"href":"https:\/\/jorgezanoni.com.br\/2019\/wp-json\/wp\/v2\/posts\/39655\/revisions"}],"wp:featuredmedia":[{"embeddable":true,"href":"https:\/\/jorgezanoni.com.br\/2019\/wp-json\/wp\/v2\/media\/39656"}],"wp:attachment":[{"href":"https:\/\/jorgezanoni.com.br\/2019\/wp-json\/wp\/v2\/media?parent=39655"}],"wp:term":[{"taxonomy":"category","embeddable":true,"href":"https:\/\/jorgezanoni.com.br\/2019\/wp-json\/wp\/v2\/categories?post=39655"},{"taxonomy":"post_tag","embeddable":true,"href":"https:\/\/jorgezanoni.com.br\/2019\/wp-json\/wp\/v2\/tags?post=39655"}],"curies":[{"name":"wp","href":"https:\/\/api.w.org\/{rel}","templated":true}]}}