{"id":39629,"date":"2020-12-02T12:41:09","date_gmt":"2020-12-02T12:41:09","guid":{"rendered":"https:\/\/jorgezanoni.com.br\/2019\/?p=39629"},"modified":"2020-12-02T12:41:09","modified_gmt":"2020-12-02T12:41:09","slug":"pela-paz-em-busca-da-guerra","status":"publish","type":"post","link":"https:\/\/jorgezanoni.com.br\/2019\/pela-paz-em-busca-da-guerra\/","title":{"rendered":"Pela Paz em busca da Guerra&#8230;"},"content":{"rendered":"<p><strong>PELA PAZ EM BUSCA DA GUERRA&#8230;<\/strong><em>\u00a0<\/em><\/p>\n<p style=\"text-align: justify;\"><em>\u201cA verdade levanta tormentas contra si mesma; as quais transportam as suas sementes pelos quatro ventos.\u201d (Tagore)<\/em><\/p>\n<p style=\"text-align: justify;\"><strong><em>S\u00e9rgio Barbosa (*)<\/em><\/strong><\/p>\n<p style=\"text-align: justify;\">Neste final de mais um ano, est\u00e3o ocorrendo diversos desencontros com um mesmo objetivo, ou seja, tra\u00e7ar os descaminhos de uma velha proposta para o planeta Terra afins aos interesses do Mercado Global&#8230;<\/p>\n<p style=\"text-align: justify;\">Enquanto muitos se preocupam em levar adiante projetos para salvar vidas das doen\u00e7as que corroem o ser humano, outros buscam salvar a si mesmos de um mal maior, ou seja, aquele que oprime reprimindo o interior das pessoas, deixando-as sem sa\u00edda para seguir as pegadas da liberdade por meio dos sonhos caricatos de uma promessa anarquista&#8230;<\/p>\n<p style=\"text-align: justify;\">Os encontros acontecem visando abrir novas portas para uma mesma liberdade, quando as correntes prendem as portas da pris\u00e3o interior do homem, batendo com as m\u00e3os nas grades dos sonhadores de plant\u00e3o&#8230;<\/p>\n<p style=\"text-align: justify;\">Pelas marcas de um andarilho se pode viajar dias e noites de um mesmo ano, bem como, levantando bandeiras brancas nas estradas sem postes de ilumina\u00e7\u00e3o e quem sabe do amanh\u00e3 nestes casos n\u00e3o sinaliza como avan\u00e7ar sem retroceder pelas causas perdidas&#8230;<\/p>\n<p style=\"text-align: justify;\">Dizem que o mundo precisa de paz, s\u00e1bias palavras do profeta dos anos 60 em passeatas dos anos doutorados, assim, tamb\u00e9m sonharam os guerrilheiros dos anos 70 nas lutas pela liberta\u00e7\u00e3o no continente africano com armas e gritos de \u201cfora opressores\u201d&#8230;<\/p>\n<p style=\"text-align: justify;\">Os benditos ou malditos anos 80 chegaram com ares de mediocridade e nada mais, afinal de contas, a hist\u00f3ria mostra as p\u00e1ginas do livro, por\u00e9m, esconde a capa do mesmo, talvez com receio da verdade dos fatos e como sempre, para encobrir os erros dos vencedores do poder&#8230;<\/p>\n<p style=\"text-align: justify;\">Na ressaca dos anos 80 aconteceu a chamada \u201ccafonice da d\u00e9cada\u201d, quando o mundo buscava um lugar em meio aos desencontros dos homens e suas ideias dispersas para problemas comuns da humanidade&#8230;<\/p>\n<p style=\"text-align: justify;\">Neste universo disperso e distante ao mesmo tempo da solu\u00e7\u00e3o ideal como rem\u00e9dio contra as dores do mundo, surgiram algumas pistas para uma mudan\u00e7a de lado, inclusive, no final da d\u00e9cada de 80, o PA\u00cdS DO FAZ DE CONTA acordou com a democracia por meio da Elei\u00e7\u00e3o (sic) do COLLORIDO como alternativa para muitas transforma\u00e7\u00f5es que nunca ocorreram&#8230;<\/p>\n<p style=\"text-align: justify;\">As andan\u00e7as pelas \u00faltimas d\u00e9cadas em busca da melhor solu\u00e7\u00e3o para o mundo acabaram em decep\u00e7\u00f5es para ambos os lados, ou seja, o comando deixou a desejar e os comandados passaram a desconfiar do poder&#8230;<\/p>\n<p style=\"text-align: justify;\">Al\u00e9m do mais, o poder sempre pautou suas decis\u00f5es pela vontade \u00fanica de estar acima dos vassalos, ainda, perdedores hist\u00f3ricos que nunca superaram suas limita\u00e7\u00f5es como indiv\u00edduos de um mesmo tempo e sem PASSADO, por\u00e9m, o PRESENTE continua mais incerto do que nunca e o FUTURO, dizem, a DEUS PERTENCE, isso \u00e9, pra quem acredita e ponto quase final&#8230;<\/p>\n<p style=\"text-align: justify;\"><em>________________________________<\/em><\/p>\n<p style=\"text-align: justify;\"><em>(*) Jornalista diplomado e professor universit\u00e1rio.<\/em><\/p>\n","protected":false},"excerpt":{"rendered":"<p>PELA PAZ EM BUSCA DA GUERRA&#8230;\u00a0 \u201cA verdade levanta tormentas contra si mesma; as quais transportam as suas sementes pelos quatro ventos.\u201d (Tagore) S\u00e9rgio Barbosa (*) Neste final de mais um ano, est\u00e3o ocorrendo diversos desencontros com um mesmo objetivo, ou seja, tra\u00e7ar os descaminhos de uma velha proposta para o planeta Terra afins aos [&hellip;]<\/p>\n","protected":false},"author":1,"featured_media":39630,"comment_status":"closed","ping_status":"open","sticky":false,"template":"","format":"standard","meta":{"footnotes":""},"categories":[175],"tags":[],"class_list":["post-39629","post","type-post","status-publish","format-standard","has-post-thumbnail","hentry","category-artigos"],"_links":{"self":[{"href":"https:\/\/jorgezanoni.com.br\/2019\/wp-json\/wp\/v2\/posts\/39629","targetHints":{"allow":["GET"]}}],"collection":[{"href":"https:\/\/jorgezanoni.com.br\/2019\/wp-json\/wp\/v2\/posts"}],"about":[{"href":"https:\/\/jorgezanoni.com.br\/2019\/wp-json\/wp\/v2\/types\/post"}],"author":[{"embeddable":true,"href":"https:\/\/jorgezanoni.com.br\/2019\/wp-json\/wp\/v2\/users\/1"}],"replies":[{"embeddable":true,"href":"https:\/\/jorgezanoni.com.br\/2019\/wp-json\/wp\/v2\/comments?post=39629"}],"version-history":[{"count":0,"href":"https:\/\/jorgezanoni.com.br\/2019\/wp-json\/wp\/v2\/posts\/39629\/revisions"}],"wp:featuredmedia":[{"embeddable":true,"href":"https:\/\/jorgezanoni.com.br\/2019\/wp-json\/wp\/v2\/media\/39630"}],"wp:attachment":[{"href":"https:\/\/jorgezanoni.com.br\/2019\/wp-json\/wp\/v2\/media?parent=39629"}],"wp:term":[{"taxonomy":"category","embeddable":true,"href":"https:\/\/jorgezanoni.com.br\/2019\/wp-json\/wp\/v2\/categories?post=39629"},{"taxonomy":"post_tag","embeddable":true,"href":"https:\/\/jorgezanoni.com.br\/2019\/wp-json\/wp\/v2\/tags?post=39629"}],"curies":[{"name":"wp","href":"https:\/\/api.w.org\/{rel}","templated":true}]}}