{"id":39604,"date":"2020-12-02T01:10:03","date_gmt":"2020-12-02T01:10:03","guid":{"rendered":"https:\/\/jorgezanoni.com.br\/2019\/?p=39604"},"modified":"2020-12-02T01:40:25","modified_gmt":"2020-12-02T01:40:25","slug":"acidente-na-roosevelt-deixa-motociclista-com-fratura-em-uma-das-pernas","status":"publish","type":"post","link":"https:\/\/jorgezanoni.com.br\/2019\/acidente-na-roosevelt-deixa-motociclista-com-fratura-em-uma-das-pernas\/","title":{"rendered":"Acidente na Roosevelt deixa Motociclista com fratura em uma das pernas"},"content":{"rendered":"<p><strong>Fato ocorreu no mesmo local onde ontem (30) duas Motocicletas bateram.<\/strong><\/p>\n<p><img loading=\"lazy\" decoding=\"async\" class=\"alignnone size-full wp-image-39610\" src=\"https:\/\/jorgezanoni.com.br\/2019\/wp-content\/uploads\/2020\/12\/acid..jpg\" alt=\"\" width=\"960\" height=\"1280\" srcset=\"https:\/\/jorgezanoni.com.br\/2019\/wp-content\/uploads\/2020\/12\/acid..jpg 960w, https:\/\/jorgezanoni.com.br\/2019\/wp-content\/uploads\/2020\/12\/acid.-225x300.jpg 225w, https:\/\/jorgezanoni.com.br\/2019\/wp-content\/uploads\/2020\/12\/acid.-768x1024.jpg 768w, https:\/\/jorgezanoni.com.br\/2019\/wp-content\/uploads\/2020\/12\/acid.-696x928.jpg 696w, https:\/\/jorgezanoni.com.br\/2019\/wp-content\/uploads\/2020\/12\/acid.-315x420.jpg 315w\" sizes=\"auto, (max-width: 960px) 100vw, 960px\" \/>Foto de Internauta<\/p>\n<p style=\"text-align: justify;\">Por volta de 16:20 Horas desta ter\u00e7a-feira foi registrado um acidente com v\u00edtima na esquina da Avenida Presidente Roosevelt com Rua S\u00e3o Paulo.<\/p>\n<p style=\"text-align: justify;\">Segundo informa\u00e7\u00f5es obtidas no local pela reportagem do <strong>Site Jorge Zanoni<\/strong>, colidiram uma Motocicleta placa de Dracena pilotada por T.A.R de 30 anos e um ve\u00edculo Mercedes A-180, tamb\u00e9m placas de Dracena.<\/p>\n<p style=\"text-align: justify;\">O Ve\u00edculo fazia o sentido bairro a antiga linha f\u00e9rrea pela Rua S\u00e3o Paulo e a moto seguia no sentido contr\u00e1rio, quando o ve\u00edculo foi fazer a convers\u00e3o a esquerda para adentrar na Avenida aconteceu a colis\u00e3o.<\/p>\n<p style=\"text-align: justify;\">O motociclista foi socorrido por uma Unidade de Resgate do Corpo de Bombeiros at\u00e9 o Pronto Atendimento Municipal com fratura exposta em uma das pernas, o condutor do ve\u00edculo nada sofreu.<\/p>\n<p style=\"text-align: justify;\">A Pol\u00edcia Militar e Pol\u00edcia T\u00e9cnica compareceram ao local para os levantamentos e registro da Ocorr\u00eancia.<\/p>\n<p style=\"text-align: justify;\">No mesmo local do acidente de hoje, ontem duas motos bateram. \u00c9 uma esquina para ser analisada com carinho. Dracena comporta m\u00e3o \u00fanica de dire\u00e7\u00e3o em toda sua regi\u00e3o central, \u00e9 s\u00f3 ter vontade de fazer que as coisas acontecem.<\/p>\n<p style=\"text-align: justify;\">H\u00e1 aproximadamente 50 metros do local, um outro motociclista ao se assustar com o acidente acionou o freio de sua Bis e acabou caindo ao solo sofrendo escoria\u00e7\u00f5es.<\/p>\n<p><img loading=\"lazy\" decoding=\"async\" class=\"alignnone size-full wp-image-39606\" src=\"https:\/\/jorgezanoni.com.br\/2019\/wp-content\/uploads\/2020\/12\/IMG_8442.jpg\" alt=\"\" width=\"800\" height=\"532\" srcset=\"https:\/\/jorgezanoni.com.br\/2019\/wp-content\/uploads\/2020\/12\/IMG_8442.jpg 800w, https:\/\/jorgezanoni.com.br\/2019\/wp-content\/uploads\/2020\/12\/IMG_8442-300x200.jpg 300w, https:\/\/jorgezanoni.com.br\/2019\/wp-content\/uploads\/2020\/12\/IMG_8442-768x511.jpg 768w, https:\/\/jorgezanoni.com.br\/2019\/wp-content\/uploads\/2020\/12\/IMG_8442-696x463.jpg 696w, https:\/\/jorgezanoni.com.br\/2019\/wp-content\/uploads\/2020\/12\/IMG_8442-632x420.jpg 632w\" sizes=\"auto, (max-width: 800px) 100vw, 800px\" \/> <img loading=\"lazy\" decoding=\"async\" class=\"alignnone size-full wp-image-39607\" src=\"https:\/\/jorgezanoni.com.br\/2019\/wp-content\/uploads\/2020\/12\/IMG_8443.jpg\" alt=\"\" width=\"800\" height=\"532\" srcset=\"https:\/\/jorgezanoni.com.br\/2019\/wp-content\/uploads\/2020\/12\/IMG_8443.jpg 800w, https:\/\/jorgezanoni.com.br\/2019\/wp-content\/uploads\/2020\/12\/IMG_8443-300x200.jpg 300w, https:\/\/jorgezanoni.com.br\/2019\/wp-content\/uploads\/2020\/12\/IMG_8443-768x511.jpg 768w, https:\/\/jorgezanoni.com.br\/2019\/wp-content\/uploads\/2020\/12\/IMG_8443-696x463.jpg 696w, https:\/\/jorgezanoni.com.br\/2019\/wp-content\/uploads\/2020\/12\/IMG_8443-632x420.jpg 632w\" sizes=\"auto, (max-width: 800px) 100vw, 800px\" \/><\/p>\n<p style=\"text-align: justify;\">Jorge Zanoni<\/p>\n","protected":false},"excerpt":{"rendered":"<p>Fato ocorreu no mesmo local onde ontem (30) duas Motocicletas bateram. Foto de Internauta Por volta de 16:20 Horas desta ter\u00e7a-feira foi registrado um acidente com v\u00edtima na esquina da Avenida Presidente Roosevelt com Rua S\u00e3o Paulo. Segundo informa\u00e7\u00f5es obtidas no local pela reportagem do Site Jorge Zanoni, colidiram uma Motocicleta placa de Dracena pilotada [&hellip;]<\/p>\n","protected":false},"author":1,"featured_media":39605,"comment_status":"closed","ping_status":"open","sticky":false,"template":"","format":"standard","meta":{"footnotes":""},"categories":[170,110],"tags":[],"class_list":["post-39604","post","type-post","status-publish","format-standard","has-post-thumbnail","hentry","category-acidentes","category-noticiasdestaque"],"_links":{"self":[{"href":"https:\/\/jorgezanoni.com.br\/2019\/wp-json\/wp\/v2\/posts\/39604","targetHints":{"allow":["GET"]}}],"collection":[{"href":"https:\/\/jorgezanoni.com.br\/2019\/wp-json\/wp\/v2\/posts"}],"about":[{"href":"https:\/\/jorgezanoni.com.br\/2019\/wp-json\/wp\/v2\/types\/post"}],"author":[{"embeddable":true,"href":"https:\/\/jorgezanoni.com.br\/2019\/wp-json\/wp\/v2\/users\/1"}],"replies":[{"embeddable":true,"href":"https:\/\/jorgezanoni.com.br\/2019\/wp-json\/wp\/v2\/comments?post=39604"}],"version-history":[{"count":0,"href":"https:\/\/jorgezanoni.com.br\/2019\/wp-json\/wp\/v2\/posts\/39604\/revisions"}],"wp:featuredmedia":[{"embeddable":true,"href":"https:\/\/jorgezanoni.com.br\/2019\/wp-json\/wp\/v2\/media\/39605"}],"wp:attachment":[{"href":"https:\/\/jorgezanoni.com.br\/2019\/wp-json\/wp\/v2\/media?parent=39604"}],"wp:term":[{"taxonomy":"category","embeddable":true,"href":"https:\/\/jorgezanoni.com.br\/2019\/wp-json\/wp\/v2\/categories?post=39604"},{"taxonomy":"post_tag","embeddable":true,"href":"https:\/\/jorgezanoni.com.br\/2019\/wp-json\/wp\/v2\/tags?post=39604"}],"curies":[{"name":"wp","href":"https:\/\/api.w.org\/{rel}","templated":true}]}}