{"id":39593,"date":"2020-12-01T23:54:37","date_gmt":"2020-12-01T23:54:37","guid":{"rendered":"https:\/\/jorgezanoni.com.br\/2019\/?p=39593"},"modified":"2020-12-01T23:54:37","modified_gmt":"2020-12-01T23:54:37","slug":"unifadra-realiza-plantao-psicologico-de-orientacao-profissional","status":"publish","type":"post","link":"https:\/\/jorgezanoni.com.br\/2019\/unifadra-realiza-plantao-psicologico-de-orientacao-profissional\/","title":{"rendered":"Unifadra realiza plant\u00e3o psicol\u00f3gico de orienta\u00e7\u00e3o profissional"},"content":{"rendered":"<div class=\"gmail_attr\" dir=\"ltr\" style=\"text-align: justify;\">O curso de Psicologia da Unifadra\/Fundec est\u00e1 realizando um plant\u00e3o psicol\u00f3gico gratuito para orienta\u00e7\u00e3o profissional aberto para estudantes do 2\u00ba e 3\u00ba anos do ensino m\u00e9dio de escolas p\u00fablicas e particulares de Dracena e regi\u00e3o. O servi\u00e7o ser\u00e1 oferecido at\u00e9 o dia 16 de dezembro de 2020 pelos alunos do 8\u00ba termo do curso de Psicologia, sob a supervis\u00e3o da Profa. La\u00edzi da Silva Campos, na Cl\u00ednica Psicol\u00f3gica da Unifadra.<\/div>\n<div dir=\"ltr\">\n<p dir=\"ltr\" style=\"text-align: justify;\">A coordenadora de Psicologia da Unifadra Profa. Ma. Andrea Frizo de Carvalho Barbosa explicou que essas orienta\u00e7\u00f5es fazem parte do Est\u00e1gio Supervisionado de Orienta\u00e7\u00e3o Vocacional e Profissional, obrigat\u00f3rio ao 8\u00ba termo de Psicologia, com o objetivo de preparar o acad\u00eamico para a compreens\u00e3o das demandas existentes no campo da orienta\u00e7\u00e3o profissional.<\/p>\n<p dir=\"ltr\" style=\"text-align: justify;\">&#8220;O momento de escolher uma profiss\u00e3o \u00e9 um dos conflitos da adolesc\u00eancia, pois, al\u00e9m de definir interesses e habilidades, o adolescente precisa escolher um curso entre v\u00e1rias possibilidades. Dentro desse contexto, a orienta\u00e7\u00e3o profissional realizada pela Psicologia auxilia o adolescente a fazer uma escolha mais consciente e assertiva&#8221;, explicou a coordenadora.<\/p>\n<p dir=\"ltr\" style=\"text-align: justify;\">Os atendimentos na Cl\u00ednica Psicol\u00f3gica, voltados para essa orienta\u00e7\u00e3o na escolha da profiss\u00e3o, s\u00e3o realizados todos os anos no segundo semestre, atendendo aos estudantes de ensino m\u00e9dio que buscam esse servi\u00e7o.<br \/>\nA Cl\u00ednica Psicol\u00f3gica tamb\u00e9m atende crian\u00e7as, adolescentes e adultos, realizando psicodiagn\u00f3sticos e atendimento cl\u00ednico individual e em grupo.<\/p>\n<p>O diretor acad\u00eamico da Unifadra Prof. Dr. Enio Garbelini informou que todas as recomenda\u00e7\u00f5es sanit\u00e1rias relacionadas ao Covid-19 est\u00e3o sendo tomadas, visando ao bem-estar dos acad\u00eamicos e da popula\u00e7\u00e3o assistida.<\/p>\n<p dir=\"ltr\" style=\"text-align: justify;\">Atendimento para orienta\u00e7\u00e3o profissional: \u00e0s quartas e quintas-feiras, das 8h \u00e0s 10h50 e das 13h \u00e0s 15h50. N\u00e3o \u00e9 preciso agendamento pr\u00e9vio.<br \/>\nAtendimentos gerais em 2020: \u00e0s segundas e ter\u00e7as-feiras, das 10h \u00e0s 19h; \u00e0s quartas e sextas-feiras, das 7h30 \u00e0s 16h30 e \u00e0s quintas-feiras, das 7h \u00e0s 16h.<\/p>\n<p dir=\"ltr\" style=\"text-align: justify;\">A Cl\u00ednica Psicol\u00f3gica est\u00e1 localizada na Rua Bahia, 331. O telefone para agendamentos \u00e9 (18) 3821-9019.<\/p>\n<p>Foto: Cl\u00ednica Psicol\u00f3gica da Unifadra.<\/p>\n<div style=\"text-align: justify;\"><\/div>\n<div dir=\"ltr\">\n<div dir=\"ltr\" style=\"text-align: justify;\">Carolina Colnago<br \/>\nAssistente de Comunica\u00e7\u00e3o<br \/>\nFunda\u00e7\u00e3o Dracenense de Educa\u00e7\u00e3o e Cultura<\/div>\n<\/div>\n<\/div>\n","protected":false},"excerpt":{"rendered":"<p>O curso de Psicologia da Unifadra\/Fundec est\u00e1 realizando um plant\u00e3o psicol\u00f3gico gratuito para orienta\u00e7\u00e3o profissional aberto para estudantes do 2\u00ba e 3\u00ba anos do ensino m\u00e9dio de escolas p\u00fablicas e particulares de Dracena e regi\u00e3o. O servi\u00e7o ser\u00e1 oferecido at\u00e9 o dia 16 de dezembro de 2020 pelos alunos do 8\u00ba termo do curso de [&hellip;]<\/p>\n","protected":false},"author":1,"featured_media":39594,"comment_status":"closed","ping_status":"open","sticky":false,"template":"","format":"standard","meta":{"footnotes":""},"categories":[122],"tags":[],"class_list":["post-39593","post","type-post","status-publish","format-standard","has-post-thumbnail","hentry","category-saudeeducacaoeconcurso"],"_links":{"self":[{"href":"https:\/\/jorgezanoni.com.br\/2019\/wp-json\/wp\/v2\/posts\/39593","targetHints":{"allow":["GET"]}}],"collection":[{"href":"https:\/\/jorgezanoni.com.br\/2019\/wp-json\/wp\/v2\/posts"}],"about":[{"href":"https:\/\/jorgezanoni.com.br\/2019\/wp-json\/wp\/v2\/types\/post"}],"author":[{"embeddable":true,"href":"https:\/\/jorgezanoni.com.br\/2019\/wp-json\/wp\/v2\/users\/1"}],"replies":[{"embeddable":true,"href":"https:\/\/jorgezanoni.com.br\/2019\/wp-json\/wp\/v2\/comments?post=39593"}],"version-history":[{"count":0,"href":"https:\/\/jorgezanoni.com.br\/2019\/wp-json\/wp\/v2\/posts\/39593\/revisions"}],"wp:featuredmedia":[{"embeddable":true,"href":"https:\/\/jorgezanoni.com.br\/2019\/wp-json\/wp\/v2\/media\/39594"}],"wp:attachment":[{"href":"https:\/\/jorgezanoni.com.br\/2019\/wp-json\/wp\/v2\/media?parent=39593"}],"wp:term":[{"taxonomy":"category","embeddable":true,"href":"https:\/\/jorgezanoni.com.br\/2019\/wp-json\/wp\/v2\/categories?post=39593"},{"taxonomy":"post_tag","embeddable":true,"href":"https:\/\/jorgezanoni.com.br\/2019\/wp-json\/wp\/v2\/tags?post=39593"}],"curies":[{"name":"wp","href":"https:\/\/api.w.org\/{rel}","templated":true}]}}