{"id":39590,"date":"2020-12-01T23:37:54","date_gmt":"2020-12-01T23:37:54","guid":{"rendered":"https:\/\/jorgezanoni.com.br\/2019\/?p=39590"},"modified":"2020-12-01T23:37:54","modified_gmt":"2020-12-01T23:37:54","slug":"unifadra-fundec-abre-inscricoes-para-receber-transferencias-externas-para-o-curso-de-medicina-5","status":"publish","type":"post","link":"https:\/\/jorgezanoni.com.br\/2019\/unifadra-fundec-abre-inscricoes-para-receber-transferencias-externas-para-o-curso-de-medicina-5\/","title":{"rendered":"Unifadra\/Fundec abre inscri\u00e7\u00f5es para receber transfer\u00eancias externas para o curso de Medicina"},"content":{"rendered":"<p dir=\"ltr\" style=\"text-align: justify;\">A Faculdade Unifadra\/Fundec est\u00e1 com as inscri\u00e7\u00f5es abertas para receber transfer\u00eancias externas para o 3\u00ba, 5\u00ba e 7\u00ba semestres do curso de Medicina. As inscri\u00e7\u00f5es para esse processo seletivo poder\u00e3o ser feitas at\u00e9 o dia 11 de janeiro, pelo site <a href=\"http:\/\/www.fundec.edu.br\/\" target=\"_blank\" rel=\"noopener noreferrer\">www.fundec.edu.br<\/a>.<br \/>\nO diretor acad\u00eamico da Unifadra Prof. Dr. Enio Garbelini explicou que poder\u00e3o inscrever-se no processo seletivo de transfer\u00eancia alunos regularmente matriculados em curso de gradua\u00e7\u00e3o em Medicina de Institui\u00e7\u00f5es de Ensino Superior brasileiras reconhecidas pelo MEC ou pelos Conselhos Estaduais de Educa\u00e7\u00e3o. Garbelini destacou que os candidatos ter\u00e3o que, al\u00e9m de efetuar a inscri\u00e7\u00e3o pelo site, apresentar na Secretaria Geral da Fundec a rela\u00e7\u00e3o de documentos solicitadas no edital. Este processo seletivo ser\u00e1 exclusivamente por an\u00e1lise de curr\u00edculo.<\/p>\n<p style=\"text-align: justify;\"><span id=\"gmail-docs-internal-guid-2406c771-7fff-5166-a376-2f9239f79659\">O resultado final ser\u00e1 divulgado no dia 18\/01\/2021, ap\u00f3s an\u00e1lise curricular. As matr\u00edculas para os aprovados no processo seletivo de transfer\u00eancia dever\u00e3o ser feitas de 20 e 26 de janeiro. Edital e informa\u00e7\u00f5es no site: <a href=\"http:\/\/www.fundec.edu.br\/unifadra\" target=\"_blank\" rel=\"noopener noreferrer\">www.fundec.edu.br\/unifadra<\/a> .<\/span><\/p>\n<div class=\"gmail_signature\" dir=\"ltr\">\n<div dir=\"ltr\" style=\"text-align: justify;\">Carolina Colnago<br \/>\nAssistente de Comunica\u00e7\u00e3o<br \/>\nFunda\u00e7\u00e3o Dracenense de Educa\u00e7\u00e3o e Cultura<\/div>\n<\/div>\n","protected":false},"excerpt":{"rendered":"<p>A Faculdade Unifadra\/Fundec est\u00e1 com as inscri\u00e7\u00f5es abertas para receber transfer\u00eancias externas para o 3\u00ba, 5\u00ba e 7\u00ba semestres do curso de Medicina. As inscri\u00e7\u00f5es para esse processo seletivo poder\u00e3o ser feitas at\u00e9 o dia 11 de janeiro, pelo site www.fundec.edu.br. O diretor acad\u00eamico da Unifadra Prof. Dr. Enio Garbelini explicou que poder\u00e3o inscrever-se no [&hellip;]<\/p>\n","protected":false},"author":1,"featured_media":39591,"comment_status":"closed","ping_status":"open","sticky":false,"template":"","format":"standard","meta":{"footnotes":""},"categories":[110,122],"tags":[],"class_list":["post-39590","post","type-post","status-publish","format-standard","has-post-thumbnail","hentry","category-noticiasdestaque","category-saudeeducacaoeconcurso"],"_links":{"self":[{"href":"https:\/\/jorgezanoni.com.br\/2019\/wp-json\/wp\/v2\/posts\/39590","targetHints":{"allow":["GET"]}}],"collection":[{"href":"https:\/\/jorgezanoni.com.br\/2019\/wp-json\/wp\/v2\/posts"}],"about":[{"href":"https:\/\/jorgezanoni.com.br\/2019\/wp-json\/wp\/v2\/types\/post"}],"author":[{"embeddable":true,"href":"https:\/\/jorgezanoni.com.br\/2019\/wp-json\/wp\/v2\/users\/1"}],"replies":[{"embeddable":true,"href":"https:\/\/jorgezanoni.com.br\/2019\/wp-json\/wp\/v2\/comments?post=39590"}],"version-history":[{"count":0,"href":"https:\/\/jorgezanoni.com.br\/2019\/wp-json\/wp\/v2\/posts\/39590\/revisions"}],"wp:featuredmedia":[{"embeddable":true,"href":"https:\/\/jorgezanoni.com.br\/2019\/wp-json\/wp\/v2\/media\/39591"}],"wp:attachment":[{"href":"https:\/\/jorgezanoni.com.br\/2019\/wp-json\/wp\/v2\/media?parent=39590"}],"wp:term":[{"taxonomy":"category","embeddable":true,"href":"https:\/\/jorgezanoni.com.br\/2019\/wp-json\/wp\/v2\/categories?post=39590"},{"taxonomy":"post_tag","embeddable":true,"href":"https:\/\/jorgezanoni.com.br\/2019\/wp-json\/wp\/v2\/tags?post=39590"}],"curies":[{"name":"wp","href":"https:\/\/api.w.org\/{rel}","templated":true}]}}