{"id":3959,"date":"2019-08-16T00:05:18","date_gmt":"2019-08-16T00:05:18","guid":{"rendered":"https:\/\/jorgezanoni.com.br\/2019\/?p=3959"},"modified":"2019-08-16T00:05:18","modified_gmt":"2019-08-16T00:05:18","slug":"com-30o-nevou-em-dracena-hoje-15-as-1600-horas","status":"publish","type":"post","link":"https:\/\/jorgezanoni.com.br\/2019\/com-30o-nevou-em-dracena-hoje-15-as-1600-horas\/","title":{"rendered":"Com 30\u00ba Nevou em Dracena hoje (15) \u00e0s 16:00 Horas"},"content":{"rendered":"<p style=\"text-align: justify;\">Uma planta\u00e7\u00e3o de Paineira em uma ch\u00e1cara numa estrada municipal que liga a vicinal que vai de de Dracena ao Bairro O\u00e1sis, est\u00e1 proporcionando um belo espet\u00e1culo.<\/p>\n<p style=\"text-align: justify;\">As painas soltos mais parecem neve (veja v\u00eddeo em nossa fan page) e o local todo arborizado com as folhas secas caindo d\u00e3o todo o espet\u00e1culo.<\/p>\n<p style=\"text-align: justify;\">Veja as fotos no final da mat\u00e9ria.<\/p>\n<h1 id=\"firstHeading\" class=\"firstHeading\" lang=\"pt\" style=\"text-align: justify;\">Paineira<\/h1>\n<div id=\"bodyContent\" class=\"mw-body-content\">\n<div id=\"siteSub\" class=\"noprint\" style=\"text-align: justify;\">Origem: Wikip\u00e9dia, a enciclop\u00e9dia livre.<\/div>\n<div id=\"contentSub\" style=\"text-align: justify;\"><\/div>\n<div id=\"jump-to-nav\" style=\"text-align: justify;\"><\/div>\n<p><a class=\"mw-jump-link\" href=\"https:\/\/pt.wikipedia.org\/wiki\/Paineira#mw-head\">Saltar para a navega\u00e7\u00e3o<\/a><a class=\"mw-jump-link\" href=\"https:\/\/pt.wikipedia.org\/wiki\/Paineira#p-search\">Saltar para a pesquisa<\/a><\/p>\n<div id=\"mw-content-text\" class=\"mw-content-ltr\" dir=\"ltr\" lang=\"pt\">\n<div class=\"mw-parser-output\">\n<table class=\"infobox_v2\" border=\"0\" cellpadding=\"0\">\n<tbody>\n<tr>\n<th class=\"topo padrao\" colspan=\"2\"><span class=\"\"><span class=\"noprint\"><a title=\"Como ler uma infocaixa de taxonomia\" href=\"https:\/\/pt.wikipedia.org\/wiki\/Wikip%C3%A9dia:Como_ler_uma_caixa_taxon%C3%B3mica\"><img loading=\"lazy\" decoding=\"async\" src=\"https:\/\/upload.wikimedia.org\/wikipedia\/commons\/thumb\/3\/35\/Information_icon.svg\/15px-Information_icon.svg.png\" srcset=\"\/\/upload.wikimedia.org\/wikipedia\/commons\/thumb\/3\/35\/Information_icon.svg\/23px-Information_icon.svg.png 1.5x, \/\/upload.wikimedia.org\/wikipedia\/commons\/thumb\/3\/35\/Information_icon.svg\/30px-Information_icon.svg.png 2x\" alt=\"Como ler uma infocaixa de taxonomia\" width=\"15\" height=\"15\" data-file-width=\"620\" data-file-height=\"620\" \/><\/a><\/span>Paineira<\/span><\/th>\n<\/tr>\n<tr>\n<td colspan=\"2\">\n<div><a class=\"image\" title=\"Paineira rosa florida no outono em Mogi Mirim.\" href=\"https:\/\/pt.wikipedia.org\/wiki\/Ficheiro:Ceiba_speciosa_IMG_1753.jpg\"><img loading=\"lazy\" decoding=\"async\" src=\"https:\/\/upload.wikimedia.org\/wikipedia\/commons\/thumb\/2\/20\/Ceiba_speciosa_IMG_1753.jpg\/250px-Ceiba_speciosa_IMG_1753.jpg\" srcset=\"\/\/upload.wikimedia.org\/wikipedia\/commons\/thumb\/2\/20\/Ceiba_speciosa_IMG_1753.jpg\/375px-Ceiba_speciosa_IMG_1753.jpg 1.5x, \/\/upload.wikimedia.org\/wikipedia\/commons\/thumb\/2\/20\/Ceiba_speciosa_IMG_1753.jpg\/500px-Ceiba_speciosa_IMG_1753.jpg 2x\" alt=\"Paineira rosa florida no outono em Mogi Mirim.\" width=\"250\" height=\"188\" data-file-width=\"2816\" data-file-height=\"2112\" \/><\/a><br \/>\nPaineira rosa florida no outono em\u00a0<a title=\"Mogi Mirim\" href=\"https:\/\/pt.wikipedia.org\/wiki\/Mogi_Mirim\">Mogi Mirim<\/a>.<\/div>\n<\/td>\n<\/tr>\n<tr>\n<th colspan=\"2\"><a title=\"Classifica\u00e7\u00e3o cient\u00edfica\" href=\"https:\/\/pt.wikipedia.org\/wiki\/Classifica%C3%A7%C3%A3o_cient%C3%ADfica\">Classifica\u00e7\u00e3o cient\u00edfica<\/a><\/th>\n<\/tr>\n<tr>\n<td colspan=\"2\">\n<table cellpadding=\"3\">\n<tbody>\n<tr>\n<td><a title=\"Reino (biologia)\" href=\"https:\/\/pt.wikipedia.org\/wiki\/Reino_(biologia)\">Reino<\/a>:<\/td>\n<td><a title=\"Plantae\" href=\"https:\/\/pt.wikipedia.org\/wiki\/Plantae\">Plantae<\/a><br \/>\n<small><\/small><\/td>\n<\/tr>\n<tr>\n<td><a title=\"Divis\u00e3o (biologia)\" href=\"https:\/\/pt.wikipedia.org\/wiki\/Divis%C3%A3o_(biologia)\">Divis\u00e3o<\/a>:<\/td>\n<td><a title=\"Angiosperma\" href=\"https:\/\/pt.wikipedia.org\/wiki\/Angiosperma\">Magnoliophyta<\/a><br \/>\n<small><\/small><\/td>\n<\/tr>\n<tr>\n<td><a title=\"Classe (biologia)\" href=\"https:\/\/pt.wikipedia.org\/wiki\/Classe_(biologia)\">Classe<\/a>:<\/td>\n<td><a class=\"mw-redirect\" title=\"Magnoliopsida\" href=\"https:\/\/pt.wikipedia.org\/wiki\/Magnoliopsida\">Magnoliopsida<\/a><br \/>\n<small><\/small><\/td>\n<\/tr>\n<tr>\n<td><a title=\"Ordem (biologia)\" href=\"https:\/\/pt.wikipedia.org\/wiki\/Ordem_(biologia)\">Ordem<\/a>:<\/td>\n<td><a title=\"Malvales\" href=\"https:\/\/pt.wikipedia.org\/wiki\/Malvales\">Malvales<\/a><br \/>\n<small><\/small><\/td>\n<\/tr>\n<tr>\n<td><a title=\"Fam\u00edlia (biologia)\" href=\"https:\/\/pt.wikipedia.org\/wiki\/Fam%C3%ADlia_(biologia)\">Fam\u00edlia<\/a>:<\/td>\n<td><a title=\"Malvaceae\" href=\"https:\/\/pt.wikipedia.org\/wiki\/Malvaceae\">Malvaceae<\/a><br \/>\n<small><\/small><\/td>\n<\/tr>\n<tr>\n<td><a title=\"Fam\u00edlia (biologia)\" href=\"https:\/\/pt.wikipedia.org\/wiki\/Fam%C3%ADlia_(biologia)\">Subfam\u00edlia<\/a>:<\/td>\n<td><a title=\"Bombacoideae\" href=\"https:\/\/pt.wikipedia.org\/wiki\/Bombacoideae\">Bombacoideae<\/a><br \/>\n<small><\/small><\/td>\n<\/tr>\n<tr>\n<td><a title=\"G\u00e9nero (biologia)\" href=\"https:\/\/pt.wikipedia.org\/wiki\/G%C3%A9nero_(biologia)\">G\u00e9nero<\/a>:<\/td>\n<td><i><a title=\"Ceiba\" href=\"https:\/\/pt.wikipedia.org\/wiki\/Ceiba\">Ceiba<\/a><\/i><br \/>\n<small><\/small><\/td>\n<\/tr>\n<\/tbody>\n<\/table>\n<\/td>\n<\/tr>\n<tr>\n<th colspan=\"2\"><a title=\"Nomenclatura binomial\" href=\"https:\/\/pt.wikipedia.org\/wiki\/Nomenclatura_binomial\">Nome binomial<\/a><\/th>\n<\/tr>\n<tr>\n<td colspan=\"2\"><i><b>Ceiba speciosa<\/b><\/i><br \/>\n<small>(A. St.-Hil.) Ravenna, 1998<\/small><\/td>\n<\/tr>\n<tr>\n<th colspan=\"2\"><a title=\"Sinon\u00edmia (taxonomia)\" href=\"https:\/\/pt.wikipedia.org\/wiki\/Sinon%C3%ADmia_(taxonomia)\">Sin\u00f3nimos<\/a><\/th>\n<\/tr>\n<tr>\n<td colspan=\"2\"><i>Chorisia speciosa<\/i>\u00a0<small>A.St.-Hil., basi\u00f4nimo<\/small><\/td>\n<\/tr>\n<\/tbody>\n<\/table>\n<p style=\"text-align: justify;\">H\u00e1 v\u00e1rias\u00a0<a title=\"Esp\u00e9cie\" href=\"https:\/\/pt.wikipedia.org\/wiki\/Esp%C3%A9cie\">esp\u00e9cies<\/a>\u00a0conhecidas como\u00a0<b>paineira<\/b>\u00a0no\u00a0<a title=\"Brasil\" href=\"https:\/\/pt.wikipedia.org\/wiki\/Brasil\">Brasil<\/a>, quase todas pertencendo ao\u00a0<a class=\"mw-redirect\" title=\"G\u00eanero (biologia)\" href=\"https:\/\/pt.wikipedia.org\/wiki\/G%C3%AAnero_(biologia)\">g\u00eanero<\/a>\u00a0<i><a title=\"Ceiba\" href=\"https:\/\/pt.wikipedia.org\/wiki\/Ceiba\">Ceiba<\/a><\/i>\u00a0(antes,\u00a0<i>Chorisia<\/i><sup id=\"cite_ref-1\" class=\"reference\"><a href=\"https:\/\/pt.wikipedia.org\/wiki\/Paineira#cite_note-1\">[1]<\/a><\/sup>) da\u00a0<a title=\"Fam\u00edlia (biologia)\" href=\"https:\/\/pt.wikipedia.org\/wiki\/Fam%C3%ADlia_(biologia)\">fam\u00edlia<\/a><a title=\"Malvaceae\" href=\"https:\/\/pt.wikipedia.org\/wiki\/Malvaceae\">Malvaceae<\/a>\u00a0(antes, Bombacaceae)<\/p>\n<p style=\"text-align: justify;\">De todas, a mais conhecida \u00e9 a paineira da esp\u00e9cie\u00a0<i><a title=\"Ceiba speciosa\" href=\"https:\/\/pt.wikipedia.org\/wiki\/Ceiba_speciosa\">Ceiba speciosa<\/a><\/i>\u00a0(St.-Hill.) Ravenna, nativa das\u00a0<a title=\"Floresta\" href=\"https:\/\/pt.wikipedia.org\/wiki\/Floresta\">florestas<\/a>\u00a0brasileiras e da\u00a0<a title=\"Bol\u00edvia\" href=\"https:\/\/pt.wikipedia.org\/wiki\/Bol%C3%ADvia\">Bol\u00edvia<\/a>, inicialmente descrita como\u00a0<i><a class=\"mw-redirect\" title=\"Chorisia speciosa\" href=\"https:\/\/pt.wikipedia.org\/wiki\/Chorisia_speciosa\">Chorisia speciosa<\/a><\/i>\u00a0<a class=\"mw-redirect\" title=\"Auguste de Saint Hilaire\" href=\"https:\/\/pt.wikipedia.org\/wiki\/Auguste_de_Saint_Hilaire\">St. Hilaire<\/a>\u00a01828.<sup id=\"cite_ref-2\" class=\"reference\"><a href=\"https:\/\/pt.wikipedia.org\/wiki\/Paineira#cite_note-2\">[2]<\/a><\/sup><\/p>\n<p style=\"text-align: justify;\">Outros nomes vulgares:\u00a0<b>suma\u00fama<\/b>,\u00a0<b>barriguda<\/b>,\u00a0<b>paina-de-seda<\/b>,\u00a0<b>paineira-branca<\/b>,\u00a0<b>paineira-rosa<\/b>,\u00a0<b>\u00e1rvore-de-paina<\/b>,\u00a0<b>\u00e1rvore-de-l\u00e3<\/b>,\u00a0<b>paineira-f\u00eamea<\/b>.<\/p>\n<p style=\"text-align: justify;\">Outras esp\u00e9cies conhecidas como\u00a0<b>paineira<\/b>:<\/p>\n<ul>\n<li style=\"text-align: justify;\"><i><a class=\"mw-redirect\" title=\"Ceiba glaziovii\" href=\"https:\/\/pt.wikipedia.org\/wiki\/Ceiba_glaziovii\">Ceiba glaziovii<\/a><\/i><\/li>\n<li style=\"text-align: justify;\"><i><a class=\"new\" title=\"Paineira-do-cerrado (p\u00e1gina n\u00e3o existe)\" href=\"https:\/\/pt.wikipedia.org\/w\/index.php?title=Paineira-do-cerrado&amp;action=edit&amp;redlink=1\">Eriotheca gracilipes<\/a><\/i>: paineira-do-cerrado<\/li>\n<li style=\"text-align: justify;\"><i><a class=\"mw-redirect\" title=\"Spirotheca rivieri\" href=\"https:\/\/pt.wikipedia.org\/wiki\/Spirotheca_rivieri\">Spirotheca rivieri<\/a><\/i>: paineira-amarela<\/li>\n<\/ul>\n<h2 style=\"text-align: justify;\"><span id=\"Caracter\u00edsticas\" class=\"mw-headline\">Caracter\u00edsticas<\/span><\/h2>\n<p style=\"text-align: justify;\">\u00c9 uma\u00a0<a title=\"\u00c1rvore\" href=\"https:\/\/pt.wikipedia.org\/wiki\/%C3%81rvore\">\u00e1rvore<\/a>\u00a0de at\u00e9 30 metros<sup id=\"cite_ref-3\" class=\"reference\"><a href=\"https:\/\/pt.wikipedia.org\/wiki\/Paineira#cite_note-3\">[3]<\/a><\/sup>\u00a0de altura,\u00a0<a title=\"Tronco (\u00f3rg\u00e3o vegetal)\" href=\"https:\/\/pt.wikipedia.org\/wiki\/Tronco_(%C3%B3rg%C3%A3o_vegetal)\">tronco<\/a>\u00a0cinzento-esverdeado com estrias\u00a0<a title=\"Fotoss\u00edntese\" href=\"https:\/\/pt.wikipedia.org\/wiki\/Fotoss%C3%ADntese\">fotossint\u00e9ticas<\/a>\u00a0e fortes\u00a0<a title=\"Ac\u00faleo\" href=\"https:\/\/pt.wikipedia.org\/wiki\/Ac%C3%BAleo\">ac\u00faleos<\/a>\u00a0rombudos, muito afiados nos ramos mais jovens.<\/p>\n<p style=\"text-align: justify;\">O tronco das paineiras tem boa capacidade de sintetizar clorofila (fazer fotoss\u00edntese) e tem colora\u00e7\u00e3o esverdeada at\u00e9 quando tem um bom porte; isto auxilia o crescimento mesmo quando a \u00e1rvore est\u00e1 despida de folhas; \u00e9 comum, tamb\u00e9m, paineiras apresentarem uma esp\u00e9cie de alargamento na base do caule, da\u00ed o apelido &#8220;barriguda&#8221;.<\/p>\n<div class=\"thumb tright\" style=\"text-align: justify;\">\n<div class=\"thumbinner\"><a class=\"image\" href=\"https:\/\/pt.wikipedia.org\/wiki\/Ficheiro:Tronco_C_speciosa.jpg\"><img loading=\"lazy\" decoding=\"async\" class=\"thumbimage\" src=\"https:\/\/upload.wikimedia.org\/wikipedia\/commons\/thumb\/0\/0b\/Tronco_C_speciosa.jpg\/220px-Tronco_C_speciosa.jpg\" srcset=\"\/\/upload.wikimedia.org\/wikipedia\/commons\/thumb\/0\/0b\/Tronco_C_speciosa.jpg\/330px-Tronco_C_speciosa.jpg 1.5x, \/\/upload.wikimedia.org\/wikipedia\/commons\/thumb\/0\/0b\/Tronco_C_speciosa.jpg\/440px-Tronco_C_speciosa.jpg 2x\" alt=\"\" width=\"220\" height=\"293\" data-file-width=\"1608\" data-file-height=\"2144\" \/><\/a><\/p>\n<div class=\"thumbcaption\">\n<div class=\"magnify\"><\/div>\n<p>Detalhe do\u00a0<a title=\"Tronco (\u00f3rg\u00e3o vegetal)\" href=\"https:\/\/pt.wikipedia.org\/wiki\/Tronco_(%C3%B3rg%C3%A3o_vegetal)\">tronco<\/a>, com tecidos\u00a0<a title=\"Fotoss\u00edntese\" href=\"https:\/\/pt.wikipedia.org\/wiki\/Fotoss%C3%ADntese\">fotossint\u00e9ticos<\/a>\u00a0(fotografada em\u00a0<a title=\"Portugal\" href=\"https:\/\/pt.wikipedia.org\/wiki\/Portugal\">Portugal<\/a>)<\/div>\n<\/div>\n<\/div>\n<p style=\"text-align: justify;\">As\u00a0<a class=\"mw-redirect\" title=\"Folhas\" href=\"https:\/\/pt.wikipedia.org\/wiki\/Folhas\">folhas<\/a>\u00a0s\u00e3o compostas palmadas e caem na \u00e9poca da flora\u00e7\u00e3o. As\u00a0<a title=\"Flor\" href=\"https:\/\/pt.wikipedia.org\/wiki\/Flor\">flores<\/a>\u00a0s\u00e3o grandes, com cinco p\u00e9talas rosadas com pintas vermelhas e bordas brancas. H\u00e1 uma variedade menos comum, com flores brancas.<\/p>\n<div class=\"thumb tright\" style=\"text-align: justify;\">\n<div class=\"thumbinner\"><a class=\"image\" href=\"https:\/\/pt.wikipedia.org\/wiki\/Ficheiro:Paineirabranca.JPG\"><img loading=\"lazy\" decoding=\"async\" class=\"thumbimage\" src=\"https:\/\/upload.wikimedia.org\/wikipedia\/commons\/thumb\/2\/2e\/Paineirabranca.JPG\/220px-Paineirabranca.JPG\" srcset=\"\/\/upload.wikimedia.org\/wikipedia\/commons\/thumb\/2\/2e\/Paineirabranca.JPG\/330px-Paineirabranca.JPG 1.5x, \/\/upload.wikimedia.org\/wikipedia\/commons\/thumb\/2\/2e\/Paineirabranca.JPG\/440px-Paineirabranca.JPG 2x\" alt=\"\" width=\"220\" height=\"165\" data-file-width=\"2816\" data-file-height=\"2112\" \/><\/a><\/p>\n<div class=\"thumbcaption\">\n<div class=\"magnify\"><\/div>\n<p>Paineira-branca, variedade menos comum, com flores brancas, no\u00a0<a class=\"mw-redirect\" title=\"Parque Esportivo dos Trabalhadores\" href=\"https:\/\/pt.wikipedia.org\/wiki\/Parque_Esportivo_dos_Trabalhadores\">parque Ceret<\/a>, em\u00a0<a title=\"S\u00e3o Paulo\" href=\"https:\/\/pt.wikipedia.org\/wiki\/S%C3%A3o_Paulo\">S\u00e3o Paulo<\/a>, no Brasil<\/div>\n<\/div>\n<\/div>\n<p style=\"text-align: justify;\">Seus \u00f3rg\u00e3os reprodutivos encontram-se unidos em um longo androgin\u00f3foro.<\/p>\n<p style=\"text-align: justify;\">Os\u00a0<a title=\"Fruto\" href=\"https:\/\/pt.wikipedia.org\/wiki\/Fruto\">frutos<\/a>\u00a0s\u00e3o c\u00e1psulas verdes, que, quando maduras, rebentam (deiscentes), expondo as sementes envoltas em fibras finas e brancas que auxiliam na flutua\u00e7\u00e3o e que s\u00e3o chamadas\u00a0<a title=\"Paina\" href=\"https:\/\/pt.wikipedia.org\/wiki\/Paina\">paina<\/a>.<\/p>\n<p style=\"text-align: justify;\">A partir dos vinte anos de idade, aproximadamente (sudeste brasileiro), os espinhos costumam come\u00e7ar a cair na parte baixa do caule e, gradualmente, tamb\u00e9m caem nas partes mais altas da \u00e1rvore, com o engrossamento da casca. Diz-se, no Brasil, que isto permite \u00e0 \u00e1rvore receber ninhos de p\u00e1ssaros, o que seria imposs\u00edvel de acontecer quando esta tinha espinhos longos e pontiagudos; assim, flores e frutos j\u00e1 n\u00e3o est\u00e3o presentes, mas a \u00e1rvore continua a dar sua contribui\u00e7\u00e3o \u00e0 natureza hospedando os passarinhos. Esta n\u00e3o \u00e9 uma regra para todas as paineiras; algumas paineiras com mais de vinte metros, por exemplo, continuam com espinhos muito grandes na parte baixa, provavelmente como defesa de insetos do local.<\/p>\n<h2 style=\"text-align: justify;\"><span id=\"Usos\" class=\"mw-headline\">Usos<\/span><span class=\"mw-editsection\"><span class=\"mw-editsection-bracket\">[<\/span><a class=\"mw-editsection-visualeditor\" title=\"Editar sec\u00e7\u00e3o: Usos\" href=\"https:\/\/pt.wikipedia.org\/w\/index.php?title=Paineira&amp;veaction=edit&amp;section=2\">editar<\/a><span class=\"mw-editsection-divider\">\u00a0|\u00a0<\/span><a title=\"Editar sec\u00e7\u00e3o: Usos\" href=\"https:\/\/pt.wikipedia.org\/w\/index.php?title=Paineira&amp;action=edit&amp;section=2\">editar c\u00f3digo-fonte<\/a><span class=\"mw-editsection-bracket\">]<\/span><\/span><\/h2>\n<p style=\"text-align: justify;\">A\u00a0<a title=\"Paina\" href=\"https:\/\/pt.wikipedia.org\/wiki\/Paina\">paina<\/a>\u00a0\u00e9 uma\u00a0<a title=\"Fibra\" href=\"https:\/\/pt.wikipedia.org\/wiki\/Fibra\">fibra<\/a>\u00a0fina e sedosa, mas pouco resistente, n\u00e3o sendo muito aproveitada na confec\u00e7\u00e3o de\u00a0<a class=\"mw-redirect\" title=\"Tecidos\" href=\"https:\/\/pt.wikipedia.org\/wiki\/Tecidos\">tecidos<\/a>, mas mais como preenchimento de\u00a0<a title=\"Travesseiro\" href=\"https:\/\/pt.wikipedia.org\/wiki\/Travesseiro\">travesseiros<\/a>\u00a0e brinquedos de\u00a0<a class=\"mw-redirect\" title=\"Pel\u00facia\" href=\"https:\/\/pt.wikipedia.org\/wiki\/Pel%C3%BAcia\">pel\u00facia<\/a>. Uma grande paineira pode deixar um tapete branco de paina ca\u00edda aos seus p\u00e9s no final da \u00e9poca de frutifica\u00e7\u00e3o.<\/p>\n<p style=\"text-align: justify;\">Especialmente por suas qualidades ornamentais \u2014 tronco imponente, normalmente bastante espinhoso quando a \u00e1rvore \u00e9 jovem, folhagem quase sempre dec\u00eddua, de um verde muito brilhante, flores grandes e coloridas e frutos que exp\u00f5em as painas como flocos de\u00a0<a title=\"Algod\u00e3o\" href=\"https:\/\/pt.wikipedia.org\/wiki\/Algod%C3%A3o\">algod\u00e3o<\/a>\u00a0em seus ramos \u2014, as paineiras s\u00e3o cultivadas em meio urbano e em\u00a0<a class=\"mw-redirect\" title=\"Paisagismo\" href=\"https:\/\/pt.wikipedia.org\/wiki\/Paisagismo\">jardins<\/a>, mesmo fora da sua \u00e1rea de ocorr\u00eancia natural (como em\u00a0<a title=\"Portugal\" href=\"https:\/\/pt.wikipedia.org\/wiki\/Portugal\">Portugal<\/a>).<\/p>\n<p style=\"text-align: justify;\">Por terem crescimento r\u00e1pido, s\u00e3o bastante populares na recupera\u00e7\u00e3o de \u00e1reas degradadas.<\/p>\n<p><img loading=\"lazy\" decoding=\"async\" class=\"alignnone size-full wp-image-3960\" src=\"https:\/\/jorgezanoni.com.br\/2019\/wp-content\/uploads\/2019\/08\/IMG_7745.jpg\" alt=\"\" width=\"900\" height=\"675\" srcset=\"https:\/\/jorgezanoni.com.br\/2019\/wp-content\/uploads\/2019\/08\/IMG_7745.jpg 900w, https:\/\/jorgezanoni.com.br\/2019\/wp-content\/uploads\/2019\/08\/IMG_7745-300x225.jpg 300w, https:\/\/jorgezanoni.com.br\/2019\/wp-content\/uploads\/2019\/08\/IMG_7745-768x576.jpg 768w, https:\/\/jorgezanoni.com.br\/2019\/wp-content\/uploads\/2019\/08\/IMG_7745-80x60.jpg 80w, https:\/\/jorgezanoni.com.br\/2019\/wp-content\/uploads\/2019\/08\/IMG_7745-265x198.jpg 265w, https:\/\/jorgezanoni.com.br\/2019\/wp-content\/uploads\/2019\/08\/IMG_7745-696x522.jpg 696w, https:\/\/jorgezanoni.com.br\/2019\/wp-content\/uploads\/2019\/08\/IMG_7745-560x420.jpg 560w\" sizes=\"auto, (max-width: 900px) 100vw, 900px\" \/> <img loading=\"lazy\" decoding=\"async\" class=\"alignnone size-full wp-image-3961\" src=\"https:\/\/jorgezanoni.com.br\/2019\/wp-content\/uploads\/2019\/08\/IMG_7746.jpg\" alt=\"\" width=\"900\" height=\"675\" srcset=\"https:\/\/jorgezanoni.com.br\/2019\/wp-content\/uploads\/2019\/08\/IMG_7746.jpg 900w, https:\/\/jorgezanoni.com.br\/2019\/wp-content\/uploads\/2019\/08\/IMG_7746-300x225.jpg 300w, https:\/\/jorgezanoni.com.br\/2019\/wp-content\/uploads\/2019\/08\/IMG_7746-768x576.jpg 768w, https:\/\/jorgezanoni.com.br\/2019\/wp-content\/uploads\/2019\/08\/IMG_7746-80x60.jpg 80w, https:\/\/jorgezanoni.com.br\/2019\/wp-content\/uploads\/2019\/08\/IMG_7746-265x198.jpg 265w, https:\/\/jorgezanoni.com.br\/2019\/wp-content\/uploads\/2019\/08\/IMG_7746-696x522.jpg 696w, https:\/\/jorgezanoni.com.br\/2019\/wp-content\/uploads\/2019\/08\/IMG_7746-560x420.jpg 560w\" sizes=\"auto, (max-width: 900px) 100vw, 900px\" \/> <img loading=\"lazy\" decoding=\"async\" class=\"alignnone size-full wp-image-3962\" src=\"https:\/\/jorgezanoni.com.br\/2019\/wp-content\/uploads\/2019\/08\/IMG_7747.jpg\" alt=\"\" width=\"900\" height=\"675\" srcset=\"https:\/\/jorgezanoni.com.br\/2019\/wp-content\/uploads\/2019\/08\/IMG_7747.jpg 900w, https:\/\/jorgezanoni.com.br\/2019\/wp-content\/uploads\/2019\/08\/IMG_7747-300x225.jpg 300w, https:\/\/jorgezanoni.com.br\/2019\/wp-content\/uploads\/2019\/08\/IMG_7747-768x576.jpg 768w, https:\/\/jorgezanoni.com.br\/2019\/wp-content\/uploads\/2019\/08\/IMG_7747-80x60.jpg 80w, https:\/\/jorgezanoni.com.br\/2019\/wp-content\/uploads\/2019\/08\/IMG_7747-265x198.jpg 265w, https:\/\/jorgezanoni.com.br\/2019\/wp-content\/uploads\/2019\/08\/IMG_7747-696x522.jpg 696w, https:\/\/jorgezanoni.com.br\/2019\/wp-content\/uploads\/2019\/08\/IMG_7747-560x420.jpg 560w\" sizes=\"auto, (max-width: 900px) 100vw, 900px\" \/><\/p>\n<p><img loading=\"lazy\" decoding=\"async\" class=\"alignnone size-full wp-image-3963\" src=\"https:\/\/jorgezanoni.com.br\/2019\/wp-content\/uploads\/2019\/08\/IMG_7748-1.jpg\" alt=\"\" width=\"900\" height=\"675\" srcset=\"https:\/\/jorgezanoni.com.br\/2019\/wp-content\/uploads\/2019\/08\/IMG_7748-1.jpg 900w, https:\/\/jorgezanoni.com.br\/2019\/wp-content\/uploads\/2019\/08\/IMG_7748-1-300x225.jpg 300w, https:\/\/jorgezanoni.com.br\/2019\/wp-content\/uploads\/2019\/08\/IMG_7748-1-768x576.jpg 768w, https:\/\/jorgezanoni.com.br\/2019\/wp-content\/uploads\/2019\/08\/IMG_7748-1-80x60.jpg 80w, https:\/\/jorgezanoni.com.br\/2019\/wp-content\/uploads\/2019\/08\/IMG_7748-1-265x198.jpg 265w, https:\/\/jorgezanoni.com.br\/2019\/wp-content\/uploads\/2019\/08\/IMG_7748-1-696x522.jpg 696w, https:\/\/jorgezanoni.com.br\/2019\/wp-content\/uploads\/2019\/08\/IMG_7748-1-560x420.jpg 560w\" sizes=\"auto, (max-width: 900px) 100vw, 900px\" \/> <img loading=\"lazy\" decoding=\"async\" class=\"alignnone size-full wp-image-3964\" src=\"https:\/\/jorgezanoni.com.br\/2019\/wp-content\/uploads\/2019\/08\/IMG_7749.jpg\" alt=\"\" width=\"900\" height=\"675\" srcset=\"https:\/\/jorgezanoni.com.br\/2019\/wp-content\/uploads\/2019\/08\/IMG_7749.jpg 900w, https:\/\/jorgezanoni.com.br\/2019\/wp-content\/uploads\/2019\/08\/IMG_7749-300x225.jpg 300w, https:\/\/jorgezanoni.com.br\/2019\/wp-content\/uploads\/2019\/08\/IMG_7749-768x576.jpg 768w, https:\/\/jorgezanoni.com.br\/2019\/wp-content\/uploads\/2019\/08\/IMG_7749-80x60.jpg 80w, https:\/\/jorgezanoni.com.br\/2019\/wp-content\/uploads\/2019\/08\/IMG_7749-265x198.jpg 265w, https:\/\/jorgezanoni.com.br\/2019\/wp-content\/uploads\/2019\/08\/IMG_7749-696x522.jpg 696w, https:\/\/jorgezanoni.com.br\/2019\/wp-content\/uploads\/2019\/08\/IMG_7749-560x420.jpg 560w\" sizes=\"auto, (max-width: 900px) 100vw, 900px\" \/> <img loading=\"lazy\" decoding=\"async\" class=\"alignnone size-full wp-image-3965\" src=\"https:\/\/jorgezanoni.com.br\/2019\/wp-content\/uploads\/2019\/08\/IMG_7750.jpg\" alt=\"\" width=\"900\" height=\"675\" srcset=\"https:\/\/jorgezanoni.com.br\/2019\/wp-content\/uploads\/2019\/08\/IMG_7750.jpg 900w, https:\/\/jorgezanoni.com.br\/2019\/wp-content\/uploads\/2019\/08\/IMG_7750-300x225.jpg 300w, https:\/\/jorgezanoni.com.br\/2019\/wp-content\/uploads\/2019\/08\/IMG_7750-768x576.jpg 768w, https:\/\/jorgezanoni.com.br\/2019\/wp-content\/uploads\/2019\/08\/IMG_7750-80x60.jpg 80w, https:\/\/jorgezanoni.com.br\/2019\/wp-content\/uploads\/2019\/08\/IMG_7750-265x198.jpg 265w, https:\/\/jorgezanoni.com.br\/2019\/wp-content\/uploads\/2019\/08\/IMG_7750-696x522.jpg 696w, https:\/\/jorgezanoni.com.br\/2019\/wp-content\/uploads\/2019\/08\/IMG_7750-560x420.jpg 560w\" sizes=\"auto, (max-width: 900px) 100vw, 900px\" \/> <img loading=\"lazy\" decoding=\"async\" class=\"alignnone size-full wp-image-3966\" src=\"https:\/\/jorgezanoni.com.br\/2019\/wp-content\/uploads\/2019\/08\/IMG_7751.jpg\" alt=\"\" width=\"900\" height=\"675\" srcset=\"https:\/\/jorgezanoni.com.br\/2019\/wp-content\/uploads\/2019\/08\/IMG_7751.jpg 900w, https:\/\/jorgezanoni.com.br\/2019\/wp-content\/uploads\/2019\/08\/IMG_7751-300x225.jpg 300w, https:\/\/jorgezanoni.com.br\/2019\/wp-content\/uploads\/2019\/08\/IMG_7751-768x576.jpg 768w, https:\/\/jorgezanoni.com.br\/2019\/wp-content\/uploads\/2019\/08\/IMG_7751-80x60.jpg 80w, https:\/\/jorgezanoni.com.br\/2019\/wp-content\/uploads\/2019\/08\/IMG_7751-265x198.jpg 265w, https:\/\/jorgezanoni.com.br\/2019\/wp-content\/uploads\/2019\/08\/IMG_7751-696x522.jpg 696w, https:\/\/jorgezanoni.com.br\/2019\/wp-content\/uploads\/2019\/08\/IMG_7751-560x420.jpg 560w\" sizes=\"auto, (max-width: 900px) 100vw, 900px\" \/><\/p>\n<p>Fotos: Jorge Zanoni<\/p>\n<\/div>\n<\/div>\n<\/div>\n","protected":false},"excerpt":{"rendered":"<p>Uma planta\u00e7\u00e3o de Paineira em uma ch\u00e1cara numa estrada municipal que liga a vicinal que vai de de Dracena ao Bairro O\u00e1sis, est\u00e1 proporcionando um belo espet\u00e1culo. As painas soltos mais parecem neve (veja v\u00eddeo em nossa fan page) e o local todo arborizado com as folhas secas caindo d\u00e3o todo o espet\u00e1culo. Veja as [&hellip;]<\/p>\n","protected":false},"author":1,"featured_media":3967,"comment_status":"closed","ping_status":"open","sticky":false,"template":"","format":"standard","meta":{"footnotes":""},"categories":[176,110],"tags":[],"class_list":["post-3959","post","type-post","status-publish","format-standard","has-post-thumbnail","hentry","category-meioambienteeagricultura","category-noticiasdestaque"],"_links":{"self":[{"href":"https:\/\/jorgezanoni.com.br\/2019\/wp-json\/wp\/v2\/posts\/3959","targetHints":{"allow":["GET"]}}],"collection":[{"href":"https:\/\/jorgezanoni.com.br\/2019\/wp-json\/wp\/v2\/posts"}],"about":[{"href":"https:\/\/jorgezanoni.com.br\/2019\/wp-json\/wp\/v2\/types\/post"}],"author":[{"embeddable":true,"href":"https:\/\/jorgezanoni.com.br\/2019\/wp-json\/wp\/v2\/users\/1"}],"replies":[{"embeddable":true,"href":"https:\/\/jorgezanoni.com.br\/2019\/wp-json\/wp\/v2\/comments?post=3959"}],"version-history":[{"count":0,"href":"https:\/\/jorgezanoni.com.br\/2019\/wp-json\/wp\/v2\/posts\/3959\/revisions"}],"wp:featuredmedia":[{"embeddable":true,"href":"https:\/\/jorgezanoni.com.br\/2019\/wp-json\/wp\/v2\/media\/3967"}],"wp:attachment":[{"href":"https:\/\/jorgezanoni.com.br\/2019\/wp-json\/wp\/v2\/media?parent=3959"}],"wp:term":[{"taxonomy":"category","embeddable":true,"href":"https:\/\/jorgezanoni.com.br\/2019\/wp-json\/wp\/v2\/categories?post=3959"},{"taxonomy":"post_tag","embeddable":true,"href":"https:\/\/jorgezanoni.com.br\/2019\/wp-json\/wp\/v2\/tags?post=3959"}],"curies":[{"name":"wp","href":"https:\/\/api.w.org\/{rel}","templated":true}]}}