{"id":39585,"date":"2020-12-01T23:17:49","date_gmt":"2020-12-01T23:17:49","guid":{"rendered":"https:\/\/jorgezanoni.com.br\/2019\/?p=39585"},"modified":"2020-12-01T23:17:49","modified_gmt":"2020-12-01T23:17:49","slug":"hospital-amaral-carvalho-destaca-a-importancia-com-a-pele-mesmo-na-pandemia","status":"publish","type":"post","link":"https:\/\/jorgezanoni.com.br\/2019\/hospital-amaral-carvalho-destaca-a-importancia-com-a-pele-mesmo-na-pandemia\/","title":{"rendered":"Hospital Amaral Carvalho destaca a import\u00e2ncia com a pele, mesmo na pandemia"},"content":{"rendered":"<p style=\"text-align: justify;\"><strong>HAC destaca a import\u00e2ncia dos cuidados com a pele, mesmo na pandemia<\/strong><\/p>\n<p style=\"text-align: justify;\"><em>Em comemora\u00e7\u00e3o ao Dezembro Laranja, de conscientiza\u00e7\u00e3o sobre o c\u00e2ncer de pele, equipe ir\u00e1 realizar uma live, no dia 8, e orienta\u00e7\u00f5es sobre preven\u00e7\u00e3o nas principais entradas do HAC e de clubes da cidade, durante o m\u00eas<br \/>\n<\/em><\/p>\n<p style=\"text-align: justify;\">\u00a0 \u00a0Com a chegada do\u00a0<strong>Dezembro Laranja<\/strong>, de conscientiza\u00e7\u00e3o sobre o c\u00e2ncer de pele, \u00e9 importante lembrar que os cuidados com a sa\u00fade n\u00e3o podem ficar de lado. Mesmo com o atual cen\u00e1rio de incertezas e profundas mudan\u00e7as, por conta da pandemia, \u00e9 essencial manter h\u00e1bitos saud\u00e1veis para prevenir a doen\u00e7a e ficar atento aos sinais que podem levar ao diagn\u00f3stico precoce. Para ressaltar o assunto, o\u00a0<strong>Hospital Amaral Carvalho<\/strong>\u00a0(<strong>HAC<\/strong>) promove atividades especiais neste m\u00eas.<\/p>\n<p style=\"text-align: justify;\">\u00a0\u00a0 O Programa de Preven\u00e7\u00e3o do Melanoma \u2013 tipo de c\u00e2ncer de pele mais agressivo, est\u00e1 atendendo a popula\u00e7\u00e3o com hor\u00e1rio marcado por telefone e respeitando as orienta\u00e7\u00f5es de precau\u00e7\u00e3o da Covid-19. Apesar da redu\u00e7\u00e3o no n\u00famero de atendimentos (queda de 65% de janeiro a outubro, comparado a 2019), sete casos de melanoma foram detectados pela equipe neste ano. &#8220;Considerando que suspendemos as triagens por tr\u00eas meses e que muitas pessoas est\u00e3o deixando de comparecer, talvez por acharem que n\u00e3o tem problema esperar a pandemia passar, o n\u00famero \u00e9 alto&#8221;, afirma a enfermeira do Programa Carla Turini.<\/p>\n<p style=\"text-align: justify;\">\u00a0\u00a0 De acordo com a profissional, caso haja qualquer altera\u00e7\u00e3o nas pintas \u00e9 importante procurar o servi\u00e7o. &#8220;Estamos seguindo todas as medidas preventivas da Covid-19, como espa\u00e7ar os atendimentos para evitar aglomera\u00e7\u00e3o no Instituto de Preven\u00e7\u00e3o. Todos da equipe usam m\u00e1scaras, disponibilizamos \u00e1lcool gel 70% para frequente higieniza\u00e7\u00e3o das m\u00e3os e, na entrada, \u00e9 avaliada a temperatura do paciente. Portanto, \u00e9 seguro vir at\u00e9 aqui&#8221;, enfatiza.<\/p>\n<p style=\"text-align: justify;\">\u00a0\u00a0 Com o surgimento de uma pinta diferente no rosto, Sueli Conduta Pinto (62) achou mais prudente buscar a avalia\u00e7\u00e3o profissional e descartar qualquer suspeita. &#8220;Fiquei preocupada, mas mesmo com todas as restri\u00e7\u00f5es por conta da pandemia, preferi vir. \u00c9 menos arriscado que deixar pra l\u00e1&#8221;, comentou.<\/p>\n<p style=\"text-align: justify;\">\u00a0\u00a0 O esposo Sebasti\u00e3o (63) a acompanhou na consulta e tamb\u00e9m aproveitou para fazer uma avalia\u00e7\u00e3o. &#8220;Conhecemos o HAC h\u00e1 anos e sabemos da import\u00e2ncia desse programa. Hoje em dia, as pessoas n\u00e3o d\u00e3o muita aten\u00e7\u00e3o aos sinais e quando v\u00e3o procurar ajuda, \u00e0s vezes \u00e9 tarde e n\u00e3o h\u00e1 possibilidade de cura&#8221;, disse.<\/p>\n<p style=\"text-align: justify;\">\u00a0\u00a0 No Instituto de Preven\u00e7\u00e3o, o casal recebeu orienta\u00e7\u00f5es de preven\u00e7\u00e3o e cuidados com a pele. Carla tamb\u00e9m refor\u00e7ou os sinais que podem levar ao diagn\u00f3stico do melanoma.<\/p>\n<p style=\"text-align: justify;\"><strong>Regra do ABCDE<\/strong><\/p>\n<p style=\"text-align: justify;\">\u00a0\u00a0 Para ajudar a identificar uma les\u00e3o que pode ser melanoma, existe uma regra conhecida como ABCDE. Cada uma das letras corresponde \u00e0 inicial de um sinal relacionado \u00e0 doen\u00e7a:<\/p>\n<p style=\"text-align: justify;\"><strong>Assimetria<\/strong>\u00a0\u2013 uma metade da pinta n\u00e3o se parece com a outra;<\/p>\n<p style=\"text-align: justify;\"><strong>Bordas irregulares<\/strong>\u00a0\u2013 as bordas s\u00e3o recortadas, pouco definidas;<\/p>\n<p style=\"text-align: justify;\"><strong>Cor<\/strong>\u00a0\u2013 sombras de marrom, preto e, \u00e0s vezes, branco ou vermelho na mesma pinta;<\/p>\n<p style=\"text-align: justify;\"><strong>Di\u00e2metro<\/strong>\u00a0\u2013 maior que 6mm (equivalente ao de um l\u00e1pis);<\/p>\n<p style=\"text-align: justify;\"><strong>Evolu\u00e7\u00e3o<\/strong>\u00a0\u2013 mudan\u00e7a de aspecto.<\/p>\n<p style=\"text-align: justify;\">\u00a0\u00a0 A enfermeira afirma que, n\u00e3o \u00e9 porque estamos em uma fase de pandemia, com altera\u00e7\u00f5es importantes na rotina, que podemos abandonar h\u00e1bitos como o uso di\u00e1rio de protetor solar e roupas que protejam o corpo o m\u00e1ximo poss\u00edvel, como bra\u00e7os, pesco\u00e7o e nuca, por exemplo. &#8220;Tamb\u00e9m devemos evitar a exposi\u00e7\u00e3o ao sol entre 10h e 16h&#8221;.<\/p>\n<p style=\"text-align: justify;\"><strong>A\u00e7\u00f5es especiais<\/strong><\/p>\n<p style=\"text-align: justify;\">\u00a0\u00a0 O Programa de Preven\u00e7\u00e3o do Melanoma funciona durante o ano todo, mas em dezembro, para refor\u00e7ar as orienta\u00e7\u00f5es em Ja\u00fa, a equipe ir\u00e1 realizar a\u00e7\u00f5es especiais. Al\u00e9m de postagens com dicas nas redes sociais, no dia 8, a dermatologista coordenadora do Programa, Ana Gabriela Salvio, e a enfermeira Carla apresentam live sobre o tema. A transmiss\u00e3o ser\u00e1 pelo canal do Hospital Amaral Carvalho no Youtube, \u00e0s 17h15.<\/p>\n<p style=\"text-align: justify;\">\u00a0\u00a0 Nos tr\u00eas primeiros s\u00e1bados de dezembro, profissionais de enfermagem estar\u00e3o nas portas de clubes da cidade esclarecendo d\u00favidas dos s\u00f3cios. \u00c0s quartas-feiras, a a\u00e7\u00e3o ser\u00e1 nas principais portarias do HAC. &#8220;O foco das nossas atividades \u00e9 detectar as les\u00f5es precocemente para garantir maiores chances de cura e falar sobre preven\u00e7\u00e3o, um h\u00e1bito que fazemos quest\u00e3o de incentivar&#8221;, completa Carla.<\/p>\n<p><img loading=\"lazy\" decoding=\"async\" class=\"alignnone size-full wp-image-39586\" src=\"https:\/\/jorgezanoni.com.br\/2019\/wp-content\/uploads\/2020\/12\/hac.jpg\" alt=\"\" width=\"800\" height=\"600\" srcset=\"https:\/\/jorgezanoni.com.br\/2019\/wp-content\/uploads\/2020\/12\/hac.jpg 800w, https:\/\/jorgezanoni.com.br\/2019\/wp-content\/uploads\/2020\/12\/hac-300x225.jpg 300w, https:\/\/jorgezanoni.com.br\/2019\/wp-content\/uploads\/2020\/12\/hac-768x576.jpg 768w, https:\/\/jorgezanoni.com.br\/2019\/wp-content\/uploads\/2020\/12\/hac-80x60.jpg 80w, https:\/\/jorgezanoni.com.br\/2019\/wp-content\/uploads\/2020\/12\/hac-265x198.jpg 265w, https:\/\/jorgezanoni.com.br\/2019\/wp-content\/uploads\/2020\/12\/hac-696x522.jpg 696w, https:\/\/jorgezanoni.com.br\/2019\/wp-content\/uploads\/2020\/12\/hac-560x420.jpg 560w\" sizes=\"auto, (max-width: 800px) 100vw, 800px\" \/><\/p>\n<p style=\"text-align: justify;\">Fonte:<\/p>\n<div id=\"dvNome\" style=\"text-align: justify;\"><span style=\"color: #333333; font-family: Trebuchet MS; font-size: small;\"><strong>Ariane Urbanetto<\/strong><\/span><\/div>\n<div style=\"text-align: justify;\">\n<div id=\"dvFuncao\">Comunica\u00e7\u00e3o<\/div>\n<\/div>\n<div style=\"text-align: justify;\">\n<div id=\"dvEmail\"><span style=\"color: #0000ff;\"><a href=\"mailto:comunicacao.ariane@amaralcarvalho.org.br\" rel=\"noreferrer\">comunicacao.ariane@amaralcarvalho.org.br<\/a><\/span><\/div>\n<\/div>\n<div style=\"text-align: justify;\"><\/div>\n<div style=\"text-align: justify;\">\n<div id=\"dvRua\">Rua Das Palmeiras, 100<br \/>\nJa\u00fa, SP, 17210 &#8211; 120<br \/>\nTel: (14) 3602-1216<\/div>\n<\/div>\n<div style=\"text-align: justify;\"><span style=\"color: #333333;\"><span style=\"color: #333333; font-family: Trebuchet MS; font-size: small;\"><a title=\"Ctrl+ Clique para seguir o link\" href=\"http:\/\/www.amaralcarvalho.org.br\/\" target=\"_blank\" rel=\"noopener noreferrer\">www.amaralcarvalho.org.br<\/a><\/span><\/span><\/div>\n<p style=\"text-align: justify;\">\n","protected":false},"excerpt":{"rendered":"<p>HAC destaca a import\u00e2ncia dos cuidados com a pele, mesmo na pandemia Em comemora\u00e7\u00e3o ao Dezembro Laranja, de conscientiza\u00e7\u00e3o sobre o c\u00e2ncer de pele, equipe ir\u00e1 realizar uma live, no dia 8, e orienta\u00e7\u00f5es sobre preven\u00e7\u00e3o nas principais entradas do HAC e de clubes da cidade, durante o m\u00eas \u00a0 \u00a0Com a chegada do\u00a0Dezembro Laranja, [&hellip;]<\/p>\n","protected":false},"author":1,"featured_media":39587,"comment_status":"closed","ping_status":"open","sticky":false,"template":"","format":"standard","meta":{"footnotes":""},"categories":[110,122],"tags":[],"class_list":["post-39585","post","type-post","status-publish","format-standard","has-post-thumbnail","hentry","category-noticiasdestaque","category-saudeeducacaoeconcurso"],"_links":{"self":[{"href":"https:\/\/jorgezanoni.com.br\/2019\/wp-json\/wp\/v2\/posts\/39585","targetHints":{"allow":["GET"]}}],"collection":[{"href":"https:\/\/jorgezanoni.com.br\/2019\/wp-json\/wp\/v2\/posts"}],"about":[{"href":"https:\/\/jorgezanoni.com.br\/2019\/wp-json\/wp\/v2\/types\/post"}],"author":[{"embeddable":true,"href":"https:\/\/jorgezanoni.com.br\/2019\/wp-json\/wp\/v2\/users\/1"}],"replies":[{"embeddable":true,"href":"https:\/\/jorgezanoni.com.br\/2019\/wp-json\/wp\/v2\/comments?post=39585"}],"version-history":[{"count":0,"href":"https:\/\/jorgezanoni.com.br\/2019\/wp-json\/wp\/v2\/posts\/39585\/revisions"}],"wp:featuredmedia":[{"embeddable":true,"href":"https:\/\/jorgezanoni.com.br\/2019\/wp-json\/wp\/v2\/media\/39587"}],"wp:attachment":[{"href":"https:\/\/jorgezanoni.com.br\/2019\/wp-json\/wp\/v2\/media?parent=39585"}],"wp:term":[{"taxonomy":"category","embeddable":true,"href":"https:\/\/jorgezanoni.com.br\/2019\/wp-json\/wp\/v2\/categories?post=39585"},{"taxonomy":"post_tag","embeddable":true,"href":"https:\/\/jorgezanoni.com.br\/2019\/wp-json\/wp\/v2\/tags?post=39585"}],"curies":[{"name":"wp","href":"https:\/\/api.w.org\/{rel}","templated":true}]}}