{"id":39565,"date":"2020-12-01T17:52:53","date_gmt":"2020-12-01T17:52:53","guid":{"rendered":"https:\/\/jorgezanoni.com.br\/2019\/?p=39565"},"modified":"2020-12-01T17:52:53","modified_gmt":"2020-12-01T17:52:53","slug":"semaforo-instalado-recentemente-e-motivo-de-reclamacao-e-ja-causou-dois-acidentes","status":"publish","type":"post","link":"https:\/\/jorgezanoni.com.br\/2019\/semaforo-instalado-recentemente-e-motivo-de-reclamacao-e-ja-causou-dois-acidentes\/","title":{"rendered":"Sem\u00e1foro instalado recentemente \u00e9 motivo de reclama\u00e7\u00e3o e j\u00e1 causou dois acidentes"},"content":{"rendered":"<p style=\"text-align: justify;\">O Sem\u00e1foro instalado entre os Bairros Metr\u00f3pole e Palmeiras tem sido motivo de reclama\u00e7\u00e3o de diversos motoristas que trafegam pelo local.<\/p>\n<p style=\"text-align: justify;\">Fica na esquina do final da Rua Esp\u00edrito Santo e in\u00edcio da Alameda B\u00e9lgica no cruzamento com a Rua Fortaleza.<\/p>\n<p style=\"text-align: justify;\">Dizem eles que nunca viram ser colocados da maneira como est\u00e3o e a maior prova \u00e9 que est\u00e1 acontecendo acidentes com poucos dias de sua instala\u00e7\u00e3o.<\/p>\n<p style=\"text-align: justify;\">No domingo a noite foi registrado um acidente entre ve\u00edculo e moto e ontem (30) uma colis\u00e3o traseira entre dois ve\u00edculos.<\/p>\n<p style=\"text-align: justify;\">Pedem esses motoristas que a Secretaria de Assuntos Vi\u00e1rios d\u00ea uma olhada com aten\u00e7\u00e3o para esse local para evitar novos acidentes ou trag\u00e9dias.<\/p>\n<p><img loading=\"lazy\" decoding=\"async\" class=\"alignnone size-full wp-image-39566\" src=\"https:\/\/jorgezanoni.com.br\/2019\/wp-content\/uploads\/2020\/12\/semaforo-2.jpg\" alt=\"\" width=\"1482\" height=\"1226\" srcset=\"https:\/\/jorgezanoni.com.br\/2019\/wp-content\/uploads\/2020\/12\/semaforo-2.jpg 1482w, https:\/\/jorgezanoni.com.br\/2019\/wp-content\/uploads\/2020\/12\/semaforo-2-300x248.jpg 300w, https:\/\/jorgezanoni.com.br\/2019\/wp-content\/uploads\/2020\/12\/semaforo-2-1024x847.jpg 1024w, https:\/\/jorgezanoni.com.br\/2019\/wp-content\/uploads\/2020\/12\/semaforo-2-768x635.jpg 768w, https:\/\/jorgezanoni.com.br\/2019\/wp-content\/uploads\/2020\/12\/semaforo-2-696x576.jpg 696w, https:\/\/jorgezanoni.com.br\/2019\/wp-content\/uploads\/2020\/12\/semaforo-2-1068x884.jpg 1068w, https:\/\/jorgezanoni.com.br\/2019\/wp-content\/uploads\/2020\/12\/semaforo-2-508x420.jpg 508w\" sizes=\"auto, (max-width: 1482px) 100vw, 1482px\" \/><\/p>\n<p style=\"text-align: justify;\">Jorge Zanoni<\/p>\n<p style=\"text-align: justify;\">Foto de Internauta<\/p>\n","protected":false},"excerpt":{"rendered":"<p>O Sem\u00e1foro instalado entre os Bairros Metr\u00f3pole e Palmeiras tem sido motivo de reclama\u00e7\u00e3o de diversos motoristas que trafegam pelo local. Fica na esquina do final da Rua Esp\u00edrito Santo e in\u00edcio da Alameda B\u00e9lgica no cruzamento com a Rua Fortaleza. Dizem eles que nunca viram ser colocados da maneira como est\u00e3o e a maior [&hellip;]<\/p>\n","protected":false},"author":1,"featured_media":39567,"comment_status":"closed","ping_status":"open","sticky":false,"template":"","format":"standard","meta":{"footnotes":""},"categories":[179,184,180],"tags":[],"class_list":["post-39565","post","type-post","status-publish","format-standard","has-post-thumbnail","hentry","category-cidadeseregiao","category-dracena","category-estradastransitoveiculos"],"_links":{"self":[{"href":"https:\/\/jorgezanoni.com.br\/2019\/wp-json\/wp\/v2\/posts\/39565","targetHints":{"allow":["GET"]}}],"collection":[{"href":"https:\/\/jorgezanoni.com.br\/2019\/wp-json\/wp\/v2\/posts"}],"about":[{"href":"https:\/\/jorgezanoni.com.br\/2019\/wp-json\/wp\/v2\/types\/post"}],"author":[{"embeddable":true,"href":"https:\/\/jorgezanoni.com.br\/2019\/wp-json\/wp\/v2\/users\/1"}],"replies":[{"embeddable":true,"href":"https:\/\/jorgezanoni.com.br\/2019\/wp-json\/wp\/v2\/comments?post=39565"}],"version-history":[{"count":0,"href":"https:\/\/jorgezanoni.com.br\/2019\/wp-json\/wp\/v2\/posts\/39565\/revisions"}],"wp:featuredmedia":[{"embeddable":true,"href":"https:\/\/jorgezanoni.com.br\/2019\/wp-json\/wp\/v2\/media\/39567"}],"wp:attachment":[{"href":"https:\/\/jorgezanoni.com.br\/2019\/wp-json\/wp\/v2\/media?parent=39565"}],"wp:term":[{"taxonomy":"category","embeddable":true,"href":"https:\/\/jorgezanoni.com.br\/2019\/wp-json\/wp\/v2\/categories?post=39565"},{"taxonomy":"post_tag","embeddable":true,"href":"https:\/\/jorgezanoni.com.br\/2019\/wp-json\/wp\/v2\/tags?post=39565"}],"curies":[{"name":"wp","href":"https:\/\/api.w.org\/{rel}","templated":true}]}}