{"id":39562,"date":"2020-12-01T17:31:35","date_gmt":"2020-12-01T17:31:35","guid":{"rendered":"https:\/\/jorgezanoni.com.br\/2019\/?p=39562"},"modified":"2020-12-01T17:31:35","modified_gmt":"2020-12-01T17:31:35","slug":"recanto-felino-esta-com-dificuldades-financeiras-e-pede-ajuda","status":"publish","type":"post","link":"https:\/\/jorgezanoni.com.br\/2019\/recanto-felino-esta-com-dificuldades-financeiras-e-pede-ajuda\/","title":{"rendered":"Recanto Felino est\u00e1 com dificuldades financeiras e pede ajuda"},"content":{"rendered":"<p style=\"text-align: justify;\">O Recanto Felino \u00e9 uma organiza\u00e7\u00e3o sem fins lucrativos liderada pelo nosso querido Benedito Contrera, o Sr Bene, que h\u00e1 mais de 15 anos cuida voluntariamente junto com muitos apoiadores de mais 150 gatos abandonados.<\/p>\n<p style=\"text-align: justify;\">O gatil \u00e9 sustentado por doa\u00e7\u00f5es e infelizmente hoje acumula uma d\u00edvida de aproximadamente 30.000,00.\u00a0 Precisamos urgentemente pagar essa d\u00edvida para que os gatinhos possam continuar recebendo cuidados e alimenta\u00e7\u00e3o.<\/p>\n<p>ACESSE:\u00a0https:\/\/www.vakinha.com.br\/vaquinha\/pagar-dividas-do-recanto-felino-de-dracena<\/p>\n<p>Eles contam com a sua ajuda!<\/p>\n","protected":false},"excerpt":{"rendered":"<p>O Recanto Felino \u00e9 uma organiza\u00e7\u00e3o sem fins lucrativos liderada pelo nosso querido Benedito Contrera, o Sr Bene, que h\u00e1 mais de 15 anos cuida voluntariamente junto com muitos apoiadores de mais 150 gatos abandonados. O gatil \u00e9 sustentado por doa\u00e7\u00f5es e infelizmente hoje acumula uma d\u00edvida de aproximadamente 30.000,00.\u00a0 Precisamos urgentemente pagar essa d\u00edvida [&hellip;]<\/p>\n","protected":false},"author":1,"featured_media":39563,"comment_status":"closed","ping_status":"open","sticky":false,"template":"","format":"standard","meta":{"footnotes":""},"categories":[176,110],"tags":[],"class_list":["post-39562","post","type-post","status-publish","format-standard","has-post-thumbnail","hentry","category-meioambienteeagricultura","category-noticiasdestaque"],"_links":{"self":[{"href":"https:\/\/jorgezanoni.com.br\/2019\/wp-json\/wp\/v2\/posts\/39562","targetHints":{"allow":["GET"]}}],"collection":[{"href":"https:\/\/jorgezanoni.com.br\/2019\/wp-json\/wp\/v2\/posts"}],"about":[{"href":"https:\/\/jorgezanoni.com.br\/2019\/wp-json\/wp\/v2\/types\/post"}],"author":[{"embeddable":true,"href":"https:\/\/jorgezanoni.com.br\/2019\/wp-json\/wp\/v2\/users\/1"}],"replies":[{"embeddable":true,"href":"https:\/\/jorgezanoni.com.br\/2019\/wp-json\/wp\/v2\/comments?post=39562"}],"version-history":[{"count":0,"href":"https:\/\/jorgezanoni.com.br\/2019\/wp-json\/wp\/v2\/posts\/39562\/revisions"}],"wp:featuredmedia":[{"embeddable":true,"href":"https:\/\/jorgezanoni.com.br\/2019\/wp-json\/wp\/v2\/media\/39563"}],"wp:attachment":[{"href":"https:\/\/jorgezanoni.com.br\/2019\/wp-json\/wp\/v2\/media?parent=39562"}],"wp:term":[{"taxonomy":"category","embeddable":true,"href":"https:\/\/jorgezanoni.com.br\/2019\/wp-json\/wp\/v2\/categories?post=39562"},{"taxonomy":"post_tag","embeddable":true,"href":"https:\/\/jorgezanoni.com.br\/2019\/wp-json\/wp\/v2\/tags?post=39562"}],"curies":[{"name":"wp","href":"https:\/\/api.w.org\/{rel}","templated":true}]}}