{"id":39554,"date":"2020-12-01T16:54:47","date_gmt":"2020-12-01T16:54:47","guid":{"rendered":"https:\/\/jorgezanoni.com.br\/2019\/?p=39554"},"modified":"2020-12-01T16:54:47","modified_gmt":"2020-12-01T16:54:47","slug":"policia-civil-cumpre-mandados-de-prisao-contra-pessoas-procuradas-da-justica-em-junqueiropolis","status":"publish","type":"post","link":"https:\/\/jorgezanoni.com.br\/2019\/policia-civil-cumpre-mandados-de-prisao-contra-pessoas-procuradas-da-justica-em-junqueiropolis\/","title":{"rendered":"Pol\u00edcia Civil cumpre mandados de pris\u00e3o contra pessoas procuradas da Justi\u00e7a em Junqueir\u00f3polis"},"content":{"rendered":"<p style=\"text-align: justify;\"><strong>Na a\u00e7\u00e3o, ocorrida ao longo da \u00faltima semana, quatro homens de 27, 34, 36 e 45 anos, foram presos.<\/strong><\/p>\n<p style=\"text-align: justify;\">A Pol\u00edcia Civil, por interm\u00e9dio da Delegacia de Pol\u00edcia de Junqueir\u00f3polis, desempenhando a\u00e7\u00e3o de pol\u00edcia judici\u00e1ria, prendeu, ao longo da semana passada, quatros pessoas procuradas pela Justi\u00e7a, todos os indiv\u00edduos eram do sexo masculino de 27, 34, 36 e 45 anos.<br \/>\nOs mandados de pris\u00e3o tr\u00eas oriundos da Comarca de Junqueir\u00f3polis e um da Comarca de Frutal, em Minas Gerais. Os detidos foram custodiados e suas pris\u00f5es comunicadas ao judici\u00e1rio, que adotar\u00e1 as demais provid\u00eancias necess\u00e1rias para o cumprimento das san\u00e7\u00f5es.<\/p>\n<p style=\"text-align: justify;\">Fonte: Com. Social Pol\u00edcia Civil<\/p>\n","protected":false},"excerpt":{"rendered":"<p>Na a\u00e7\u00e3o, ocorrida ao longo da \u00faltima semana, quatro homens de 27, 34, 36 e 45 anos, foram presos. A Pol\u00edcia Civil, por interm\u00e9dio da Delegacia de Pol\u00edcia de Junqueir\u00f3polis, desempenhando a\u00e7\u00e3o de pol\u00edcia judici\u00e1ria, prendeu, ao longo da semana passada, quatros pessoas procuradas pela Justi\u00e7a, todos os indiv\u00edduos eram do sexo masculino de 27, [&hellip;]<\/p>\n","protected":false},"author":1,"featured_media":39556,"comment_status":"closed","ping_status":"open","sticky":false,"template":"","format":"standard","meta":{"footnotes":""},"categories":[110,2],"tags":[],"class_list":["post-39554","post","type-post","status-publish","format-standard","has-post-thumbnail","hentry","category-noticiasdestaque","category-policial"],"_links":{"self":[{"href":"https:\/\/jorgezanoni.com.br\/2019\/wp-json\/wp\/v2\/posts\/39554","targetHints":{"allow":["GET"]}}],"collection":[{"href":"https:\/\/jorgezanoni.com.br\/2019\/wp-json\/wp\/v2\/posts"}],"about":[{"href":"https:\/\/jorgezanoni.com.br\/2019\/wp-json\/wp\/v2\/types\/post"}],"author":[{"embeddable":true,"href":"https:\/\/jorgezanoni.com.br\/2019\/wp-json\/wp\/v2\/users\/1"}],"replies":[{"embeddable":true,"href":"https:\/\/jorgezanoni.com.br\/2019\/wp-json\/wp\/v2\/comments?post=39554"}],"version-history":[{"count":0,"href":"https:\/\/jorgezanoni.com.br\/2019\/wp-json\/wp\/v2\/posts\/39554\/revisions"}],"wp:featuredmedia":[{"embeddable":true,"href":"https:\/\/jorgezanoni.com.br\/2019\/wp-json\/wp\/v2\/media\/39556"}],"wp:attachment":[{"href":"https:\/\/jorgezanoni.com.br\/2019\/wp-json\/wp\/v2\/media?parent=39554"}],"wp:term":[{"taxonomy":"category","embeddable":true,"href":"https:\/\/jorgezanoni.com.br\/2019\/wp-json\/wp\/v2\/categories?post=39554"},{"taxonomy":"post_tag","embeddable":true,"href":"https:\/\/jorgezanoni.com.br\/2019\/wp-json\/wp\/v2\/tags?post=39554"}],"curies":[{"name":"wp","href":"https:\/\/api.w.org\/{rel}","templated":true}]}}