{"id":39551,"date":"2020-12-01T16:40:33","date_gmt":"2020-12-01T16:40:33","guid":{"rendered":"https:\/\/jorgezanoni.com.br\/2019\/?p=39551"},"modified":"2020-12-01T16:40:33","modified_gmt":"2020-12-01T16:40:33","slug":"2020-o-principio-do-fim","status":"publish","type":"post","link":"https:\/\/jorgezanoni.com.br\/2019\/2020-o-principio-do-fim\/","title":{"rendered":"2020: O princ\u00edpio do Fim"},"content":{"rendered":"<p style=\"text-align: justify;\">O <strong>Site Jorge Zanoni\u00a0<\/strong>d\u00e1 as boas-vindas ao Dr. Vladimir de Mattos que a partir de hoje e todas as ter\u00e7as-feiras passar\u00e1 a publicar Artigos de sua autoria. Agrademos ao Advogado a parceria e desejamos sucesso com suas linhas escritas de assuntos diversos, aos nossos leitores e amigos.<\/p>\n<p style=\"text-align: justify;\">Jorge Zanoni<\/p>\n<p style=\"text-align: justify;\"><strong>2020: O PRINC\u00cdPIO DO FIM<\/strong><\/p>\n<p style=\"text-align: justify;\">Hoje, 01\/12, inicia-se o fim de 2020, o ano em que a Terra parou.<\/p>\n<p style=\"text-align: justify;\">No in\u00edcio do ano, antes da pandemia de Covid-19, ningu\u00e9m poderia sequer imaginar que viver\u00edamos o caos, com a paralisa\u00e7\u00e3o de tudo, o fechamento da ind\u00fastria, do com\u00e9rcio em geral, das escolas, etc., nem tampouco que sequer poder\u00edamos velar os nosso mortos durante o per\u00edodo pand\u00eamico.<\/p>\n<p style=\"text-align: justify;\">A Covid-19 alastrou-se como uma praga, tipo aquelas do Egito antigo mesmo, s\u00f3 que em n\u00edvel mundial, atingindo a tudo e a todos. N\u00e3o poupou ningu\u00e9m.<\/p>\n<p style=\"text-align: justify;\">Bilh\u00f5es de pessoas ao redor do mundo recolheram-se em suas casas, muitas das quais sequer puderam mais trabalhar para prover o sustento de suas fam\u00edlias. Filhos e pais foram impedidos de se encontrar; irm\u00e3os, av\u00f3s e netos, idem.<\/p>\n<p style=\"text-align: justify;\">O medo tomou conta de todos n\u00f3s em ao menos algum momento de nossas vidas durante a pandemia, pois \u00e9 natural que, embora seja a maior certeza da vida, a morte, quando pr\u00f3xima, sempre causa temor.<\/p>\n<p style=\"text-align: justify;\">Mas isso seria motivo para desespero e desesperan\u00e7a?!? N\u00e3o!!!<\/p>\n<p style=\"text-align: justify;\">Hoje, 01\/12, tamb\u00e9m comemora-se o Dia Mundial de Combate \u00e0 AIDS em todo o mundo. E o que isso tem a ver com a Covid-19?<\/p>\n<p style=\"text-align: justify;\">A AIDS, como se sabe, foi a maior pandemia viral que acometeu a humanidade antes do coronav\u00edrus.<\/p>\n<p style=\"text-align: justify;\">E o que essas duas pandemias t\u00eam em comum?!<\/p>\n<p style=\"text-align: justify;\">Em 2004, a AIDS vitimou, em todo o mundo, 2,4 milh\u00f5es de pessoas. At\u00e9 hoje, 01\/12\/2020, a Covid-19 vitimou pouco mais de 1,4 milh\u00f5es de pessoas, ou seja, quase 1 milh\u00e3o de mortos a menos que as v\u00edtimas de AIDS em 2004, auge daquela pandemia. (Fonte: unaids.org.br).<\/p>\n<p style=\"text-align: justify;\">Outra curiosidade: tal qual a AIDS, que diziam ter sido originada de macacos africanos que teriam mantido rela\u00e7\u00f5es sexuais com humanos e que tal praga seria \u201ccastigo divino\u201d, a Covid-19 tamb\u00e9m chegou cercada de misticismos, negacionismos, teorias da conspira\u00e7\u00e3o (\u201cv\u00edrus chin\u00eas\u201d, \u201cv\u00edrus comunista\u201d criado em laborat\u00f3rio para vender vacinas, etc.).<\/p>\n<p style=\"text-align: justify;\">Ora, e o que mais ambos os v\u00edrus t\u00eam em comum?!?<\/p>\n<p style=\"text-align: justify;\">Tal qual a AIDS, que n\u00e3o acabou com a humanidade e hoje \u00e9 uma doen\u00e7a controlada, o coronav\u00edrus tamb\u00e9m o ser\u00e1, principalmente a partir do pr\u00f3ximo ano (2021), quando diversas vacinas estar\u00e3o dispon\u00edveis no mercado para imunizar a popula\u00e7\u00e3o mundial (ao contr\u00e1rio da AIDS, que at\u00e9 hoje n\u00e3o conta com uma vacina de imuniza\u00e7\u00e3o).<\/p>\n<p style=\"text-align: justify;\">E a(s) vacina(s) pode ser chinesa, russa, estadunidense, portuguesa, chilena, b\u00falgara, coreana, paraguaia e at\u00e9 mesmo brasileira. Pouco importa onde e por quem seja ela seja feita (pode ser feita at\u00e9 mesmo em Tupi Paulista\/SP, por exemplo). O que importa \u00e9 que ela vir\u00e1 e nos proteger\u00e1 desse maldito v\u00edrus que chegou sem ningu\u00e9m convid\u00e1-lo.<\/p>\n<p style=\"text-align: justify;\">Mais que isso: Embora ambas as pandemias levem \u00e0 morte por fatores, digamos, \u201ccomuns\u201d \u2013 a exemplo da AIDS, ningu\u00e9m morre de Covid-19, mas de complica\u00e7\u00f5es de outras doen\u00e7as potencializadas pelo v\u00edrus \u2013, \u00e9 certo que a Covid-19 vitimar\u00e1, ao longo dos anos, infinitamente menos pacientes que a AIDS, hoje praticamente esquecida pela popula\u00e7\u00e3o mundial em geral.<\/p>\n<p style=\"text-align: justify;\">E qual a li\u00e7\u00e3o que podemos tirar disso tudo?<\/p>\n<p style=\"text-align: justify;\">A vida, com a sua trajet\u00f3ria imprevis\u00edvel, por\u00e9m imut\u00e1vel (a morte \u00e9 a \u00fanica certeza da vida) e de certa forma indel\u00e9vel, pode nos reservar surpresas (pandemias virais, por exemplo), mas, inegavelmente, ela sempre encontra caminhos e segue o seu curso natural, com a renova\u00e7\u00e3o que nos faz perpetuar a obra do Criador.<\/p>\n<p style=\"text-align: justify;\">Sendo assim, \u00e9 de se concluir que, a despeito das agruras de 2020, nada nos resta sen\u00e3o acreditar que \u00e0 frente teremos um mundo melhor, com mais paz, humildade, humanidade, esperan\u00e7a e perseveran\u00e7a, bem como a certeza absoluta de que nossos filhos e netos herdar\u00e3o um mundo melhor que o nosso, atual, pois, com ou sem pandemias e pragas, a humanidade sempre evolui!<\/p>\n<p style=\"text-align: justify;\">Que venha 2021!<\/p>\n<p style=\"text-align: justify;\"><a href=\"mailto:vladimirdemattos@hotmail.com\">vladimirdemattos@hotmail.com<\/a><\/p>\n","protected":false},"excerpt":{"rendered":"<p>O Site Jorge Zanoni\u00a0d\u00e1 as boas-vindas ao Dr. Vladimir de Mattos que a partir de hoje e todas as ter\u00e7as-feiras passar\u00e1 a publicar Artigos de sua autoria. Agrademos ao Advogado a parceria e desejamos sucesso com suas linhas escritas de assuntos diversos, aos nossos leitores e amigos. Jorge Zanoni 2020: O PRINC\u00cdPIO DO FIM Hoje, [&hellip;]<\/p>\n","protected":false},"author":1,"featured_media":39552,"comment_status":"closed","ping_status":"open","sticky":false,"template":"","format":"standard","meta":{"footnotes":""},"categories":[175],"tags":[],"class_list":["post-39551","post","type-post","status-publish","format-standard","has-post-thumbnail","hentry","category-artigos"],"_links":{"self":[{"href":"https:\/\/jorgezanoni.com.br\/2019\/wp-json\/wp\/v2\/posts\/39551","targetHints":{"allow":["GET"]}}],"collection":[{"href":"https:\/\/jorgezanoni.com.br\/2019\/wp-json\/wp\/v2\/posts"}],"about":[{"href":"https:\/\/jorgezanoni.com.br\/2019\/wp-json\/wp\/v2\/types\/post"}],"author":[{"embeddable":true,"href":"https:\/\/jorgezanoni.com.br\/2019\/wp-json\/wp\/v2\/users\/1"}],"replies":[{"embeddable":true,"href":"https:\/\/jorgezanoni.com.br\/2019\/wp-json\/wp\/v2\/comments?post=39551"}],"version-history":[{"count":0,"href":"https:\/\/jorgezanoni.com.br\/2019\/wp-json\/wp\/v2\/posts\/39551\/revisions"}],"wp:featuredmedia":[{"embeddable":true,"href":"https:\/\/jorgezanoni.com.br\/2019\/wp-json\/wp\/v2\/media\/39552"}],"wp:attachment":[{"href":"https:\/\/jorgezanoni.com.br\/2019\/wp-json\/wp\/v2\/media?parent=39551"}],"wp:term":[{"taxonomy":"category","embeddable":true,"href":"https:\/\/jorgezanoni.com.br\/2019\/wp-json\/wp\/v2\/categories?post=39551"},{"taxonomy":"post_tag","embeddable":true,"href":"https:\/\/jorgezanoni.com.br\/2019\/wp-json\/wp\/v2\/tags?post=39551"}],"curies":[{"name":"wp","href":"https:\/\/api.w.org\/{rel}","templated":true}]}}