{"id":39526,"date":"2020-12-01T15:01:04","date_gmt":"2020-12-01T15:01:04","guid":{"rendered":"https:\/\/jorgezanoni.com.br\/2019\/?p=39526"},"modified":"2020-12-01T15:01:04","modified_gmt":"2020-12-01T15:01:04","slug":"funcionario-da-prefeitura-de-dracena-encontra-homem-morto-dentro-da-casinha-do-papai-noel","status":"publish","type":"post","link":"https:\/\/jorgezanoni.com.br\/2019\/funcionario-da-prefeitura-de-dracena-encontra-homem-morto-dentro-da-casinha-do-papai-noel\/","title":{"rendered":"Funcion\u00e1rio da Prefeitura de Dracena encontra homem morto dentro da Casinha do Papai Noel"},"content":{"rendered":"<p><strong>FUNCION\u00c1RIO DA PREFEITURA DE DRACENA LOCALIZA HOMEM J\u00c1 EM \u00d3BITO.<\/strong><\/p>\n<p style=\"text-align: justify;\">Na manha de hoje (01\/12), por volta das 08h30min, um funcion\u00e1rio da Prefeitura de Dracena\/SP, ao chegar para trabalhar na instala\u00e7\u00e3o da \u201cCasinha do Papai Noel\u201d, pela Pra\u00e7a Arthur Pagnozzi, localizou uma pessoa do sexo masculino, no interior da casinha deitado e im\u00f3vel.<\/p>\n<p style=\"text-align: justify;\">Com a chegada dos Policiais ao local, foi constatado que tal pessoa j\u00e1 apresentava rigidez cadav\u00e9rica, sendo o local isolado e acionado a Pol\u00edcia Cient\u00edfica.<\/p>\n<p style=\"text-align: justify;\">Atrav\u00e9s de exames periciais, foi constatado aparentemente tratar-se de uma morte natural, pois n\u00e3o havia quaisquer ind\u00edcios de viol\u00eancia.<\/p>\n<p style=\"text-align: justify;\">Pela an\u00e1lise dos documentos que portava, foi constatado que o homem possu\u00eda 34 anos e era natural de Mirand\u00f3polis\/SP.<\/p>\n<p style=\"text-align: justify;\">Testemunhas informaram tratar-se de morador de rua e sempre andava pela \u00e1rea central acompanhado de outras pessoas, nas mesmas condi\u00e7\u00f5es.<\/p>\n<p><img loading=\"lazy\" decoding=\"async\" class=\"alignnone size-full wp-image-39527\" src=\"https:\/\/jorgezanoni.com.br\/2019\/wp-content\/uploads\/2020\/12\/IMG_8415.jpg\" alt=\"\" width=\"800\" height=\"532\" srcset=\"https:\/\/jorgezanoni.com.br\/2019\/wp-content\/uploads\/2020\/12\/IMG_8415.jpg 800w, https:\/\/jorgezanoni.com.br\/2019\/wp-content\/uploads\/2020\/12\/IMG_8415-300x200.jpg 300w, https:\/\/jorgezanoni.com.br\/2019\/wp-content\/uploads\/2020\/12\/IMG_8415-768x511.jpg 768w, https:\/\/jorgezanoni.com.br\/2019\/wp-content\/uploads\/2020\/12\/IMG_8415-696x463.jpg 696w, https:\/\/jorgezanoni.com.br\/2019\/wp-content\/uploads\/2020\/12\/IMG_8415-632x420.jpg 632w\" sizes=\"auto, (max-width: 800px) 100vw, 800px\" \/> <img loading=\"lazy\" decoding=\"async\" class=\"alignnone size-full wp-image-39528\" src=\"https:\/\/jorgezanoni.com.br\/2019\/wp-content\/uploads\/2020\/12\/IMG_8416.jpg\" alt=\"\" width=\"800\" height=\"532\" srcset=\"https:\/\/jorgezanoni.com.br\/2019\/wp-content\/uploads\/2020\/12\/IMG_8416.jpg 800w, https:\/\/jorgezanoni.com.br\/2019\/wp-content\/uploads\/2020\/12\/IMG_8416-300x200.jpg 300w, https:\/\/jorgezanoni.com.br\/2019\/wp-content\/uploads\/2020\/12\/IMG_8416-768x511.jpg 768w, https:\/\/jorgezanoni.com.br\/2019\/wp-content\/uploads\/2020\/12\/IMG_8416-696x463.jpg 696w, https:\/\/jorgezanoni.com.br\/2019\/wp-content\/uploads\/2020\/12\/IMG_8416-632x420.jpg 632w\" sizes=\"auto, (max-width: 800px) 100vw, 800px\" \/><\/p>\n<p>Fonte: Com. Social Pol\u00edcia Militar<\/p>\n<p>Fotos: Jorge Zanoni<\/p>\n","protected":false},"excerpt":{"rendered":"<p>FUNCION\u00c1RIO DA PREFEITURA DE DRACENA LOCALIZA HOMEM J\u00c1 EM \u00d3BITO. Na manha de hoje (01\/12), por volta das 08h30min, um funcion\u00e1rio da Prefeitura de Dracena\/SP, ao chegar para trabalhar na instala\u00e7\u00e3o da \u201cCasinha do Papai Noel\u201d, pela Pra\u00e7a Arthur Pagnozzi, localizou uma pessoa do sexo masculino, no interior da casinha deitado e im\u00f3vel. Com a [&hellip;]<\/p>\n","protected":false},"author":1,"featured_media":39529,"comment_status":"closed","ping_status":"open","sticky":false,"template":"","format":"standard","meta":{"footnotes":""},"categories":[110,2],"tags":[],"class_list":["post-39526","post","type-post","status-publish","format-standard","has-post-thumbnail","hentry","category-noticiasdestaque","category-policial"],"_links":{"self":[{"href":"https:\/\/jorgezanoni.com.br\/2019\/wp-json\/wp\/v2\/posts\/39526","targetHints":{"allow":["GET"]}}],"collection":[{"href":"https:\/\/jorgezanoni.com.br\/2019\/wp-json\/wp\/v2\/posts"}],"about":[{"href":"https:\/\/jorgezanoni.com.br\/2019\/wp-json\/wp\/v2\/types\/post"}],"author":[{"embeddable":true,"href":"https:\/\/jorgezanoni.com.br\/2019\/wp-json\/wp\/v2\/users\/1"}],"replies":[{"embeddable":true,"href":"https:\/\/jorgezanoni.com.br\/2019\/wp-json\/wp\/v2\/comments?post=39526"}],"version-history":[{"count":0,"href":"https:\/\/jorgezanoni.com.br\/2019\/wp-json\/wp\/v2\/posts\/39526\/revisions"}],"wp:featuredmedia":[{"embeddable":true,"href":"https:\/\/jorgezanoni.com.br\/2019\/wp-json\/wp\/v2\/media\/39529"}],"wp:attachment":[{"href":"https:\/\/jorgezanoni.com.br\/2019\/wp-json\/wp\/v2\/media?parent=39526"}],"wp:term":[{"taxonomy":"category","embeddable":true,"href":"https:\/\/jorgezanoni.com.br\/2019\/wp-json\/wp\/v2\/categories?post=39526"},{"taxonomy":"post_tag","embeddable":true,"href":"https:\/\/jorgezanoni.com.br\/2019\/wp-json\/wp\/v2\/tags?post=39526"}],"curies":[{"name":"wp","href":"https:\/\/api.w.org\/{rel}","templated":true}]}}