{"id":39521,"date":"2020-12-01T02:24:44","date_gmt":"2020-12-01T02:24:44","guid":{"rendered":"https:\/\/jorgezanoni.com.br\/2019\/?p=39521"},"modified":"2020-12-01T02:24:44","modified_gmt":"2020-12-01T02:24:44","slug":"acidente-entre-duas-motocicletas-deixa-mulher-ferida-em-dracena","status":"publish","type":"post","link":"https:\/\/jorgezanoni.com.br\/2019\/acidente-entre-duas-motocicletas-deixa-mulher-ferida-em-dracena\/","title":{"rendered":"Acidente entre duas Motocicletas deixa mulher ferida em Dracena"},"content":{"rendered":"<p><strong>Mulher n\u00e3o teria observado Motocicleta que vinha na preferencial.<\/strong><\/p>\n<p style=\"text-align: justify;\">No in\u00edcio da manh\u00e3 desta segunda-feira (30), foi registrado um acidente entre duas Motocicletas placas de Dracena.<\/p>\n<p style=\"text-align: justify;\">Segundo informa\u00e7\u00f5es obtidas no local pela reportagem do Site Jorge Zanoni, um Motociclista de 28 anos fazia o sentido \u00fanico bairro-centro pela Avenida Presidente Roosevelt, quando uma mulher de 55 anos com outra Moto que fazia o sentido Rodovia a antiga Ferrovia pela S\u00e3o Paulo cruzou a sua frente, n\u00e3o havendo tempo para frear.<\/p>\n<p style=\"text-align: justify;\">Com o impacto os dois pilotos cairam ao solo sendo que o rapaz nada sofreu, j\u00e1 a mulher foi socorrida por uma Unidade de Resgate do Corpo de Bombeiros ao Pronto Atendimento Municipal<\/p>\n<p style=\"text-align: justify;\">A Pol\u00edcia Militar e Pol\u00edcia T\u00e9cnica compareceram ao local para as provid\u00eancias necess\u00e1rias.<\/p>\n<p><img loading=\"lazy\" decoding=\"async\" class=\"alignnone size-full wp-image-39523\" src=\"https:\/\/jorgezanoni.com.br\/2019\/wp-content\/uploads\/2020\/12\/IMG_8255-2.jpg\" alt=\"\" width=\"659\" height=\"438\" srcset=\"https:\/\/jorgezanoni.com.br\/2019\/wp-content\/uploads\/2020\/12\/IMG_8255-2.jpg 659w, https:\/\/jorgezanoni.com.br\/2019\/wp-content\/uploads\/2020\/12\/IMG_8255-2-300x199.jpg 300w, https:\/\/jorgezanoni.com.br\/2019\/wp-content\/uploads\/2020\/12\/IMG_8255-2-632x420.jpg 632w\" sizes=\"auto, (max-width: 659px) 100vw, 659px\" \/> <img loading=\"lazy\" decoding=\"async\" class=\"alignnone size-full wp-image-39524\" src=\"https:\/\/jorgezanoni.com.br\/2019\/wp-content\/uploads\/2020\/12\/IMG_8256-2.jpg\" alt=\"\" width=\"779\" height=\"436\" srcset=\"https:\/\/jorgezanoni.com.br\/2019\/wp-content\/uploads\/2020\/12\/IMG_8256-2.jpg 779w, https:\/\/jorgezanoni.com.br\/2019\/wp-content\/uploads\/2020\/12\/IMG_8256-2-300x168.jpg 300w, https:\/\/jorgezanoni.com.br\/2019\/wp-content\/uploads\/2020\/12\/IMG_8256-2-768x430.jpg 768w, https:\/\/jorgezanoni.com.br\/2019\/wp-content\/uploads\/2020\/12\/IMG_8256-2-696x390.jpg 696w, https:\/\/jorgezanoni.com.br\/2019\/wp-content\/uploads\/2020\/12\/IMG_8256-2-750x420.jpg 750w\" sizes=\"auto, (max-width: 779px) 100vw, 779px\" \/><\/p>\n<p style=\"text-align: justify;\">Jorge Zanoni<\/p>\n","protected":false},"excerpt":{"rendered":"<p>Mulher n\u00e3o teria observado Motocicleta que vinha na preferencial. No in\u00edcio da manh\u00e3 desta segunda-feira (30), foi registrado um acidente entre duas Motocicletas placas de Dracena. Segundo informa\u00e7\u00f5es obtidas no local pela reportagem do Site Jorge Zanoni, um Motociclista de 28 anos fazia o sentido \u00fanico bairro-centro pela Avenida Presidente Roosevelt, quando uma mulher de [&hellip;]<\/p>\n","protected":false},"author":1,"featured_media":39522,"comment_status":"closed","ping_status":"open","sticky":false,"template":"","format":"standard","meta":{"footnotes":""},"categories":[170,110],"tags":[],"class_list":["post-39521","post","type-post","status-publish","format-standard","has-post-thumbnail","hentry","category-acidentes","category-noticiasdestaque"],"_links":{"self":[{"href":"https:\/\/jorgezanoni.com.br\/2019\/wp-json\/wp\/v2\/posts\/39521","targetHints":{"allow":["GET"]}}],"collection":[{"href":"https:\/\/jorgezanoni.com.br\/2019\/wp-json\/wp\/v2\/posts"}],"about":[{"href":"https:\/\/jorgezanoni.com.br\/2019\/wp-json\/wp\/v2\/types\/post"}],"author":[{"embeddable":true,"href":"https:\/\/jorgezanoni.com.br\/2019\/wp-json\/wp\/v2\/users\/1"}],"replies":[{"embeddable":true,"href":"https:\/\/jorgezanoni.com.br\/2019\/wp-json\/wp\/v2\/comments?post=39521"}],"version-history":[{"count":0,"href":"https:\/\/jorgezanoni.com.br\/2019\/wp-json\/wp\/v2\/posts\/39521\/revisions"}],"wp:featuredmedia":[{"embeddable":true,"href":"https:\/\/jorgezanoni.com.br\/2019\/wp-json\/wp\/v2\/media\/39522"}],"wp:attachment":[{"href":"https:\/\/jorgezanoni.com.br\/2019\/wp-json\/wp\/v2\/media?parent=39521"}],"wp:term":[{"taxonomy":"category","embeddable":true,"href":"https:\/\/jorgezanoni.com.br\/2019\/wp-json\/wp\/v2\/categories?post=39521"},{"taxonomy":"post_tag","embeddable":true,"href":"https:\/\/jorgezanoni.com.br\/2019\/wp-json\/wp\/v2\/tags?post=39521"}],"curies":[{"name":"wp","href":"https:\/\/api.w.org\/{rel}","templated":true}]}}