{"id":39511,"date":"2020-12-01T01:54:29","date_gmt":"2020-12-01T01:54:29","guid":{"rendered":"https:\/\/jorgezanoni.com.br\/2019\/?p=39511"},"modified":"2020-12-01T02:15:44","modified_gmt":"2020-12-01T02:15:44","slug":"capotamento-deixa-pedreiro-de-61-anos-ferido-e-carro-destruido-na-sp-294","status":"publish","type":"post","link":"https:\/\/jorgezanoni.com.br\/2019\/capotamento-deixa-pedreiro-de-61-anos-ferido-e-carro-destruido-na-sp-294\/","title":{"rendered":"Capotamento deixa pedreiro de 61 anos ferido e carro destru\u00eddo na SP-294"},"content":{"rendered":"<p style=\"text-align: justify;\">Um pedreiro de 61 anos de idade ficou ferido em decorr\u00eancia de um acidente ocorrido por volta das 18h59 desta segunda-feira (30), na Rodovia Comandante Jo\u00e3o Ribeiro de Barros (SP-294) em Fl\u00f3rida Paulista.<\/p>\n<p style=\"text-align: justify;\">A equipe de reportagem do jornal e site Folha Regional esteve no local e acompanhou a ocorr\u00eancia.<\/p>\n<p style=\"text-align: justify;\">Segundo informa\u00e7\u00f5es da Pol\u00edcia Rodovi\u00e1ria \u2013 Base Operacional de Adamantina, o homem trafegava com uma pick-up Corsa carregada com equipamentos de trabalho no sentido Fl\u00f3rida Paulista\/Pacaembu e voltava para sua resid\u00eancia localizada pr\u00f3ximo ao Distrito de Alto \u00cdris, quando ao atingir o km 609+800 metros, teria passado mal e perdeu o controle do ve\u00edculo.<\/p>\n<p style=\"text-align: justify;\">Ele capotou por diversas vezes, ultrapassou sem tocar o guard-rail (barreira de prote\u00e7\u00e3o) e parou com o ve\u00edculo de rodas para o ar em um buraco em meio \u00e1 vegeta\u00e7\u00e3o. O local era de dif\u00edcil acesso e dificilmente seria localizado o carro acidentado se n\u00e3o fosse por um motorista que seguia logo atr\u00e1s e que viu o acidente<\/p>\n<p style=\"text-align: justify;\">Equipes do Corpo de Bombeiros e o resgate da concession\u00e1ria que administra a rodovia atenderam a ocorr\u00eancia, retiraram a v\u00edtima que ficou presa no interior do ve\u00edculo e a conduziram para o Pronto Socorro da Santa Casa de Adamantina.<\/p>\n<p style=\"text-align: justify;\">No momento do socorro ele estava consciente e queixava-se de dores na cabe\u00e7a e costas.<\/p>\n<p style=\"text-align: justify;\">A Pol\u00edcia Militar Rodovi\u00e1ria elaborou boletim de ocorr\u00eancia e coletou de dados deste acidente.<\/p>\n<p style=\"text-align: justify;\"><img loading=\"lazy\" decoding=\"async\" class=\"alignnone size-full wp-image-39514\" src=\"https:\/\/jorgezanoni.com.br\/2019\/wp-content\/uploads\/2020\/12\/capo.jpg\" alt=\"\" width=\"768\" height=\"510\" srcset=\"https:\/\/jorgezanoni.com.br\/2019\/wp-content\/uploads\/2020\/12\/capo.jpg 768w, https:\/\/jorgezanoni.com.br\/2019\/wp-content\/uploads\/2020\/12\/capo-300x199.jpg 300w, https:\/\/jorgezanoni.com.br\/2019\/wp-content\/uploads\/2020\/12\/capo-696x462.jpg 696w, https:\/\/jorgezanoni.com.br\/2019\/wp-content\/uploads\/2020\/12\/capo-632x420.jpg 632w\" sizes=\"auto, (max-width: 768px) 100vw, 768px\" \/> <img loading=\"lazy\" decoding=\"async\" class=\"alignnone size-full wp-image-39515\" src=\"https:\/\/jorgezanoni.com.br\/2019\/wp-content\/uploads\/2020\/12\/capo1.jpg\" alt=\"\" width=\"768\" height=\"510\" srcset=\"https:\/\/jorgezanoni.com.br\/2019\/wp-content\/uploads\/2020\/12\/capo1.jpg 768w, https:\/\/jorgezanoni.com.br\/2019\/wp-content\/uploads\/2020\/12\/capo1-300x199.jpg 300w, https:\/\/jorgezanoni.com.br\/2019\/wp-content\/uploads\/2020\/12\/capo1-696x462.jpg 696w, https:\/\/jorgezanoni.com.br\/2019\/wp-content\/uploads\/2020\/12\/capo1-632x420.jpg 632w\" sizes=\"auto, (max-width: 768px) 100vw, 768px\" \/> <img loading=\"lazy\" decoding=\"async\" class=\"alignnone size-full wp-image-39516\" src=\"https:\/\/jorgezanoni.com.br\/2019\/wp-content\/uploads\/2020\/12\/capo2.jpg\" alt=\"\" width=\"768\" height=\"510\" srcset=\"https:\/\/jorgezanoni.com.br\/2019\/wp-content\/uploads\/2020\/12\/capo2.jpg 768w, https:\/\/jorgezanoni.com.br\/2019\/wp-content\/uploads\/2020\/12\/capo2-300x199.jpg 300w, https:\/\/jorgezanoni.com.br\/2019\/wp-content\/uploads\/2020\/12\/capo2-696x462.jpg 696w, https:\/\/jorgezanoni.com.br\/2019\/wp-content\/uploads\/2020\/12\/capo2-632x420.jpg 632w\" sizes=\"auto, (max-width: 768px) 100vw, 768px\" \/> <img loading=\"lazy\" decoding=\"async\" class=\"alignnone size-full wp-image-39517\" src=\"https:\/\/jorgezanoni.com.br\/2019\/wp-content\/uploads\/2020\/12\/capo3.jpg\" alt=\"\" width=\"768\" height=\"510\" srcset=\"https:\/\/jorgezanoni.com.br\/2019\/wp-content\/uploads\/2020\/12\/capo3.jpg 768w, https:\/\/jorgezanoni.com.br\/2019\/wp-content\/uploads\/2020\/12\/capo3-300x199.jpg 300w, https:\/\/jorgezanoni.com.br\/2019\/wp-content\/uploads\/2020\/12\/capo3-696x462.jpg 696w, https:\/\/jorgezanoni.com.br\/2019\/wp-content\/uploads\/2020\/12\/capo3-632x420.jpg 632w\" sizes=\"auto, (max-width: 768px) 100vw, 768px\" \/> <img loading=\"lazy\" decoding=\"async\" class=\"alignnone size-full wp-image-39518\" src=\"https:\/\/jorgezanoni.com.br\/2019\/wp-content\/uploads\/2020\/12\/capo4.jpg\" alt=\"\" width=\"768\" height=\"510\" srcset=\"https:\/\/jorgezanoni.com.br\/2019\/wp-content\/uploads\/2020\/12\/capo4.jpg 768w, https:\/\/jorgezanoni.com.br\/2019\/wp-content\/uploads\/2020\/12\/capo4-300x199.jpg 300w, https:\/\/jorgezanoni.com.br\/2019\/wp-content\/uploads\/2020\/12\/capo4-696x462.jpg 696w, https:\/\/jorgezanoni.com.br\/2019\/wp-content\/uploads\/2020\/12\/capo4-632x420.jpg 632w\" sizes=\"auto, (max-width: 768px) 100vw, 768px\" \/><\/p>\n<p>Fotos V\u00eddeo: Diego Fernandes<\/p>\n<p style=\"text-align: justify;\">Fonte: https:\/\/ifolharegional.com.br\/2020\/11\/30\/florida-capotamento-deixa-pedreiro-de-61-anos-ferido-e-carro-destruido-na-sp-294\/<\/p>\n<p>&nbsp;<\/p>\n","protected":false},"excerpt":{"rendered":"<p>Um pedreiro de 61 anos de idade ficou ferido em decorr\u00eancia de um acidente ocorrido por volta das 18h59 desta segunda-feira (30), na Rodovia Comandante Jo\u00e3o Ribeiro de Barros (SP-294) em Fl\u00f3rida Paulista. A equipe de reportagem do jornal e site Folha Regional esteve no local e acompanhou a ocorr\u00eancia. Segundo informa\u00e7\u00f5es da Pol\u00edcia Rodovi\u00e1ria [&hellip;]<\/p>\n","protected":false},"author":1,"featured_media":39512,"comment_status":"closed","ping_status":"open","sticky":false,"template":"","format":"standard","meta":{"footnotes":""},"categories":[170,110],"tags":[],"class_list":["post-39511","post","type-post","status-publish","format-standard","has-post-thumbnail","hentry","category-acidentes","category-noticiasdestaque"],"_links":{"self":[{"href":"https:\/\/jorgezanoni.com.br\/2019\/wp-json\/wp\/v2\/posts\/39511","targetHints":{"allow":["GET"]}}],"collection":[{"href":"https:\/\/jorgezanoni.com.br\/2019\/wp-json\/wp\/v2\/posts"}],"about":[{"href":"https:\/\/jorgezanoni.com.br\/2019\/wp-json\/wp\/v2\/types\/post"}],"author":[{"embeddable":true,"href":"https:\/\/jorgezanoni.com.br\/2019\/wp-json\/wp\/v2\/users\/1"}],"replies":[{"embeddable":true,"href":"https:\/\/jorgezanoni.com.br\/2019\/wp-json\/wp\/v2\/comments?post=39511"}],"version-history":[{"count":0,"href":"https:\/\/jorgezanoni.com.br\/2019\/wp-json\/wp\/v2\/posts\/39511\/revisions"}],"wp:featuredmedia":[{"embeddable":true,"href":"https:\/\/jorgezanoni.com.br\/2019\/wp-json\/wp\/v2\/media\/39512"}],"wp:attachment":[{"href":"https:\/\/jorgezanoni.com.br\/2019\/wp-json\/wp\/v2\/media?parent=39511"}],"wp:term":[{"taxonomy":"category","embeddable":true,"href":"https:\/\/jorgezanoni.com.br\/2019\/wp-json\/wp\/v2\/categories?post=39511"},{"taxonomy":"post_tag","embeddable":true,"href":"https:\/\/jorgezanoni.com.br\/2019\/wp-json\/wp\/v2\/tags?post=39511"}],"curies":[{"name":"wp","href":"https:\/\/api.w.org\/{rel}","templated":true}]}}