{"id":39495,"date":"2020-11-30T22:01:26","date_gmt":"2020-11-30T22:01:26","guid":{"rendered":"https:\/\/jorgezanoni.com.br\/2019\/?p=39495"},"modified":"2020-11-30T22:01:26","modified_gmt":"2020-11-30T22:01:26","slug":"calopsita-voou-sexta-feira-e-esta-desaparecida","status":"publish","type":"post","link":"https:\/\/jorgezanoni.com.br\/2019\/calopsita-voou-sexta-feira-e-esta-desaparecida\/","title":{"rendered":"Calopsita voou sexta-feira e est\u00e1 desaparecida"},"content":{"rendered":"<p style=\"text-align: justify;\">Uma Calopsita (foto) voou sexta feira dia 26 e est\u00e1 desaparecida. Foi nas proximidades do do Buffet Imagina\u00e7\u00e3o, da Escola 9 de julho.<\/p>\n<p style=\"text-align: justify;\">Crian\u00e7a est\u00e1 desesperada. Se algu\u00e9m tiver alguma informa\u00e7\u00e3o, favor entrar em contato atrav\u00e9s do Cel. 99646-9543<\/p>\n<p><img loading=\"lazy\" decoding=\"async\" class=\"alignnone size-full wp-image-39496\" src=\"https:\/\/jorgezanoni.com.br\/2019\/wp-content\/uploads\/2020\/11\/calo.jpg\" alt=\"\" width=\"962\" height=\"1280\" srcset=\"https:\/\/jorgezanoni.com.br\/2019\/wp-content\/uploads\/2020\/11\/calo.jpg 962w, https:\/\/jorgezanoni.com.br\/2019\/wp-content\/uploads\/2020\/11\/calo-225x300.jpg 225w, https:\/\/jorgezanoni.com.br\/2019\/wp-content\/uploads\/2020\/11\/calo-770x1024.jpg 770w, https:\/\/jorgezanoni.com.br\/2019\/wp-content\/uploads\/2020\/11\/calo-768x1022.jpg 768w, https:\/\/jorgezanoni.com.br\/2019\/wp-content\/uploads\/2020\/11\/calo-696x926.jpg 696w, https:\/\/jorgezanoni.com.br\/2019\/wp-content\/uploads\/2020\/11\/calo-316x420.jpg 316w\" sizes=\"auto, (max-width: 962px) 100vw, 962px\" \/> <img loading=\"lazy\" decoding=\"async\" class=\"alignnone size-full wp-image-39497\" src=\"https:\/\/jorgezanoni.com.br\/2019\/wp-content\/uploads\/2020\/11\/calo1.jpg\" alt=\"\" width=\"720\" height=\"1280\" srcset=\"https:\/\/jorgezanoni.com.br\/2019\/wp-content\/uploads\/2020\/11\/calo1.jpg 720w, https:\/\/jorgezanoni.com.br\/2019\/wp-content\/uploads\/2020\/11\/calo1-169x300.jpg 169w, https:\/\/jorgezanoni.com.br\/2019\/wp-content\/uploads\/2020\/11\/calo1-576x1024.jpg 576w, https:\/\/jorgezanoni.com.br\/2019\/wp-content\/uploads\/2020\/11\/calo1-696x1237.jpg 696w, https:\/\/jorgezanoni.com.br\/2019\/wp-content\/uploads\/2020\/11\/calo1-236x420.jpg 236w\" sizes=\"auto, (max-width: 720px) 100vw, 720px\" \/><\/p>\n","protected":false},"excerpt":{"rendered":"<p>Uma Calopsita (foto) voou sexta feira dia 26 e est\u00e1 desaparecida. Foi nas proximidades do do Buffet Imagina\u00e7\u00e3o, da Escola 9 de julho. Crian\u00e7a est\u00e1 desesperada. Se algu\u00e9m tiver alguma informa\u00e7\u00e3o, favor entrar em contato atrav\u00e9s do Cel. 99646-9543<\/p>\n","protected":false},"author":1,"featured_media":39498,"comment_status":"closed","ping_status":"open","sticky":false,"template":"","format":"standard","meta":{"footnotes":""},"categories":[182],"tags":[],"class_list":["post-39495","post","type-post","status-publish","format-standard","has-post-thumbnail","hentry","category-classificadosachadoseperdidos"],"_links":{"self":[{"href":"https:\/\/jorgezanoni.com.br\/2019\/wp-json\/wp\/v2\/posts\/39495","targetHints":{"allow":["GET"]}}],"collection":[{"href":"https:\/\/jorgezanoni.com.br\/2019\/wp-json\/wp\/v2\/posts"}],"about":[{"href":"https:\/\/jorgezanoni.com.br\/2019\/wp-json\/wp\/v2\/types\/post"}],"author":[{"embeddable":true,"href":"https:\/\/jorgezanoni.com.br\/2019\/wp-json\/wp\/v2\/users\/1"}],"replies":[{"embeddable":true,"href":"https:\/\/jorgezanoni.com.br\/2019\/wp-json\/wp\/v2\/comments?post=39495"}],"version-history":[{"count":0,"href":"https:\/\/jorgezanoni.com.br\/2019\/wp-json\/wp\/v2\/posts\/39495\/revisions"}],"wp:featuredmedia":[{"embeddable":true,"href":"https:\/\/jorgezanoni.com.br\/2019\/wp-json\/wp\/v2\/media\/39498"}],"wp:attachment":[{"href":"https:\/\/jorgezanoni.com.br\/2019\/wp-json\/wp\/v2\/media?parent=39495"}],"wp:term":[{"taxonomy":"category","embeddable":true,"href":"https:\/\/jorgezanoni.com.br\/2019\/wp-json\/wp\/v2\/categories?post=39495"},{"taxonomy":"post_tag","embeddable":true,"href":"https:\/\/jorgezanoni.com.br\/2019\/wp-json\/wp\/v2\/tags?post=39495"}],"curies":[{"name":"wp","href":"https:\/\/api.w.org\/{rel}","templated":true}]}}