{"id":39437,"date":"2020-11-28T19:30:16","date_gmt":"2020-11-28T19:30:16","guid":{"rendered":"https:\/\/jorgezanoni.com.br\/2019\/?p=39437"},"modified":"2020-11-28T19:31:55","modified_gmt":"2020-11-28T19:31:55","slug":"conselho-de-pastores-fez-oracao-pelos-profissionais-da-saude-em-frente-a-santa-casa-de-dracena","status":"publish","type":"post","link":"https:\/\/jorgezanoni.com.br\/2019\/conselho-de-pastores-fez-oracao-pelos-profissionais-da-saude-em-frente-a-santa-casa-de-dracena\/","title":{"rendered":"Conselho de Pastores fez ora\u00e7\u00e3o pelos profissionais da Sa\u00fade em frente a Santa Casa de Dracena"},"content":{"rendered":"<p style=\"text-align: justify;\">Nesta manh\u00e3 o Conselho de Pastores esteve mais uma vez intercedendo pelos profissionais de sa\u00fade, pela Santa Casa em Dracena e por todos que estavam internados.<\/p>\n<p style=\"text-align: justify;\">Veja V\u00eddeo no Link: https:\/\/www.facebook.com\/tabernaculo.dracena<\/p>\n","protected":false},"excerpt":{"rendered":"<p>Nesta manh\u00e3 o Conselho de Pastores esteve mais uma vez intercedendo pelos profissionais de sa\u00fade, pela Santa Casa em Dracena e por todos que estavam internados. Veja V\u00eddeo no Link: https:\/\/www.facebook.com\/tabernaculo.dracena<\/p>\n","protected":false},"author":1,"featured_media":39438,"comment_status":"closed","ping_status":"open","sticky":false,"template":"","format":"standard","meta":{"footnotes":""},"categories":[118],"tags":[],"class_list":["post-39437","post","type-post","status-publish","format-standard","has-post-thumbnail","hentry","category-religiaoesolidariedade"],"_links":{"self":[{"href":"https:\/\/jorgezanoni.com.br\/2019\/wp-json\/wp\/v2\/posts\/39437","targetHints":{"allow":["GET"]}}],"collection":[{"href":"https:\/\/jorgezanoni.com.br\/2019\/wp-json\/wp\/v2\/posts"}],"about":[{"href":"https:\/\/jorgezanoni.com.br\/2019\/wp-json\/wp\/v2\/types\/post"}],"author":[{"embeddable":true,"href":"https:\/\/jorgezanoni.com.br\/2019\/wp-json\/wp\/v2\/users\/1"}],"replies":[{"embeddable":true,"href":"https:\/\/jorgezanoni.com.br\/2019\/wp-json\/wp\/v2\/comments?post=39437"}],"version-history":[{"count":0,"href":"https:\/\/jorgezanoni.com.br\/2019\/wp-json\/wp\/v2\/posts\/39437\/revisions"}],"wp:featuredmedia":[{"embeddable":true,"href":"https:\/\/jorgezanoni.com.br\/2019\/wp-json\/wp\/v2\/media\/39438"}],"wp:attachment":[{"href":"https:\/\/jorgezanoni.com.br\/2019\/wp-json\/wp\/v2\/media?parent=39437"}],"wp:term":[{"taxonomy":"category","embeddable":true,"href":"https:\/\/jorgezanoni.com.br\/2019\/wp-json\/wp\/v2\/categories?post=39437"},{"taxonomy":"post_tag","embeddable":true,"href":"https:\/\/jorgezanoni.com.br\/2019\/wp-json\/wp\/v2\/tags?post=39437"}],"curies":[{"name":"wp","href":"https:\/\/api.w.org\/{rel}","templated":true}]}}