{"id":3940,"date":"2019-08-15T19:03:04","date_gmt":"2019-08-15T19:03:04","guid":{"rendered":"https:\/\/jorgezanoni.com.br\/2019\/?p=3940"},"modified":"2019-08-15T19:03:04","modified_gmt":"2019-08-15T19:03:04","slug":"quinta-feira-com-registro-de-pelo-menos-tres-acidentes-envolvendo-motos-em-dracena","status":"publish","type":"post","link":"https:\/\/jorgezanoni.com.br\/2019\/quinta-feira-com-registro-de-pelo-menos-tres-acidentes-envolvendo-motos-em-dracena\/","title":{"rendered":"Quinta-feira com registro de pelo menos tr\u00eas acidentes envolvendo motos em Dracena"},"content":{"rendered":"<p><strong>O per\u00edodo da manh\u00e3 desta quinta-feira foi marcado por acidentes em Dracena envolvendo motocicletas em tr\u00eas deles.<img loading=\"lazy\" decoding=\"async\" class=\"alignnone size-full wp-image-3941\" src=\"https:\/\/jorgezanoni.com.br\/2019\/wp-content\/uploads\/2019\/08\/IMG_7722.jpg\" alt=\"\" width=\"900\" height=\"599\" srcset=\"https:\/\/jorgezanoni.com.br\/2019\/wp-content\/uploads\/2019\/08\/IMG_7722.jpg 900w, https:\/\/jorgezanoni.com.br\/2019\/wp-content\/uploads\/2019\/08\/IMG_7722-300x200.jpg 300w, https:\/\/jorgezanoni.com.br\/2019\/wp-content\/uploads\/2019\/08\/IMG_7722-768x511.jpg 768w, https:\/\/jorgezanoni.com.br\/2019\/wp-content\/uploads\/2019\/08\/IMG_7722-696x463.jpg 696w, https:\/\/jorgezanoni.com.br\/2019\/wp-content\/uploads\/2019\/08\/IMG_7722-631x420.jpg 631w\" sizes=\"auto, (max-width: 900px) 100vw, 900px\" \/><\/strong><\/p>\n<p style=\"text-align: justify;\">O primeiro acidente foi por volta de 09:00 Horas na esquina da avenida Presidente Roosevelt com a rua Leordino Silva Costa bateram um Corsa placas de Tupi Paulista dirigido por um idoso de 78 anos e uma Motocicleta placas de Santo Anast\u00e1cio, pilotada por um rapaz de 23 anos.<\/p>\n<p><img loading=\"lazy\" decoding=\"async\" class=\"alignnone size-full wp-image-3942\" src=\"https:\/\/jorgezanoni.com.br\/2019\/wp-content\/uploads\/2019\/08\/IMG_7723.jpg\" alt=\"\" width=\"900\" height=\"599\" srcset=\"https:\/\/jorgezanoni.com.br\/2019\/wp-content\/uploads\/2019\/08\/IMG_7723.jpg 900w, https:\/\/jorgezanoni.com.br\/2019\/wp-content\/uploads\/2019\/08\/IMG_7723-300x200.jpg 300w, https:\/\/jorgezanoni.com.br\/2019\/wp-content\/uploads\/2019\/08\/IMG_7723-768x511.jpg 768w, https:\/\/jorgezanoni.com.br\/2019\/wp-content\/uploads\/2019\/08\/IMG_7723-696x463.jpg 696w, https:\/\/jorgezanoni.com.br\/2019\/wp-content\/uploads\/2019\/08\/IMG_7723-631x420.jpg 631w\" sizes=\"auto, (max-width: 900px) 100vw, 900px\" \/> <img loading=\"lazy\" decoding=\"async\" class=\"alignnone size-full wp-image-3943\" src=\"https:\/\/jorgezanoni.com.br\/2019\/wp-content\/uploads\/2019\/08\/IMG_7724.jpg\" alt=\"\" width=\"900\" height=\"599\" srcset=\"https:\/\/jorgezanoni.com.br\/2019\/wp-content\/uploads\/2019\/08\/IMG_7724.jpg 900w, https:\/\/jorgezanoni.com.br\/2019\/wp-content\/uploads\/2019\/08\/IMG_7724-300x200.jpg 300w, https:\/\/jorgezanoni.com.br\/2019\/wp-content\/uploads\/2019\/08\/IMG_7724-768x511.jpg 768w, https:\/\/jorgezanoni.com.br\/2019\/wp-content\/uploads\/2019\/08\/IMG_7724-696x463.jpg 696w, https:\/\/jorgezanoni.com.br\/2019\/wp-content\/uploads\/2019\/08\/IMG_7724-631x420.jpg 631w\" sizes=\"auto, (max-width: 900px) 100vw, 900px\" \/> <img loading=\"lazy\" decoding=\"async\" class=\"alignnone size-full wp-image-3944\" src=\"https:\/\/jorgezanoni.com.br\/2019\/wp-content\/uploads\/2019\/08\/IMG_7725.jpg\" alt=\"\" width=\"900\" height=\"599\" srcset=\"https:\/\/jorgezanoni.com.br\/2019\/wp-content\/uploads\/2019\/08\/IMG_7725.jpg 900w, https:\/\/jorgezanoni.com.br\/2019\/wp-content\/uploads\/2019\/08\/IMG_7725-300x200.jpg 300w, https:\/\/jorgezanoni.com.br\/2019\/wp-content\/uploads\/2019\/08\/IMG_7725-768x511.jpg 768w, https:\/\/jorgezanoni.com.br\/2019\/wp-content\/uploads\/2019\/08\/IMG_7725-696x463.jpg 696w, https:\/\/jorgezanoni.com.br\/2019\/wp-content\/uploads\/2019\/08\/IMG_7725-631x420.jpg 631w\" sizes=\"auto, (max-width: 900px) 100vw, 900px\" \/><\/p>\n<p style=\"text-align: justify;\">Segundo informa\u00e7\u00f5es obtidas no local pela reportagem do Site JZ o Corsa adentrou a avenida virando \u00e0 esquerda e a Moto fazia o sentido bairro-centro em m\u00e3o \u00fanica pela avenida que \u00e9 preferencial.\u00a0Ainda testemunhas informaram que a moto estava em velocidade incompat\u00edvel com o local.<\/p>\n<p><img loading=\"lazy\" decoding=\"async\" class=\"alignnone size-full wp-image-3945\" src=\"https:\/\/jorgezanoni.com.br\/2019\/wp-content\/uploads\/2019\/08\/IMG_7730.jpg\" alt=\"\" width=\"1351\" height=\"900\" srcset=\"https:\/\/jorgezanoni.com.br\/2019\/wp-content\/uploads\/2019\/08\/IMG_7730.jpg 1351w, https:\/\/jorgezanoni.com.br\/2019\/wp-content\/uploads\/2019\/08\/IMG_7730-300x200.jpg 300w, https:\/\/jorgezanoni.com.br\/2019\/wp-content\/uploads\/2019\/08\/IMG_7730-768x512.jpg 768w, https:\/\/jorgezanoni.com.br\/2019\/wp-content\/uploads\/2019\/08\/IMG_7730-1024x682.jpg 1024w, https:\/\/jorgezanoni.com.br\/2019\/wp-content\/uploads\/2019\/08\/IMG_7730-696x464.jpg 696w, https:\/\/jorgezanoni.com.br\/2019\/wp-content\/uploads\/2019\/08\/IMG_7730-1068x711.jpg 1068w, https:\/\/jorgezanoni.com.br\/2019\/wp-content\/uploads\/2019\/08\/IMG_7730-630x420.jpg 630w\" sizes=\"auto, (max-width: 1351px) 100vw, 1351px\" \/><\/p>\n<p style=\"text-align: justify;\">O segundo acidente registrado foi por volta de 10:15 Horas no jardim Brasil\u00e2ndia tamb\u00e9m envolvendo carro e moto. N\u00e3o temos imagens.<\/p>\n<p style=\"text-align: justify;\">J\u00e1 as 11:50 Horas um ve\u00edculo Jetta placas de Dracena dirigido por uma jovem de 25 anos, fazia o sentido bairro-centro no in\u00edcio da avenida Jos\u00e9 Bonif\u00e1cio quando atingiu uma motocicleta placa de Dracena, pilotada por um jovem de 23 anos, que cruzava \u00e0 sua frente pela rua Irradia\u00e7\u00e3o que \u00e9 via preferencial.<\/p>\n<p><img loading=\"lazy\" decoding=\"async\" class=\"alignnone size-full wp-image-3946\" src=\"https:\/\/jorgezanoni.com.br\/2019\/wp-content\/uploads\/2019\/08\/IMG_7732.jpg\" alt=\"\" width=\"900\" height=\"599\" srcset=\"https:\/\/jorgezanoni.com.br\/2019\/wp-content\/uploads\/2019\/08\/IMG_7732.jpg 900w, https:\/\/jorgezanoni.com.br\/2019\/wp-content\/uploads\/2019\/08\/IMG_7732-300x200.jpg 300w, https:\/\/jorgezanoni.com.br\/2019\/wp-content\/uploads\/2019\/08\/IMG_7732-768x511.jpg 768w, https:\/\/jorgezanoni.com.br\/2019\/wp-content\/uploads\/2019\/08\/IMG_7732-696x463.jpg 696w, https:\/\/jorgezanoni.com.br\/2019\/wp-content\/uploads\/2019\/08\/IMG_7732-631x420.jpg 631w\" sizes=\"auto, (max-width: 900px) 100vw, 900px\" \/> <img loading=\"lazy\" decoding=\"async\" class=\"alignnone size-full wp-image-3947\" src=\"https:\/\/jorgezanoni.com.br\/2019\/wp-content\/uploads\/2019\/08\/IMG_7734.jpg\" alt=\"\" width=\"900\" height=\"599\" srcset=\"https:\/\/jorgezanoni.com.br\/2019\/wp-content\/uploads\/2019\/08\/IMG_7734.jpg 900w, https:\/\/jorgezanoni.com.br\/2019\/wp-content\/uploads\/2019\/08\/IMG_7734-300x200.jpg 300w, https:\/\/jorgezanoni.com.br\/2019\/wp-content\/uploads\/2019\/08\/IMG_7734-768x511.jpg 768w, https:\/\/jorgezanoni.com.br\/2019\/wp-content\/uploads\/2019\/08\/IMG_7734-696x463.jpg 696w, https:\/\/jorgezanoni.com.br\/2019\/wp-content\/uploads\/2019\/08\/IMG_7734-631x420.jpg 631w\" sizes=\"auto, (max-width: 900px) 100vw, 900px\" \/><\/p>\n<p style=\"text-align: justify;\">H\u00e1 que se ressaltar que a rua Irradia\u00e7\u00e3o tem vis\u00e3o dificultada na vis\u00e3o dos motoristas ao cruzarem, devido ser muito estreita e ter constru\u00e7\u00f5es muito pr\u00f3ximas da esquina.<\/p>\n<p><img loading=\"lazy\" decoding=\"async\" class=\"alignnone size-full wp-image-3948\" src=\"https:\/\/jorgezanoni.com.br\/2019\/wp-content\/uploads\/2019\/08\/IMG_7735.jpg\" alt=\"\" width=\"900\" height=\"599\" srcset=\"https:\/\/jorgezanoni.com.br\/2019\/wp-content\/uploads\/2019\/08\/IMG_7735.jpg 900w, https:\/\/jorgezanoni.com.br\/2019\/wp-content\/uploads\/2019\/08\/IMG_7735-300x200.jpg 300w, https:\/\/jorgezanoni.com.br\/2019\/wp-content\/uploads\/2019\/08\/IMG_7735-768x511.jpg 768w, https:\/\/jorgezanoni.com.br\/2019\/wp-content\/uploads\/2019\/08\/IMG_7735-696x463.jpg 696w, https:\/\/jorgezanoni.com.br\/2019\/wp-content\/uploads\/2019\/08\/IMG_7735-631x420.jpg 631w\" sizes=\"auto, (max-width: 900px) 100vw, 900px\" \/> <img loading=\"lazy\" decoding=\"async\" class=\"alignnone size-full wp-image-3949\" src=\"https:\/\/jorgezanoni.com.br\/2019\/wp-content\/uploads\/2019\/08\/IMG_7736.jpg\" alt=\"\" width=\"900\" height=\"599\" srcset=\"https:\/\/jorgezanoni.com.br\/2019\/wp-content\/uploads\/2019\/08\/IMG_7736.jpg 900w, https:\/\/jorgezanoni.com.br\/2019\/wp-content\/uploads\/2019\/08\/IMG_7736-300x200.jpg 300w, https:\/\/jorgezanoni.com.br\/2019\/wp-content\/uploads\/2019\/08\/IMG_7736-768x511.jpg 768w, https:\/\/jorgezanoni.com.br\/2019\/wp-content\/uploads\/2019\/08\/IMG_7736-696x463.jpg 696w, https:\/\/jorgezanoni.com.br\/2019\/wp-content\/uploads\/2019\/08\/IMG_7736-631x420.jpg 631w\" sizes=\"auto, (max-width: 900px) 100vw, 900px\" \/><\/p>\n<p style=\"text-align: justify;\">Nos tr\u00eas casos os motociclistas levaram a pior, e acabaram sendo socorridos pena Unidade de Resgate do Corpo de Bombeiros, todos com ferimentos aparentemente leves. J\u00e1 os motoristas nada sofreram. A Pol\u00edcia Militar e T\u00e9cnica comparecem no local em todos os acidentes.<\/p>\n<p style=\"text-align: justify;\">Jorge Zanoni<\/p>\n<p style=\"text-align: justify;\">\n<p style=\"text-align: justify;\">\n","protected":false},"excerpt":{"rendered":"<p>O per\u00edodo da manh\u00e3 desta quinta-feira foi marcado por acidentes em Dracena envolvendo motocicletas em tr\u00eas deles. O primeiro acidente foi por volta de 09:00 Horas na esquina da avenida Presidente Roosevelt com a rua Leordino Silva Costa bateram um Corsa placas de Tupi Paulista dirigido por um idoso de 78 anos e uma Motocicleta [&hellip;]<\/p>\n","protected":false},"author":1,"featured_media":3950,"comment_status":"closed","ping_status":"open","sticky":false,"template":"","format":"standard","meta":{"footnotes":""},"categories":[170,110],"tags":[],"class_list":["post-3940","post","type-post","status-publish","format-standard","has-post-thumbnail","hentry","category-acidentes","category-noticiasdestaque"],"_links":{"self":[{"href":"https:\/\/jorgezanoni.com.br\/2019\/wp-json\/wp\/v2\/posts\/3940","targetHints":{"allow":["GET"]}}],"collection":[{"href":"https:\/\/jorgezanoni.com.br\/2019\/wp-json\/wp\/v2\/posts"}],"about":[{"href":"https:\/\/jorgezanoni.com.br\/2019\/wp-json\/wp\/v2\/types\/post"}],"author":[{"embeddable":true,"href":"https:\/\/jorgezanoni.com.br\/2019\/wp-json\/wp\/v2\/users\/1"}],"replies":[{"embeddable":true,"href":"https:\/\/jorgezanoni.com.br\/2019\/wp-json\/wp\/v2\/comments?post=3940"}],"version-history":[{"count":0,"href":"https:\/\/jorgezanoni.com.br\/2019\/wp-json\/wp\/v2\/posts\/3940\/revisions"}],"wp:featuredmedia":[{"embeddable":true,"href":"https:\/\/jorgezanoni.com.br\/2019\/wp-json\/wp\/v2\/media\/3950"}],"wp:attachment":[{"href":"https:\/\/jorgezanoni.com.br\/2019\/wp-json\/wp\/v2\/media?parent=3940"}],"wp:term":[{"taxonomy":"category","embeddable":true,"href":"https:\/\/jorgezanoni.com.br\/2019\/wp-json\/wp\/v2\/categories?post=3940"},{"taxonomy":"post_tag","embeddable":true,"href":"https:\/\/jorgezanoni.com.br\/2019\/wp-json\/wp\/v2\/tags?post=3940"}],"curies":[{"name":"wp","href":"https:\/\/api.w.org\/{rel}","templated":true}]}}