{"id":39391,"date":"2020-11-27T22:59:55","date_gmt":"2020-11-27T22:59:55","guid":{"rendered":"https:\/\/jorgezanoni.com.br\/2019\/?p=39391"},"modified":"2020-11-27T22:59:55","modified_gmt":"2020-11-27T22:59:55","slug":"policia-civil-recupera-veiculo-furtado-e-prende-suspeito-por-receptacao-em-panorama","status":"publish","type":"post","link":"https:\/\/jorgezanoni.com.br\/2019\/policia-civil-recupera-veiculo-furtado-e-prende-suspeito-por-receptacao-em-panorama\/","title":{"rendered":"Pol\u00edcia Civil recupera ve\u00edculo furtado e prende suspeito por recepta\u00e7\u00e3o em Panorama"},"content":{"rendered":"<p style=\"text-align: justify;\"><strong>O ve\u00edculo constava com registro de furto ocorrido no in\u00edcio do m\u00eas de novembro, na cidade de Biritiba Mirim.<\/strong><\/p>\n<p style=\"text-align: justify;\">A Pol\u00edcia Civil, por interm\u00e9dio da Delegacia de Pol\u00edcia de Panorama, recuperou nesta sexta-feira (27) um ve\u00edculo furtado e prendeu um homem, de 39 anos, suspeito de praticar os crimes de recepta\u00e7\u00e3o de ve\u00edculo e adultera\u00e7\u00e3o de sinal identificador.<\/p>\n<p style=\"text-align: justify;\">Agentes do Setor de Investiga\u00e7\u00e3o da Delegacia de Pol\u00edcia de Panorama, receberam informa\u00e7\u00e3o da Delegacia de Investiga\u00e7\u00f5es Gerais de Tup\u00e3-SP, de que o suspeito poderia estar hospedado em um hotel, no centro da cidade de Panorama. E que ele estaria de posse de um ve\u00edculo supostamente furtado.<\/p>\n<p style=\"text-align: justify;\">Diante da not\u00edcia, os policiais civis empreenderam dilig\u00eancia no local informado, sendo ent\u00e3o localizado o homem suspeito e um ve\u00edculo modelo Jeep\/Compass, ano 2019, que estava estacionado na garagem do estabelecimento hoteleiro.<\/p>\n<p style=\"text-align: justify;\">Durante os procedimentos de vistoria no ve\u00edculo foi constatado que o carro estava ostentando emplacamento da cidade de Varginhas\/MG, por\u00e9m ao ser verificado outros sinais identificadores veicular foi poss\u00edvel identificar, que na realidade o autom\u00f3vel era da cidade de Belo Horizonte\/MG, e que pertenceria a uma empresa de loca\u00e7\u00e3o de ve\u00edculos, tendo ainda um registro de furto datado, do dia 3 de novembro, na Delegacia de Pol\u00edcia de Biritiba Mirim-SP.<\/p>\n<p style=\"text-align: justify;\">O suspeito alegou ter adquirido o h\u00e1 pouco mais de um m\u00eas em uma cidade a pr\u00f3xima de Belo Horizonte\/MG, pelo valor de R$ 105 mil reais, por\u00e9m n\u00e3o apresentou qualquer documento comprobat\u00f3rio da negocia\u00e7\u00e3o.<\/p>\n<p style=\"text-align: justify;\">O suspeito foi preso e apresentado na Delegacia de Pol\u00edcia de Panorama, onde aguardar\u00e1 audi\u00eancia de custodia. O ve\u00edculo foi apreendido, ser\u00e1 encaminhado para per\u00edcia, e posteriormente entregue ao leg\u00edtimo propriet\u00e1rio.<\/p>\n<p style=\"text-align: justify;\">O homem j\u00e1 possu\u00eda antecedentes criminais pelas pr\u00e1ticas dos crimes estelionato, furto, falsifica\u00e7\u00e3o de documento particular e uso de documento falso. Podendo agora, responder tamb\u00e9m pelos crimes de recepta\u00e7\u00e3o de ve\u00edculo e adultera\u00e7\u00e3o de sinal identificador.<\/p>\n<p>Fonte: Com. Social Pol\u00edcia Civil<\/p>\n","protected":false},"excerpt":{"rendered":"<p>O ve\u00edculo constava com registro de furto ocorrido no in\u00edcio do m\u00eas de novembro, na cidade de Biritiba Mirim. A Pol\u00edcia Civil, por interm\u00e9dio da Delegacia de Pol\u00edcia de Panorama, recuperou nesta sexta-feira (27) um ve\u00edculo furtado e prendeu um homem, de 39 anos, suspeito de praticar os crimes de recepta\u00e7\u00e3o de ve\u00edculo e adultera\u00e7\u00e3o [&hellip;]<\/p>\n","protected":false},"author":1,"featured_media":39392,"comment_status":"closed","ping_status":"open","sticky":false,"template":"","format":"standard","meta":{"footnotes":""},"categories":[110,2],"tags":[],"class_list":["post-39391","post","type-post","status-publish","format-standard","has-post-thumbnail","hentry","category-noticiasdestaque","category-policial"],"_links":{"self":[{"href":"https:\/\/jorgezanoni.com.br\/2019\/wp-json\/wp\/v2\/posts\/39391","targetHints":{"allow":["GET"]}}],"collection":[{"href":"https:\/\/jorgezanoni.com.br\/2019\/wp-json\/wp\/v2\/posts"}],"about":[{"href":"https:\/\/jorgezanoni.com.br\/2019\/wp-json\/wp\/v2\/types\/post"}],"author":[{"embeddable":true,"href":"https:\/\/jorgezanoni.com.br\/2019\/wp-json\/wp\/v2\/users\/1"}],"replies":[{"embeddable":true,"href":"https:\/\/jorgezanoni.com.br\/2019\/wp-json\/wp\/v2\/comments?post=39391"}],"version-history":[{"count":0,"href":"https:\/\/jorgezanoni.com.br\/2019\/wp-json\/wp\/v2\/posts\/39391\/revisions"}],"wp:featuredmedia":[{"embeddable":true,"href":"https:\/\/jorgezanoni.com.br\/2019\/wp-json\/wp\/v2\/media\/39392"}],"wp:attachment":[{"href":"https:\/\/jorgezanoni.com.br\/2019\/wp-json\/wp\/v2\/media?parent=39391"}],"wp:term":[{"taxonomy":"category","embeddable":true,"href":"https:\/\/jorgezanoni.com.br\/2019\/wp-json\/wp\/v2\/categories?post=39391"},{"taxonomy":"post_tag","embeddable":true,"href":"https:\/\/jorgezanoni.com.br\/2019\/wp-json\/wp\/v2\/tags?post=39391"}],"curies":[{"name":"wp","href":"https:\/\/api.w.org\/{rel}","templated":true}]}}