{"id":39384,"date":"2020-11-27T18:06:42","date_gmt":"2020-11-27T18:06:42","guid":{"rendered":"https:\/\/jorgezanoni.com.br\/2019\/?p=39384"},"modified":"2020-11-27T18:06:42","modified_gmt":"2020-11-27T18:06:42","slug":"governo-do-estado-disponibiliza-informacoes-a-iniciativa-privada-para-a-concessao-dos-aeroportos-de-dracena-presidente-epitacio-e-presidente-prudente","status":"publish","type":"post","link":"https:\/\/jorgezanoni.com.br\/2019\/governo-do-estado-disponibiliza-informacoes-a-iniciativa-privada-para-a-concessao-dos-aeroportos-de-dracena-presidente-epitacio-e-presidente-prudente\/","title":{"rendered":"Governo do Estado disponibiliza informa\u00e7\u00f5es \u00e0 iniciativa privada para a concess\u00e3o dos aeroportos de Dracena, Presidente Epit\u00e1cio e Presidente Prudente"},"content":{"rendered":"<h2 class=\"content-head__subtitle\" style=\"text-align: justify;\"><strong>Empresas poder\u00e3o acessar a documenta\u00e7\u00e3o das unidades do Daesp a partir desta sexta-feira (27). Este \u00e9 o \u00faltimo passo antes da publica\u00e7\u00e3o do edital de licita\u00e7\u00e3o prevista para at\u00e9 janeiro.<\/strong><\/h2>\n<div class=\"mc-column content-text active-extra-styles \" data-block-type=\"unstyled\" data-block-weight=\"60\" data-block-id=\"2\">\n<p class=\"content-text__container \" style=\"text-align: justify;\" data-track-category=\"Link no Texto\" data-track-links=\"\">O governo do Estado de S\u00e3o Paulo colocou \u00e0 disposi\u00e7\u00e3o da iniciativa privada, nesta sexta-feira (27), todas as informa\u00e7\u00f5es sobre os 22 aeroportos hoje administrados pelo Departamento Aerovi\u00e1rio do Estado de S\u00e3o Paulo (Daesp) que fazem parte de um processo de concess\u00e3o que j\u00e1 est\u00e1 em andamento. Entre eles, est\u00e3o os aeroportos estaduais de\u00a0<a href=\"https:\/\/g1.globo.com\/sp\/presidente-prudente-regiao\/cidade\/dracena\/\">Dracena<\/a>,\u00a0<a href=\"https:\/\/g1.globo.com\/sp\/presidente-prudente-regiao\/cidade\/presidente-epitacio\/\">Presidente Epit\u00e1cio\u00a0<\/a>e\u00a0<a href=\"https:\/\/g1.globo.com\/sp\/presidente-prudente-regiao\/cidade\/presidente-prudente\/\">Presidente Prudente<\/a>.<\/p>\n<\/div>\n<div class=\"wall protected-content\">\n<div class=\"mc-column content-text active-extra-styles \" style=\"text-align: justify;\" data-block-type=\"unstyled\" data-block-weight=\"30\" data-block-id=\"3\">\n<p class=\"content-text__container \" data-track-category=\"Link no Texto\" data-track-links=\"\">Trata-se da \u00faltima etapa antes da publica\u00e7\u00e3o do edital de licita\u00e7\u00e3o, a ser conduzida pela Secretaria de Governo, por meio da Ag\u00eancia de Transporte do Estado de S\u00e3o Paulo (Artesp).<\/p>\n<\/div>\n<div class=\"mc-column content-text active-extra-styles \" style=\"text-align: justify;\" data-block-type=\"unstyled\" data-block-weight=\"39\" data-block-id=\"4\">\n<p class=\"content-text__container \" data-track-category=\"Link no Texto\" data-track-links=\"\">O\u00a0<em>dataroom\u00a0<\/em>dar\u00e1 aos interessados acesso a toda documenta\u00e7\u00e3o dos aeroportos, como plantas, contratos vigentes, conv\u00eanios e a\u00e7\u00f5es judiciais, entre outros itens. O projeto de concess\u00f5es, j\u00e1 apresentado em audi\u00eancia p\u00fablica virtual em 12 de maio, tamb\u00e9m estar\u00e1 dispon\u00edvel.<\/p>\n<\/div>\n<div class=\"mc-column content-text active-extra-styles \" style=\"text-align: justify;\" data-block-type=\"unstyled\" data-block-weight=\"42\" data-block-id=\"5\">\n<p class=\"content-text__container \" data-track-category=\"Link no Texto\" data-track-links=\"\">\u201cO governo pretende agitar o mercado para que os interessados comecem, de posse das documenta\u00e7\u00f5es, a calcular as vantagens competitivas da concess\u00e3o e se preparem para o edital\u201d, afirma o vice-governador paulista e presidente do Conselho Gestor de Concess\u00f5es, Rodrigo Garcia (DEM).<\/p>\n<\/div>\n<div class=\"mc-column content-text active-extra-styles \" style=\"text-align: justify;\" data-block-type=\"unstyled\" data-block-weight=\"32\" data-block-id=\"6\">\n<p class=\"content-text__container \" data-track-category=\"Link no Texto\" data-track-links=\"\">De acordo com o secret\u00e1rio estadual de Log\u00edstica e Transportes, Jo\u00e3o Octaviano Machado Neto, a concess\u00e3o dos aeroportos se faz ainda mais necess\u00e1ria com a crise econ\u00f4mica decorrente da pandemia da Covid-19.<\/p>\n<\/div>\n<div class=\"content-ads content-ads--reveal\" style=\"text-align: justify;\" data-block-type=\"ads\" data-block-id=\"7\">\n<div id=\"banner_materia2\" class=\"tag-manager-publicidade-container mc-has-reveal mc-has-ad-lazyload\" data-id=\"banner_materia2\"><\/div>\n<\/div>\n<div class=\"mc-column content-text active-extra-styles \" style=\"text-align: justify;\" data-block-type=\"unstyled\" data-block-weight=\"26\" data-block-id=\"8\">\n<p class=\"content-text__container \" data-track-category=\"Link no Texto\" data-track-links=\"\">\u201cOs investimentos que poder\u00e3o ser feitos pela iniciativa privada aceleram o desenvolvimento dos munic\u00edpios e geram emprego e renda \u00e0 popula\u00e7\u00e3o nas regi\u00f5es dos aeroportos&#8221;, diz.<\/p>\n<\/div>\n<div class=\"mc-column content-text active-extra-styles \" style=\"text-align: justify;\" data-block-type=\"unstyled\" data-block-weight=\"73\" data-block-id=\"9\">\n<p class=\"content-text__container \" data-track-category=\"Link no Texto\" data-track-links=\"\">De acordo com a Artesp, a desestatiza\u00e7\u00e3o permitir\u00e1 investimentos de R$ 700 milh\u00f5es nos aeroportos regionais de S\u00e3o Paulo em 30 anos de contrato. Para acesso \u00e0s informa\u00e7\u00f5es dispon\u00edveis, os interessados dever\u00e3o encaminhar um\u00a0<em>e-mail\u00a0<\/em>para o endere\u00e7o\u00a0<strong>dataroom.parcerias@sp.gov.br<\/strong>, com o t\u00edtulo\/assunto\u00a0<span class=\"highlight highlighted\">\u201cPedido de Acesso ao Data Room | Concess\u00e3o de Aeroportos\u201d<\/span>, contendo na mensagem nome do solicitante, empresa\/entidade e endere\u00e7o de\u00a0<em>e-mail<\/em>. Uma resposta ser\u00e1 dada por\u00a0<em>e-mail\u00a0<\/em>para registro e acesso.<\/p>\n<\/div>\n<div class=\"mc-column content-text active-extra-styles \" style=\"text-align: justify;\" data-block-type=\"unstyled\" data-block-weight=\"62\" data-block-id=\"10\">\n<p class=\"content-text__container \" data-track-category=\"Link no Texto\" data-track-links=\"\">Desde que assumiu, a nova gest\u00e3o do Daesp \u2013 \u00f3rg\u00e3o da Secretaria de Log\u00edstica e Transportes \u2013organiza seus aeroportos no interior do Estado para a concess\u00e3o. Mesmo com a pandemia, as equipes do Daesp e da Artesp, comandadas pela Secretaria de Governo, n\u00e3o pararam e finalizaram o processo para que S\u00e3o Paulo apresente as informa\u00e7\u00f5es ao mercado a partir desta sexta-feira (27).<\/p>\n<\/div>\n<div class=\"mc-column content-text active-extra-styles\" style=\"text-align: justify;\" data-block-type=\"raw\" data-block-weight=\"2\" data-block-id=\"11\">\n<div class=\"content-intertitle\">\n<h2>Crescimento projetado<\/h2>\n<\/div>\n<\/div>\n<div class=\"mc-column content-text active-extra-styles \" style=\"text-align: justify;\" data-block-type=\"unstyled\" data-block-weight=\"54\" data-block-id=\"12\">\n<p class=\"content-text__container \" data-track-category=\"Link no Texto\" data-track-links=\"\">Nove dos 22 aeroportos t\u00eam servi\u00e7os de avia\u00e7\u00e3o comercial regular e 13 s\u00e3o destinados \u00e0 modalidade executiva, e movimentam juntos 2,4 milh\u00f5es de passageiros por ano, considerando embarques e desembarques. Eles ser\u00e3o divididos em dois lotes no processo de licita\u00e7\u00e3o internacional, puxados pelas duas principais unidades, Ribeir\u00e3o Preto e S\u00e3o Jos\u00e9 do Rio Preto.<\/p>\n<\/div>\n<div class=\"mc-column content-text active-extra-styles \" style=\"text-align: justify;\" data-block-type=\"unstyled\" data-block-weight=\"72\" data-block-id=\"13\">\n<p class=\"content-text__container \" data-track-category=\"Link no Texto\" data-track-links=\"\">Estimativas t\u00e9cnicas projetam crescimento de mais de 230% no movimento dessas unidades aeroportu\u00e1rias ao longo dos 30 anos de concess\u00e3o, ultrapassando os 8 milh\u00f5es de passageiros por ano ao final do per\u00edodo. A remunera\u00e7\u00e3o dos cons\u00f3rcios vencedores se dar\u00e1 atrav\u00e9s de receitas tarif\u00e1rias e comerciais, como as resultantes de alugu\u00e9is de hangares, restaurantes e estacionamento. Ser\u00e3o vencedores de cada um dos lotes os concorrentes que apresentarem a maior oferta de outorga fixa.<\/p>\n<\/div>\n<div class=\"row medium-uncollapsed content-media content-photo\" style=\"text-align: justify;\" data-block-type=\"backstage-photo\" data-block-id=\"14\">\n<div class=\"mc-column content-media__container\">\n<figure><img decoding=\"async\" class=\"i-amphtml-fill-content i-amphtml-replaced-content\" src=\"https:\/\/s2.glbimg.com\/3xGTveIhM1_NE_eIohw2A7rrfvM=\/0x0:4896x3672\/984x0\/smart\/filters:strip_icc()\/i.s3.glbimg.com\/v1\/AUTH_59edd422c0c84a879bd37670ae4f538a\/internal_photos\/bs\/2018\/o\/a\/erPkEATeC1teeceTF16w\/aviao-disputa-espaco-com-urubu-em-presidente-prudente.jpg\" sizes=\"(max-width: 1366px) 648px, 100vw\" srcset=\"https:\/\/s2.glbimg.com\/AfbqM1TtbCXhl6oJsPLvnCQlMpE=\/0x0:4896x3672\/1000x0\/smart\/filters:strip_icc()\/i.s3.glbimg.com\/v1\/AUTH_59edd422c0c84a879bd37670ae4f538a\/internal_photos\/bs\/2018\/o\/a\/erPkEATeC1teeceTF16w\/aviao-disputa-espaco-com-urubu-em-presidente-prudente.jpg 1000w, https:\/\/s2.glbimg.com\/3xGTveIhM1_NE_eIohw2A7rrfvM=\/0x0:4896x3672\/984x0\/smart\/filters:strip_icc()\/i.s3.glbimg.com\/v1\/AUTH_59edd422c0c84a879bd37670ae4f538a\/internal_photos\/bs\/2018\/o\/a\/erPkEATeC1teeceTF16w\/aviao-disputa-espaco-com-urubu-em-presidente-prudente.jpg 984w, https:\/\/s2.glbimg.com\/BCEgCI27bRQs_keLtbuHpr5Sidw=\/0x0:4896x3672\/640x0\/smart\/filters:strip_icc()\/i.s3.glbimg.com\/v1\/AUTH_59edd422c0c84a879bd37670ae4f538a\/internal_photos\/bs\/2018\/o\/a\/erPkEATeC1teeceTF16w\/aviao-disputa-espaco-com-urubu-em-presidente-prudente.jpg 640w, https:\/\/s2.glbimg.com\/PzEuElbZftGlKtBBFrfS6kHuPDQ=\/0x0:4896x3672\/600x0\/smart\/filters:strip_icc()\/i.s3.glbimg.com\/v1\/AUTH_59edd422c0c84a879bd37670ae4f538a\/internal_photos\/bs\/2018\/o\/a\/erPkEATeC1teeceTF16w\/aviao-disputa-espaco-com-urubu-em-presidente-prudente.jpg 600w\" alt=\"Aeroporto Estadual de Presidente Prudente est\u00e1 na lista de privatiza\u00e7\u00f5es \u2014 Foto: Jo\u00e3o Alberto Pedrini\/G1\" \/><\/figure>\n<p class=\"content-media__description \">Aeroporto Estadual de Presidente Prudente est\u00e1 na lista de privatiza\u00e7\u00f5es \u2014 Foto: Jo\u00e3o Alberto Pedrini\/G1<\/p>\n<\/div>\n<\/div>\n<div class=\"content-ads content-ads--reveal\" style=\"text-align: justify;\" data-block-type=\"ads\" data-block-id=\"15\">\n<div id=\"banner_materia__eb95c4a1-4ffa-464f-80d1-1db60ddd5bad\" class=\"tag-manager-publicidade-container mc-has-reveal mc-has-ad-lazyload\" data-id=\"banner_materia__eb95c4a1-4ffa-464f-80d1-1db60ddd5bad\"><\/div>\n<\/div>\n<div class=\"mc-column content-text active-extra-styles\" style=\"text-align: justify;\" data-block-type=\"raw\" data-block-weight=\"2\" data-block-id=\"16\">\n<div class=\"content-intertitle\">\n<h2>Grupo Noroeste<\/h2>\n<\/div>\n<\/div>\n<div class=\"mc-column content-text active-extra-styles \" style=\"text-align: justify;\" data-block-type=\"unstyled\" data-block-weight=\"45\" data-block-id=\"17\">\n<p class=\"content-text__container \" data-track-category=\"Link no Texto\" data-track-links=\"\">Composto por 13 unidades, este lote \u00e9 encabe\u00e7ado por S\u00e3o Jos\u00e9 do Rio Preto e tem ainda os aeroportos comerciais de Presidente Prudente, Ara\u00e7atuba e Barretos, al\u00e9m dos aer\u00f3dromos com voca\u00e7\u00e3o executiva de Avar\u00e9-Arandu, Assis, Dracena, Votuporanga, Pen\u00e1polis, Tup\u00e3, Andradina, Presidente Epit\u00e1cio e S\u00e3o Manuel.<\/p>\n<\/div>\n<div class=\"mc-column content-text active-extra-styles \" style=\"text-align: justify;\" data-block-type=\"unstyled\" data-block-weight=\"27\" data-block-id=\"18\">\n<p class=\"content-text__container \" data-track-category=\"Link no Texto\" data-track-links=\"\">Somente em obras, est\u00e3o previstos investimentos de R$ 177 milh\u00f5es nesse lote, sendo que R$ 63 milh\u00f5es ter\u00e3o de ser aplicados nos tr\u00eas primeiros anos de contrato.<\/p>\n<\/div>\n<div class=\"mc-column content-text active-extra-styles\" style=\"text-align: justify;\" data-block-type=\"raw\" data-block-weight=\"2\" data-block-id=\"19\">\n<div class=\"content-intertitle\">\n<h2>Grupo Sudeste<\/h2>\n<\/div>\n<\/div>\n<div class=\"mc-column content-text active-extra-styles \" style=\"text-align: justify;\" data-block-type=\"unstyled\" data-block-weight=\"68\" data-block-id=\"20\">\n<p class=\"content-text__container \" data-track-category=\"Link no Texto\" data-track-links=\"\">Liderado pelo aeroporto de Ribeir\u00e3o Preto, este lote \u00e9 composto por nove unidades, sendo que outras 4 tamb\u00e9m s\u00e3o unidades comerciais: Mar\u00edlia, Bauru, Araraquara e Franca. J\u00e1 os de avia\u00e7\u00e3o executiva s\u00e3o os aeroportos de S\u00e3o Carlos, Sorocaba, Guaratinguet\u00e1 e Registro. Os investimentos a cargo da concession\u00e1ria vencedora ao longo do contrato ser\u00e3o de R$ 233 milh\u00f5es, dos quais R$ 88 milh\u00f5es ser\u00e3o desembolsados nos tr\u00eas primeiros anos.<\/p>\n<\/div>\n<div class=\"row medium-uncollapsed content-media content-photo\" style=\"text-align: justify;\" data-block-type=\"backstage-photo\" data-block-id=\"21\">\n<div class=\"mc-column content-media__container\">\n<figure><img decoding=\"async\" class=\"i-amphtml-fill-content i-amphtml-replaced-content\" src=\"https:\/\/s2.glbimg.com\/hCezZbaqgKL51RYywffVKd5rjLo=\/0x0:620x465\/984x0\/smart\/filters:strip_icc()\/s.glbimg.com\/jo\/g1\/f\/original\/2016\/03\/18\/dscn4697.jpg\" sizes=\"(max-width: 1366px) 648px, 100vw\" srcset=\"https:\/\/s2.glbimg.com\/lbl46XCl5wZPwFkHg5FMfPFR_j4=\/0x0:620x465\/1000x0\/smart\/filters:strip_icc()\/s.glbimg.com\/jo\/g1\/f\/original\/2016\/03\/18\/dscn4697.jpg 1000w, https:\/\/s2.glbimg.com\/hCezZbaqgKL51RYywffVKd5rjLo=\/0x0:620x465\/984x0\/smart\/filters:strip_icc()\/s.glbimg.com\/jo\/g1\/f\/original\/2016\/03\/18\/dscn4697.jpg 984w, https:\/\/s2.glbimg.com\/2Gp0LPdjPZbCFzBk4JUR0AwBNgo=\/0x0:620x465\/640x0\/smart\/filters:strip_icc()\/s.glbimg.com\/jo\/g1\/f\/original\/2016\/03\/18\/dscn4697.jpg 640w, https:\/\/s2.glbimg.com\/-_XkV2-SYkzp_a0G3z403f5XcPo=\/0x0:620x465\/600x0\/smart\/filters:strip_icc()\/s.glbimg.com\/jo\/g1\/f\/original\/2016\/03\/18\/dscn4697.jpg 600w\" alt=\"Aeroporto de Presidente Prudente est\u00e1 na lista de terminais que o governo pretende privatizar \u2014 Foto: Arquivo\/G1\" \/><\/figure>\n<p class=\"content-media__description \">Aeroporto de Presidente Prudente est\u00e1 na lista de terminais que o governo pretende privatizar \u2014 Foto: Arquivo\/G1<\/p>\n<\/div>\n<\/div>\n<div class=\"mc-column content-text active-extra-styles\" style=\"text-align: justify;\" data-block-type=\"raw\" data-block-weight=\"1\" data-block-id=\"22\">\n<div class=\"content-intertitle\">\n<h2>Licita\u00e7\u00e3o<\/h2>\n<\/div>\n<\/div>\n<div class=\"mc-column content-text active-extra-styles \" style=\"text-align: justify;\" data-block-type=\"unstyled\" data-block-weight=\"53\" data-block-id=\"23\">\n<p class=\"content-text__container \" data-track-category=\"Link no Texto\" data-track-links=\"\">Poder\u00e3o participar da licita\u00e7\u00e3o empresas nacionais ou estrangeiras, cons\u00f3rcios, institui\u00e7\u00f5es financeiras e fundos de investimentos. Al\u00e9m de apresentar a melhor proposta de outorga fixa, o vencedor ter\u00e1 de comprovar qualifica\u00e7\u00e3o t\u00e9cnica em gest\u00e3o aeroportu\u00e1ria, seja da pr\u00f3pria empresa ou cons\u00f3rcio, ou de pessoas de sua equipe ou mesmo por meio de subcontrata\u00e7\u00e3o qualificada.<\/p>\n<\/div>\n<div class=\"mc-column content-text active-extra-styles \" style=\"text-align: justify;\" data-block-type=\"unstyled\" data-block-weight=\"30\" data-block-id=\"24\">\n<p class=\"content-text__container \" data-track-category=\"Link no Texto\" data-track-links=\"\">A previs\u00e3o \u00e9 de que o edital de licita\u00e7\u00e3o seja publicado at\u00e9 janeiro de 2021 e o leil\u00e3o, realizado em abril. A expectativa \u00e9 de assinatura do contrato at\u00e9 julho\/agosto.<\/p>\n<\/div>\n<div class=\"content-ads content-ads--reveal\" style=\"text-align: justify;\" data-block-type=\"ads\" data-block-id=\"25\">\n<div id=\"banner_materia__83346e20-a830-4bdb-8adf-706b0f7773e3\" class=\"tag-manager-publicidade-container mc-has-reveal mc-has-ad-lazyload\" data-id=\"banner_materia__83346e20-a830-4bdb-8adf-706b0f7773e3\"><\/div>\n<\/div>\n<div class=\"mc-column content-text active-extra-styles \" data-block-type=\"unstyled\" data-block-weight=\"29\" data-block-id=\"26\">\n<p class=\"content-text__container \" style=\"text-align: justify;\" data-track-category=\"Link no Texto\" data-track-links=\"\">Esta \u00e9 segunda rodada de concess\u00f5es de aeroportos regionais paulistas. A primeira teve os aeroportos de Bragan\u00e7a Paulista, Campinas, Itanha\u00e9m, Jundia\u00ed e Ubatuba licitados em \u00fanico lote em 2017.<\/p>\n<p style=\"text-align: justify;\" data-track-category=\"Link no Texto\" data-track-links=\"\">Fonte: G1<\/p>\n<\/div>\n<\/div>\n","protected":false},"excerpt":{"rendered":"<p>Empresas poder\u00e3o acessar a documenta\u00e7\u00e3o das unidades do Daesp a partir desta sexta-feira (27). Este \u00e9 o \u00faltimo passo antes da publica\u00e7\u00e3o do edital de licita\u00e7\u00e3o prevista para at\u00e9 janeiro. O governo do Estado de S\u00e3o Paulo colocou \u00e0 disposi\u00e7\u00e3o da iniciativa privada, nesta sexta-feira (27), todas as informa\u00e7\u00f5es sobre os 22 aeroportos hoje administrados [&hellip;]<\/p>\n","protected":false},"author":1,"featured_media":39385,"comment_status":"closed","ping_status":"open","sticky":false,"template":"","format":"standard","meta":{"footnotes":""},"categories":[180,110],"tags":[],"class_list":["post-39384","post","type-post","status-publish","format-standard","has-post-thumbnail","hentry","category-estradastransitoveiculos","category-noticiasdestaque"],"_links":{"self":[{"href":"https:\/\/jorgezanoni.com.br\/2019\/wp-json\/wp\/v2\/posts\/39384","targetHints":{"allow":["GET"]}}],"collection":[{"href":"https:\/\/jorgezanoni.com.br\/2019\/wp-json\/wp\/v2\/posts"}],"about":[{"href":"https:\/\/jorgezanoni.com.br\/2019\/wp-json\/wp\/v2\/types\/post"}],"author":[{"embeddable":true,"href":"https:\/\/jorgezanoni.com.br\/2019\/wp-json\/wp\/v2\/users\/1"}],"replies":[{"embeddable":true,"href":"https:\/\/jorgezanoni.com.br\/2019\/wp-json\/wp\/v2\/comments?post=39384"}],"version-history":[{"count":0,"href":"https:\/\/jorgezanoni.com.br\/2019\/wp-json\/wp\/v2\/posts\/39384\/revisions"}],"wp:featuredmedia":[{"embeddable":true,"href":"https:\/\/jorgezanoni.com.br\/2019\/wp-json\/wp\/v2\/media\/39385"}],"wp:attachment":[{"href":"https:\/\/jorgezanoni.com.br\/2019\/wp-json\/wp\/v2\/media?parent=39384"}],"wp:term":[{"taxonomy":"category","embeddable":true,"href":"https:\/\/jorgezanoni.com.br\/2019\/wp-json\/wp\/v2\/categories?post=39384"},{"taxonomy":"post_tag","embeddable":true,"href":"https:\/\/jorgezanoni.com.br\/2019\/wp-json\/wp\/v2\/tags?post=39384"}],"curies":[{"name":"wp","href":"https:\/\/api.w.org\/{rel}","templated":true}]}}