{"id":3933,"date":"2019-08-15T18:12:33","date_gmt":"2019-08-15T18:12:33","guid":{"rendered":"https:\/\/jorgezanoni.com.br\/2019\/?p=3933"},"modified":"2019-08-15T18:13:53","modified_gmt":"2019-08-15T18:13:53","slug":"morre-o-comerciante-marcos-da-silva-santos","status":"publish","type":"post","link":"https:\/\/jorgezanoni.com.br\/2019\/morre-o-comerciante-marcos-da-silva-santos\/","title":{"rendered":"Morre o comerciante Marcos da Silva Santos"},"content":{"rendered":"<p style=\"text-align: justify;\">Faleceu no in\u00edcio da tarde desta quinta-feira (15), o comerciante do ramo de Sucatas, sr. Marcos da Silva Santos de 43 anos. Deixa a esposa e uma filha de 10 anos e era genro do sr. Pedro da Sucatol\u00e2ndia.<\/p>\n<p><img loading=\"lazy\" decoding=\"async\" class=\"alignnone size-full wp-image-3935\" src=\"https:\/\/jorgezanoni.com.br\/2019\/wp-content\/uploads\/2019\/08\/IMG_7741.jpg\" alt=\"\" width=\"900\" height=\"675\" srcset=\"https:\/\/jorgezanoni.com.br\/2019\/wp-content\/uploads\/2019\/08\/IMG_7741.jpg 900w, https:\/\/jorgezanoni.com.br\/2019\/wp-content\/uploads\/2019\/08\/IMG_7741-300x225.jpg 300w, https:\/\/jorgezanoni.com.br\/2019\/wp-content\/uploads\/2019\/08\/IMG_7741-768x576.jpg 768w, https:\/\/jorgezanoni.com.br\/2019\/wp-content\/uploads\/2019\/08\/IMG_7741-80x60.jpg 80w, https:\/\/jorgezanoni.com.br\/2019\/wp-content\/uploads\/2019\/08\/IMG_7741-265x198.jpg 265w, https:\/\/jorgezanoni.com.br\/2019\/wp-content\/uploads\/2019\/08\/IMG_7741-696x522.jpg 696w, https:\/\/jorgezanoni.com.br\/2019\/wp-content\/uploads\/2019\/08\/IMG_7741-560x420.jpg 560w\" sizes=\"auto, (max-width: 900px) 100vw, 900px\" \/><\/p>\n<p style=\"text-align: justify;\">Segundo informa\u00e7\u00f5es apuradas no local dos fatos pela reportagem do Site JZ, Marcos que residia na mesma propriedade rural onde est\u00e1 instalada a empresa, na vicinal que liga Dracena ao bairro O\u00e1sis a Tupi Paulista KM. 3, teria cometido suic\u00eddio atrav\u00e9s de enforcamento.<\/p>\n<p style=\"text-align: justify;\">Ele ainda foi encontrado no local por um parente que acionou o resgate, sendo que uma Equipe do Corpo de Bombeiros ainda o socorreu at\u00e9 o Pronto Atendimento Municipal de Dracena com vida, por\u00e9m n\u00e3o resistiu e acabou falecendo.<\/p>\n<p style=\"text-align: justify;\"><img loading=\"lazy\" decoding=\"async\" class=\"alignnone size-full wp-image-3934\" src=\"https:\/\/jorgezanoni.com.br\/2019\/wp-content\/uploads\/2019\/08\/IMG_7740.jpg\" alt=\"\" width=\"900\" height=\"675\" srcset=\"https:\/\/jorgezanoni.com.br\/2019\/wp-content\/uploads\/2019\/08\/IMG_7740.jpg 900w, https:\/\/jorgezanoni.com.br\/2019\/wp-content\/uploads\/2019\/08\/IMG_7740-300x225.jpg 300w, https:\/\/jorgezanoni.com.br\/2019\/wp-content\/uploads\/2019\/08\/IMG_7740-768x576.jpg 768w, https:\/\/jorgezanoni.com.br\/2019\/wp-content\/uploads\/2019\/08\/IMG_7740-80x60.jpg 80w, https:\/\/jorgezanoni.com.br\/2019\/wp-content\/uploads\/2019\/08\/IMG_7740-265x198.jpg 265w, https:\/\/jorgezanoni.com.br\/2019\/wp-content\/uploads\/2019\/08\/IMG_7740-696x522.jpg 696w, https:\/\/jorgezanoni.com.br\/2019\/wp-content\/uploads\/2019\/08\/IMG_7740-560x420.jpg 560w\" sizes=\"auto, (max-width: 900px) 100vw, 900px\" \/><\/p>\n<p>A Pol\u00edcia Militar compareceu ao local e a Pol\u00edcia T\u00e9cnica fez os levantamentos de praxe.<\/p>\n<p>Jorge Zanoni<\/p>\n<p>&nbsp;<\/p>\n","protected":false},"excerpt":{"rendered":"<p>Faleceu no in\u00edcio da tarde desta quinta-feira (15), o comerciante do ramo de Sucatas, sr. Marcos da Silva Santos de 43 anos. Deixa a esposa e uma filha de 10 anos e era genro do sr. Pedro da Sucatol\u00e2ndia. Segundo informa\u00e7\u00f5es apuradas no local dos fatos pela reportagem do Site JZ, Marcos que residia na [&hellip;]<\/p>\n","protected":false},"author":1,"featured_media":3936,"comment_status":"closed","ping_status":"open","sticky":false,"template":"","format":"standard","meta":{"footnotes":""},"categories":[110,2],"tags":[],"class_list":["post-3933","post","type-post","status-publish","format-standard","has-post-thumbnail","hentry","category-noticiasdestaque","category-policial"],"_links":{"self":[{"href":"https:\/\/jorgezanoni.com.br\/2019\/wp-json\/wp\/v2\/posts\/3933","targetHints":{"allow":["GET"]}}],"collection":[{"href":"https:\/\/jorgezanoni.com.br\/2019\/wp-json\/wp\/v2\/posts"}],"about":[{"href":"https:\/\/jorgezanoni.com.br\/2019\/wp-json\/wp\/v2\/types\/post"}],"author":[{"embeddable":true,"href":"https:\/\/jorgezanoni.com.br\/2019\/wp-json\/wp\/v2\/users\/1"}],"replies":[{"embeddable":true,"href":"https:\/\/jorgezanoni.com.br\/2019\/wp-json\/wp\/v2\/comments?post=3933"}],"version-history":[{"count":0,"href":"https:\/\/jorgezanoni.com.br\/2019\/wp-json\/wp\/v2\/posts\/3933\/revisions"}],"wp:featuredmedia":[{"embeddable":true,"href":"https:\/\/jorgezanoni.com.br\/2019\/wp-json\/wp\/v2\/media\/3936"}],"wp:attachment":[{"href":"https:\/\/jorgezanoni.com.br\/2019\/wp-json\/wp\/v2\/media?parent=3933"}],"wp:term":[{"taxonomy":"category","embeddable":true,"href":"https:\/\/jorgezanoni.com.br\/2019\/wp-json\/wp\/v2\/categories?post=3933"},{"taxonomy":"post_tag","embeddable":true,"href":"https:\/\/jorgezanoni.com.br\/2019\/wp-json\/wp\/v2\/tags?post=3933"}],"curies":[{"name":"wp","href":"https:\/\/api.w.org\/{rel}","templated":true}]}}