{"id":3930,"date":"2019-08-15T11:50:34","date_gmt":"2019-08-15T11:50:34","guid":{"rendered":"https:\/\/jorgezanoni.com.br\/2019\/?p=3930"},"modified":"2019-08-15T11:51:06","modified_gmt":"2019-08-15T11:51:06","slug":"atividades-em-autoescola-de-tupi-paulista-sao-suspensas-preventivamente-por-30-dias","status":"publish","type":"post","link":"https:\/\/jorgezanoni.com.br\/2019\/atividades-em-autoescola-de-tupi-paulista-sao-suspensas-preventivamente-por-30-dias\/","title":{"rendered":"Atividades em autoescola de Tupi Paulista s\u00e3o suspensas preventivamente por 30 dias"},"content":{"rendered":"<p style=\"text-align: justify;\"><strong>O Detran.SP informou que ap\u00f3s constata\u00e7\u00e3o de irregularidades em fiscaliza\u00e7\u00e3o realizada pela autarquia o estabelecimento est\u00e1 com os servi\u00e7os suspensos. Situa\u00e7\u00e3o preocupa clientes que pagaram para obter a CNH<\/strong><\/p>\n<p style=\"text-align: justify;\">O pai de uma aluna que frequentava uma autoescola em Tupi Paulista entrou em contato na tarde de ontem, 14, com a reportagem se queixando que o estabelecimento encontrava-se fechado desde a segunda-feira que passou e nas portas estava fixado aviso informando que o local foi fechado por determina\u00e7\u00e3o do Detran.<\/p>\n<p style=\"text-align: justify;\">Segundo ele, a filha iniciaria aulas pr\u00e1ticas e o exame para obter a CNH estava previsto para ser realizado no pr\u00f3ximo m\u00eas. Ele informou ainda que j\u00e1 efetuou pagamento no valor de R$ 1.500 e agora est\u00e1 preocupado com a situa\u00e7\u00e3o. Tamb\u00e9m afirmou que ligou por v\u00e1rias vezes para o propriet\u00e1rio da autoescola, por\u00e9m as liga\u00e7\u00f5es n\u00e3o s\u00e3o atendidas.<\/p>\n<p style=\"text-align: justify;\">A reportagem entrou em contato com o delegado de pol\u00edcia Aderson Mois\u00e9s Vieira, a fim de saber o que teria provocado o fechamento da autoescola. Ele disse que na data de 24 de maio deste ano instaurou inqu\u00e9rito policial que visava apurar delito de inser\u00e7\u00e3o de dados falsos no Sistema de Informa\u00e7\u00f5es do Detran. Segundo o delegado, foi investigada pela Pol\u00edcia a informa\u00e7\u00e3o de que existia uma aula pr\u00e1tica aberta no sistema, mas que o aluno e o instrutor n\u00e3o estariam ministrando.<\/p>\n<p style=\"text-align: justify;\">O delegado Aderson explicou que o inqu\u00e9rito foi conclu\u00eddo no m\u00eas de junho deste ano, relatado e encaminhado ao F\u00f3rum.<\/p>\n<p style=\"text-align: justify;\">De acordo com dr. Aderson, o\u00a0 inqu\u00e9rito foi arquivado na Justi\u00e7a e atendeu a manifesta\u00e7\u00e3o do Minist\u00e9rio P\u00fablico.<\/p>\n<p style=\"text-align: justify;\"><strong>PROPRIET\u00c1RIO DO ESTABELECIMENTO<\/strong><\/p>\n<p style=\"text-align: justify;\">Alexandre Donizete da Silva, propriet\u00e1rio da autoescola tamb\u00e9m foi ouvido por telefone pela reportagem. Segundo ele, na ocasi\u00e3o dos fatos dava a aula normalmente, mas parou para atender a fiscaliza\u00e7\u00e3o do Detran que estava em Tupi Paulista.<\/p>\n<p style=\"text-align: justify;\">Ele disse que foi acusado de fraude por aula em aberto no sistema, com a den\u00fancia de n\u00e3o ter a ministrado. Alexandre afirmou que na verdade quando estava dando a referida aula recebeu uma liga\u00e7\u00e3o do seu diretor de que dois fiscais do Detran estavam na autoescola pedindo documentos. Ele contou que os fiscais do \u00f3rg\u00e3o foram avisados de que estava dando a aula e n\u00e3o poderia parar, mas foi fornecer a documenta\u00e7\u00e3o aos fiscais. Um aluno ficou conversando com um sargento da Cia. da Pol\u00edcia Militar, localizada ao lado da autoescola. \u201cFui at\u00e9 os fiscais na autoescola e o aluno ficou conversando com o policial, alguns minutos depois retornei para a aula. O aluno foi questionado pelos fiscais e ficou nervoso por v\u00ea-los acabou falando que n\u00e3o estava em aula e os fiscais de forma irredut\u00edvel resolveram registrar o boletim de ocorr\u00eancia. N\u00e3o fizemos nada de errado e sim houve um mal entendido. A autoescola est\u00e1 fechada h\u00e1 dois dias e, por isso, atrav\u00e9s de um advogado estamos entrando com um mandado de seguran\u00e7a para que nos pr\u00f3ximos dias com a liminar possamos resolver isso e voltar a atender sem preju\u00edzo aos clientes e alunos. N\u00e3o cometemos nenhum erro e sim houve um mal entendido e n\u00e3o me deram nenhum direito de defesa no Detran, est\u00e3o me penalizando, cercearam o meu direito de trabalho. Jamais abri aula sem estar no sistema. Estava com a aula em aberto e os fiscais pediram para eu parar para atend\u00ea-los. Espero resolver isso\u201d, disse o propriet\u00e1rio da autoescola.<\/p>\n<p style=\"text-align: justify;\"><strong>POSI\u00c7\u00c3O DO DETRAN.SP<\/strong><\/p>\n<p style=\"text-align: justify;\">A reportagem entrou em contato com a assessoria de comunica\u00e7\u00e3o do Detran.SP e foi enviada a seguinte informa\u00e7\u00e3o: \u201cA Autoescola\u00a0Habilitar encontra-se com as atividades suspensas preventivamente por 30 dias, ap\u00f3s constata\u00e7\u00e3o de irregularidades\u00a0 em fiscaliza\u00e7\u00e3o realizada pela autarquia.\u00a0\u00a0Os candidatos e condutores, clientes deste CFC podem aguardar o t\u00e9rmino do prazo suspensivo cautelar para a retomada de processos ou solicitar \u00e0 unidade do Detran.SP em Tupi Paulista a transfer\u00eancia do processo de habilita\u00e7\u00e3o para outra autoescola\u201d.<\/p>\n<p>Fonte: Portal Regional<\/p>\n","protected":false},"excerpt":{"rendered":"<p>O Detran.SP informou que ap\u00f3s constata\u00e7\u00e3o de irregularidades em fiscaliza\u00e7\u00e3o realizada pela autarquia o estabelecimento est\u00e1 com os servi\u00e7os suspensos. Situa\u00e7\u00e3o preocupa clientes que pagaram para obter a CNH O pai de uma aluna que frequentava uma autoescola em Tupi Paulista entrou em contato na tarde de ontem, 14, com a reportagem se queixando que [&hellip;]<\/p>\n","protected":false},"author":1,"featured_media":3931,"comment_status":"closed","ping_status":"open","sticky":false,"template":"","format":"standard","meta":{"footnotes":""},"categories":[180,110],"tags":[],"class_list":["post-3930","post","type-post","status-publish","format-standard","has-post-thumbnail","hentry","category-estradastransitoveiculos","category-noticiasdestaque"],"_links":{"self":[{"href":"https:\/\/jorgezanoni.com.br\/2019\/wp-json\/wp\/v2\/posts\/3930","targetHints":{"allow":["GET"]}}],"collection":[{"href":"https:\/\/jorgezanoni.com.br\/2019\/wp-json\/wp\/v2\/posts"}],"about":[{"href":"https:\/\/jorgezanoni.com.br\/2019\/wp-json\/wp\/v2\/types\/post"}],"author":[{"embeddable":true,"href":"https:\/\/jorgezanoni.com.br\/2019\/wp-json\/wp\/v2\/users\/1"}],"replies":[{"embeddable":true,"href":"https:\/\/jorgezanoni.com.br\/2019\/wp-json\/wp\/v2\/comments?post=3930"}],"version-history":[{"count":0,"href":"https:\/\/jorgezanoni.com.br\/2019\/wp-json\/wp\/v2\/posts\/3930\/revisions"}],"wp:featuredmedia":[{"embeddable":true,"href":"https:\/\/jorgezanoni.com.br\/2019\/wp-json\/wp\/v2\/media\/3931"}],"wp:attachment":[{"href":"https:\/\/jorgezanoni.com.br\/2019\/wp-json\/wp\/v2\/media?parent=3930"}],"wp:term":[{"taxonomy":"category","embeddable":true,"href":"https:\/\/jorgezanoni.com.br\/2019\/wp-json\/wp\/v2\/categories?post=3930"},{"taxonomy":"post_tag","embeddable":true,"href":"https:\/\/jorgezanoni.com.br\/2019\/wp-json\/wp\/v2\/tags?post=3930"}],"curies":[{"name":"wp","href":"https:\/\/api.w.org\/{rel}","templated":true}]}}