{"id":39288,"date":"2020-11-27T00:44:02","date_gmt":"2020-11-27T00:44:02","guid":{"rendered":"https:\/\/jorgezanoni.com.br\/2019\/?p=39288"},"modified":"2020-11-27T00:44:02","modified_gmt":"2020-11-27T00:44:02","slug":"governo-de-sp-anuncia-a-contratacao-de-58-mil-policiais-militares-e-civis-aprovados-em-concurso","status":"publish","type":"post","link":"https:\/\/jorgezanoni.com.br\/2019\/governo-de-sp-anuncia-a-contratacao-de-58-mil-policiais-militares-e-civis-aprovados-em-concurso\/","title":{"rendered":"Governo de SP anuncia a contrata\u00e7\u00e3o de 5,8 mil policiais militares e civis aprovados em concurso"},"content":{"rendered":"<p style=\"font-weight: 400; text-align: justify;\">O Governador Jo\u00e3o Doria anunciou, nesta quinta-feira (26), a contrata\u00e7\u00e3o de 5.875 policiais militares e civis, aprovados em concursos p\u00fablicos que haviam sido suspensos em raz\u00e3o da pandemia. Parte dos profissionais iniciar\u00e3o suas atividades no segundo semestre 2021. &#8220;\u00c9 um importante refor\u00e7o na Seguran\u00e7a P\u00fablica do Estado. A pol\u00edcia de S\u00e3o Paulo, tanto a Civil como a Militar, s\u00e3o as pol\u00edcias mais bem preparadas e treinadas do Brasil&#8221;, afirmou Doria.<\/p>\n<p style=\"font-weight: 400; text-align: justify;\"><b><strong>Pol\u00edcia Militar<\/strong><\/b><\/p>\n<p style=\"font-weight: 400; text-align: justify;\">Para a Pol\u00edcia Militar, ser\u00e3o nomeados 2.100 soldados de 2\u00b0 classe de um edital de 2019, que estava suspenso. Ap\u00f3s a nomea\u00e7\u00e3o, esses candidatos ir\u00e3o tomar posse e iniciar o Curso Superior T\u00e9cnico de Pol\u00edcia Ostensiva e Preserva\u00e7\u00e3o da Ordem P\u00fablica, na Escola Superior de Soldados. As aulas devem come\u00e7ar em dezembro deste ano e a previs\u00e3o \u00e9 que a turma esteja apta para o policiamento preventivo no final do ano que vem.<\/p>\n<p style=\"font-weight: 400; text-align: justify;\">Al\u00e9m destes, est\u00e1 prevista, para o primeiro semestre de 2021, a nomea\u00e7\u00e3o de mais 2.700 soldados de 2\u00b0 classe e 190 alunos-oficiais de outros dois concursos suspensos, dos anos de 2019 e 2020, respectivamente.<\/p>\n<p style=\"font-weight: 400; text-align: justify;\"><b><strong>Pol\u00edcia Civil<\/strong><\/b><\/p>\n<p style=\"font-weight: 400; text-align: justify;\">Para atividades de pol\u00edcia judici\u00e1ria, ser\u00e3o nomeados 885 profissionais, sendo 32 delegados, 600 investigadores, 54 agentes de telecomunica\u00e7\u00e3o, 30 papiloscopistas, 86 auxiliares de papiloscopista e 83 agentes policiais.<\/p>\n<p style=\"font-weight: 400; text-align: justify;\">Ap\u00f3s a nomea\u00e7\u00e3o, esses candidatos tamb\u00e9m tomar\u00e3o posse e, em seguida, iniciar\u00e3o o curso de forma\u00e7\u00e3o na Academia de Pol\u00edcia Dr. Coriolano Nogueira Cobra (Acadepol). Assim como na PM, a turma deve iniciar as aulas em dezembro deste ano, sendo que o curso tem uma dura\u00e7\u00e3o m\u00e9dia de seis meses.<\/p>\n<p style=\"font-weight: 400; text-align: justify;\"><b><strong>Refor\u00e7o policial<\/strong><\/b><\/p>\n<p style=\"font-weight: 400; text-align: justify;\">Na atual gest\u00e3o, foram contratados mais de 7,1 mil policiais, sendo 5.060 militares, 1.323 civis e 765 t\u00e9cnico-cient\u00edficos. Todos j\u00e1 est\u00e3o em plena atividade, refor\u00e7ando a seguran\u00e7a no Estado. Al\u00e9m disto, outros 3,5 mil profissionais passam atualmente por forma\u00e7\u00e3o, sendo 3.361 policiais militares entre soldados e alunos-oficiais e 218 delegados para a Pol\u00edcia Civil. &#8220;Muito brevemente, teremos 16.602 policiais novos atendendo a popula\u00e7\u00e3o de S\u00e3o Paulo&#8221;, destacou o General Jo\u00e3o Camilo Pires de Campos, Secret\u00e1rio da Seguran\u00e7a P\u00fablica do Estado.<\/p>\n<p>Fonte: Portal do Governo SP<\/p>\n","protected":false},"excerpt":{"rendered":"<p>O Governador Jo\u00e3o Doria anunciou, nesta quinta-feira (26), a contrata\u00e7\u00e3o de 5.875 policiais militares e civis, aprovados em concursos p\u00fablicos que haviam sido suspensos em raz\u00e3o da pandemia. Parte dos profissionais iniciar\u00e3o suas atividades no segundo semestre 2021. &#8220;\u00c9 um importante refor\u00e7o na Seguran\u00e7a P\u00fablica do Estado. A pol\u00edcia de S\u00e3o Paulo, tanto a Civil [&hellip;]<\/p>\n","protected":false},"author":1,"featured_media":39289,"comment_status":"closed","ping_status":"open","sticky":false,"template":"","format":"standard","meta":{"footnotes":""},"categories":[110,2],"tags":[],"class_list":["post-39288","post","type-post","status-publish","format-standard","has-post-thumbnail","hentry","category-noticiasdestaque","category-policial"],"_links":{"self":[{"href":"https:\/\/jorgezanoni.com.br\/2019\/wp-json\/wp\/v2\/posts\/39288","targetHints":{"allow":["GET"]}}],"collection":[{"href":"https:\/\/jorgezanoni.com.br\/2019\/wp-json\/wp\/v2\/posts"}],"about":[{"href":"https:\/\/jorgezanoni.com.br\/2019\/wp-json\/wp\/v2\/types\/post"}],"author":[{"embeddable":true,"href":"https:\/\/jorgezanoni.com.br\/2019\/wp-json\/wp\/v2\/users\/1"}],"replies":[{"embeddable":true,"href":"https:\/\/jorgezanoni.com.br\/2019\/wp-json\/wp\/v2\/comments?post=39288"}],"version-history":[{"count":0,"href":"https:\/\/jorgezanoni.com.br\/2019\/wp-json\/wp\/v2\/posts\/39288\/revisions"}],"wp:featuredmedia":[{"embeddable":true,"href":"https:\/\/jorgezanoni.com.br\/2019\/wp-json\/wp\/v2\/media\/39289"}],"wp:attachment":[{"href":"https:\/\/jorgezanoni.com.br\/2019\/wp-json\/wp\/v2\/media?parent=39288"}],"wp:term":[{"taxonomy":"category","embeddable":true,"href":"https:\/\/jorgezanoni.com.br\/2019\/wp-json\/wp\/v2\/categories?post=39288"},{"taxonomy":"post_tag","embeddable":true,"href":"https:\/\/jorgezanoni.com.br\/2019\/wp-json\/wp\/v2\/tags?post=39288"}],"curies":[{"name":"wp","href":"https:\/\/api.w.org\/{rel}","templated":true}]}}