{"id":39283,"date":"2020-11-27T00:16:59","date_gmt":"2020-11-27T00:16:59","guid":{"rendered":"https:\/\/jorgezanoni.com.br\/2019\/?p=39283"},"modified":"2020-11-27T00:16:59","modified_gmt":"2020-11-27T00:16:59","slug":"segundo-batalhao-de-policia-rodoviaria-realizara-o-natal-iluminado-2020","status":"publish","type":"post","link":"https:\/\/jorgezanoni.com.br\/2019\/segundo-batalhao-de-policia-rodoviaria-realizara-o-natal-iluminado-2020\/","title":{"rendered":"Segundo Batalh\u00e3o de Pol\u00edcia Rodovi\u00e1ria realizar\u00e1 o Natal Iluminado 2020"},"content":{"rendered":"<p style=\"text-align: justify;\">NATAL ILUMINADO 2020<br \/>\nO Segundo Batalh\u00e3o de Pol\u00edcia Rodovi\u00e1ria \u2013 \u201cTen Cel PM Levy Lenotti\u201d iniciar\u00e1, no dia<br \/>\n01\/12\/20, a sua tradicional Campanha Natal Iluminado 2020, ocasi\u00e3o que as Bases do Policiamento<br \/>\nRodovi\u00e1rio da Pol\u00edcia Militar do Estado de S\u00e3o Paulo receber\u00e3o decora\u00e7\u00e3o especial e ficar\u00e3o<br \/>\niluminadas em comemora\u00e7\u00e3o ao Natal.<br \/>\nA campanha tem como objetivo principal a arrecada\u00e7\u00e3o de fraldas geri\u00e1tricas para doa\u00e7\u00e3o<br \/>\n\u00e0 entidades filantr\u00f3picas e tamb\u00e9m visa estreitar os la\u00e7os entre a Pol\u00edcia Militar, por meio do<br \/>\nPoliciamento Rodovi\u00e1rio, e a comunidade. Tudo come\u00e7ou na cidade de Mar\u00edlia em 2016 e foi um<br \/>\ngrande sucesso, j\u00e1 que centenas de pessoas visitaram \u00e0quela Base e fizeram a sua doa\u00e7\u00e3o. Este ano<br \/>\nser\u00e3o iluminadas as Bases Operacionais das cidades de Mar\u00edlia, Ara\u00e7atuba, Ja\u00fa e Presidente<br \/>\nPrudente.<br \/>\nNas campanhas realizadas nos quatro anos anteriores foram arrecadadas mais de 12.000<br \/>\n(doze mil) fraldas geri\u00e1tricas, as quais foram doadas para diversas entidades assistenciais. Importante<br \/>\ndestacar que as fraldas doadas pelos visitantes de nossas Bases ser\u00e3o destinadas a asilos das<br \/>\ncidades de Mar\u00edlia, Ara\u00e7atuba, Ja\u00fa e Presidente Prudente, por isso contamos novamente com a<br \/>\nsolidariedade das pessoas para alcan\u00e7armos este t\u00e3o nobre objetivo.<br \/>\nTemos como parceiros nesta empreitada as Concession\u00e1rias de Rodovias: Entrevias,<br \/>\nViaRondon, CART e Eixo SP, respons\u00e1veis pelos trechos rodovi\u00e1rios, onde est\u00e3o situadas as citadas<br \/>\nBases Operacionais do Policiamento Rodovi\u00e1rio.<br \/>\nPor fim, \u00e9 necess\u00e1rio destacar que em decorr\u00eancia das medidas de enfrentamento da<br \/>\nemerg\u00eancia de sa\u00fade p\u00fablica decorrente do novo coranav\u00edrus (covid19), esclarecemos que<br \/>\ndisponibilizamos \u00e1lcool gel em nossas instala\u00e7\u00f5es e recomendamos que ao nos visitar use m\u00e1scara e evite concentra\u00e7\u00e3o de pessoas. Cuidar de voc\u00ea e dos outros tamb\u00e9m \u00e9 um ato de amor!<\/p>\n<p style=\"text-align: justify;\">2\u00ba BPRv: \u201cProtegendo Pessoas, Salvando Vidas\u201d&#8230;<br \/>\n#72anosPoliciamentoRodovi\u00e1rio<br \/>\n#Guardi\u00f5esDasRodovias<br \/>\n#AFor\u00e7aP\u00fablicadeS\u00e3oPaulo<br \/>\n#Pol\u00edciaMilitarSP<br \/>\nComunica\u00e7\u00e3o Social do 2\u00ba BPRv<\/p>\n<p>Imagens Ilustrativas do ano de 2019.<\/p>\n<p><img loading=\"lazy\" decoding=\"async\" class=\"alignnone size-full wp-image-39285\" src=\"https:\/\/jorgezanoni.com.br\/2019\/wp-content\/uploads\/2020\/11\/PR1.jpg\" alt=\"\" width=\"1280\" height=\"960\" srcset=\"https:\/\/jorgezanoni.com.br\/2019\/wp-content\/uploads\/2020\/11\/PR1.jpg 1280w, https:\/\/jorgezanoni.com.br\/2019\/wp-content\/uploads\/2020\/11\/PR1-300x225.jpg 300w, https:\/\/jorgezanoni.com.br\/2019\/wp-content\/uploads\/2020\/11\/PR1-1024x768.jpg 1024w, https:\/\/jorgezanoni.com.br\/2019\/wp-content\/uploads\/2020\/11\/PR1-768x576.jpg 768w, https:\/\/jorgezanoni.com.br\/2019\/wp-content\/uploads\/2020\/11\/PR1-80x60.jpg 80w, https:\/\/jorgezanoni.com.br\/2019\/wp-content\/uploads\/2020\/11\/PR1-265x198.jpg 265w, https:\/\/jorgezanoni.com.br\/2019\/wp-content\/uploads\/2020\/11\/PR1-696x522.jpg 696w, https:\/\/jorgezanoni.com.br\/2019\/wp-content\/uploads\/2020\/11\/PR1-1068x801.jpg 1068w, https:\/\/jorgezanoni.com.br\/2019\/wp-content\/uploads\/2020\/11\/PR1-560x420.jpg 560w\" sizes=\"auto, (max-width: 1280px) 100vw, 1280px\" \/><img loading=\"lazy\" decoding=\"async\" class=\"alignnone size-full wp-image-39286\" src=\"https:\/\/jorgezanoni.com.br\/2019\/wp-content\/uploads\/2020\/11\/PR1-1.jpg\" alt=\"\" width=\"1280\" height=\"960\" srcset=\"https:\/\/jorgezanoni.com.br\/2019\/wp-content\/uploads\/2020\/11\/PR1-1.jpg 1280w, https:\/\/jorgezanoni.com.br\/2019\/wp-content\/uploads\/2020\/11\/PR1-1-300x225.jpg 300w, https:\/\/jorgezanoni.com.br\/2019\/wp-content\/uploads\/2020\/11\/PR1-1-1024x768.jpg 1024w, https:\/\/jorgezanoni.com.br\/2019\/wp-content\/uploads\/2020\/11\/PR1-1-768x576.jpg 768w, https:\/\/jorgezanoni.com.br\/2019\/wp-content\/uploads\/2020\/11\/PR1-1-80x60.jpg 80w, https:\/\/jorgezanoni.com.br\/2019\/wp-content\/uploads\/2020\/11\/PR1-1-265x198.jpg 265w, https:\/\/jorgezanoni.com.br\/2019\/wp-content\/uploads\/2020\/11\/PR1-1-696x522.jpg 696w, https:\/\/jorgezanoni.com.br\/2019\/wp-content\/uploads\/2020\/11\/PR1-1-1068x801.jpg 1068w, https:\/\/jorgezanoni.com.br\/2019\/wp-content\/uploads\/2020\/11\/PR1-1-560x420.jpg 560w\" sizes=\"auto, (max-width: 1280px) 100vw, 1280px\" \/><\/p>\n","protected":false},"excerpt":{"rendered":"<p>NATAL ILUMINADO 2020 O Segundo Batalh\u00e3o de Pol\u00edcia Rodovi\u00e1ria \u2013 \u201cTen Cel PM Levy Lenotti\u201d iniciar\u00e1, no dia 01\/12\/20, a sua tradicional Campanha Natal Iluminado 2020, ocasi\u00e3o que as Bases do Policiamento Rodovi\u00e1rio da Pol\u00edcia Militar do Estado de S\u00e3o Paulo receber\u00e3o decora\u00e7\u00e3o especial e ficar\u00e3o iluminadas em comemora\u00e7\u00e3o ao Natal. A campanha tem como [&hellip;]<\/p>\n","protected":false},"author":1,"featured_media":39284,"comment_status":"closed","ping_status":"open","sticky":false,"template":"","format":"standard","meta":{"footnotes":""},"categories":[2,118],"tags":[],"class_list":["post-39283","post","type-post","status-publish","format-standard","has-post-thumbnail","hentry","category-policial","category-religiaoesolidariedade"],"_links":{"self":[{"href":"https:\/\/jorgezanoni.com.br\/2019\/wp-json\/wp\/v2\/posts\/39283","targetHints":{"allow":["GET"]}}],"collection":[{"href":"https:\/\/jorgezanoni.com.br\/2019\/wp-json\/wp\/v2\/posts"}],"about":[{"href":"https:\/\/jorgezanoni.com.br\/2019\/wp-json\/wp\/v2\/types\/post"}],"author":[{"embeddable":true,"href":"https:\/\/jorgezanoni.com.br\/2019\/wp-json\/wp\/v2\/users\/1"}],"replies":[{"embeddable":true,"href":"https:\/\/jorgezanoni.com.br\/2019\/wp-json\/wp\/v2\/comments?post=39283"}],"version-history":[{"count":0,"href":"https:\/\/jorgezanoni.com.br\/2019\/wp-json\/wp\/v2\/posts\/39283\/revisions"}],"wp:featuredmedia":[{"embeddable":true,"href":"https:\/\/jorgezanoni.com.br\/2019\/wp-json\/wp\/v2\/media\/39284"}],"wp:attachment":[{"href":"https:\/\/jorgezanoni.com.br\/2019\/wp-json\/wp\/v2\/media?parent=39283"}],"wp:term":[{"taxonomy":"category","embeddable":true,"href":"https:\/\/jorgezanoni.com.br\/2019\/wp-json\/wp\/v2\/categories?post=39283"},{"taxonomy":"post_tag","embeddable":true,"href":"https:\/\/jorgezanoni.com.br\/2019\/wp-json\/wp\/v2\/tags?post=39283"}],"curies":[{"name":"wp","href":"https:\/\/api.w.org\/{rel}","templated":true}]}}