{"id":39268,"date":"2020-11-26T22:51:36","date_gmt":"2020-11-26T22:51:36","guid":{"rendered":"https:\/\/jorgezanoni.com.br\/2019\/?p=39268"},"modified":"2020-11-26T22:51:36","modified_gmt":"2020-11-26T22:51:36","slug":"chuva-com-granizo-causa-alagamentos-e-arrasta-veiculos-no-centro-de-sao-carlos","status":"publish","type":"post","link":"https:\/\/jorgezanoni.com.br\/2019\/chuva-com-granizo-causa-alagamentos-e-arrasta-veiculos-no-centro-de-sao-carlos\/","title":{"rendered":"Chuva com granizo causa alagamentos e arrasta ve\u00edculos no centro de S\u00e3o Carlos"},"content":{"rendered":"<h2 class=\"content-head__subtitle\" style=\"text-align: justify;\"><strong>Choveu forte por cerca de uma hora; VEJA FOTOS E V\u00cdDEOS.<\/strong><\/h2>\n<div class=\"mc-column content-text active-extra-styles \" style=\"text-align: justify;\" data-block-type=\"unstyled\" data-block-weight=\"31\" data-block-id=\"2\">\n<p class=\"content-text__container \" data-track-category=\"Link no Texto\" data-track-links=\"\">Uma forte chuva que durou cerca de uma hora causou grandes estragos em S\u00e3o Carlos na tarde desta quinta-feira (26). Segundo a Defesa Civil, choveu 138 mil\u00edmetros entre 4h35 e 17h40.<\/p>\n<\/div>\n<div class=\"wall protected-content\">\n<div class=\"mc-column content-text active-extra-styles \" style=\"text-align: justify;\" data-block-type=\"unstyled\" data-block-weight=\"18\" data-block-id=\"3\">\n<p class=\"content-text__container \" data-track-category=\"Link no Texto\" data-track-links=\"\">A tempestade come\u00e7ou com granizo em v\u00e1rios pontos da cidade, e o volume da chuva causou alagamentos.<\/p>\n<\/div>\n<div class=\"row medium-uncollapsed content-media content-photo\" style=\"text-align: justify;\" data-block-type=\"backstage-photo\" data-block-id=\"4\">\n<div class=\"mc-column content-media__container\">\n<figure><img decoding=\"async\" class=\"i-amphtml-fill-content i-amphtml-replaced-content\" src=\"https:\/\/s2.glbimg.com\/MmOfUETexhxpm11gdcUCYpnMiuY=\/0x0:1280x720\/984x0\/smart\/filters:strip_icc()\/i.s3.glbimg.com\/v1\/AUTH_59edd422c0c84a879bd37670ae4f538a\/internal_photos\/bs\/2020\/H\/a\/y9wsPAQHW5avL1sS07eg\/alagamento.jpg\" sizes=\"(max-width: 1366px) 648px, 100vw\" srcset=\"https:\/\/s2.glbimg.com\/BHVg8ERmZhmhNKzqH_vwuxEhNYI=\/0x0:1280x720\/1000x0\/smart\/filters:strip_icc()\/i.s3.glbimg.com\/v1\/AUTH_59edd422c0c84a879bd37670ae4f538a\/internal_photos\/bs\/2020\/H\/a\/y9wsPAQHW5avL1sS07eg\/alagamento.jpg 1000w, https:\/\/s2.glbimg.com\/MmOfUETexhxpm11gdcUCYpnMiuY=\/0x0:1280x720\/984x0\/smart\/filters:strip_icc()\/i.s3.glbimg.com\/v1\/AUTH_59edd422c0c84a879bd37670ae4f538a\/internal_photos\/bs\/2020\/H\/a\/y9wsPAQHW5avL1sS07eg\/alagamento.jpg 984w, https:\/\/s2.glbimg.com\/AkavT5jbR3PEPmCBzV7ZAMw_AJQ=\/0x0:1280x720\/640x0\/smart\/filters:strip_icc()\/i.s3.glbimg.com\/v1\/AUTH_59edd422c0c84a879bd37670ae4f538a\/internal_photos\/bs\/2020\/H\/a\/y9wsPAQHW5avL1sS07eg\/alagamento.jpg 640w, https:\/\/s2.glbimg.com\/GmqROqfcrlBShocLPL0Cdu0qTuw=\/0x0:1280x720\/600x0\/smart\/filters:strip_icc()\/i.s3.glbimg.com\/v1\/AUTH_59edd422c0c84a879bd37670ae4f538a\/internal_photos\/bs\/2020\/H\/a\/y9wsPAQHW5avL1sS07eg\/alagamento.jpg 600w\" alt=\"Carro \u00e9 arrastado pela chuva no centro S\u00e3o Carlos \u2014 Foto: Redes sociais\" \/><\/figure>\n<p class=\"content-media__description \">Carro \u00e9 arrastado pela chuva no centro S\u00e3o Carlos \u2014 Foto: Redes sociais<\/p>\n<\/div>\n<\/div>\n<div class=\"mc-column content-text active-extra-styles \" style=\"text-align: justify;\" data-block-type=\"unstyled\" data-block-weight=\"36\" data-block-id=\"5\">\n<p class=\"content-text__container \" data-track-category=\"Link no Texto\" data-track-links=\"\">Segundo a Guarda Municipal, houve inunda\u00e7\u00f5es no Parque do Bic\u00e3o, no pontilh\u00e3o da Pra\u00e7a It\u00e1lia e na regi\u00e3o central, pr\u00f3ximo \u00e0 pra\u00e7a do Mercad\u00e3o. A Rua Episcopal foi inundada mais uma vez este ano.<\/p>\n<\/div>\n<div class=\"mc-column content-text active-extra-styles \" data-block-type=\"unstyled\" data-block-weight=\"22\" data-block-id=\"6\">\n<p class=\"content-text__container \" style=\"text-align: justify;\" data-track-category=\"Link no Texto\" data-track-links=\"\">H\u00e1 registro de v\u00e1rios carros que foram levados pela enxurrada na pra\u00e7a It\u00e1lia e tamb\u00e9m no centro da cidade.<\/p>\n<div class=\"mc-column content-text active-extra-styles \" style=\"text-align: justify;\" data-block-type=\"unstyled\" data-block-weight=\"20\" data-block-id=\"9\">\n<p class=\"content-text__container \" data-track-category=\"Link no Texto\" data-track-links=\"\">Segundo a Secretaria de Seguran\u00e7a P\u00fablica, cerca de 20 carros foram levados pela correnteza. Um deles invadiu uma loja.<\/p>\n<\/div>\n<div class=\"mc-column content-text active-extra-styles \" style=\"text-align: justify;\" data-block-type=\"unstyled\" data-block-weight=\"22\" data-block-id=\"10\">\n<p class=\"content-text__container \" data-track-category=\"Link no Texto\" data-track-links=\"\">A Prefeitura de S\u00e3o Carlos emitiu um alerta pedindo que as pessoas n\u00e3o sa\u00edssem de casa at\u00e9 que os alagamentos acabassem.<\/p>\n<\/div>\n<div class=\"mc-column content-text active-extra-styles \" data-block-type=\"unstyled\" data-block-weight=\"23\" data-block-id=\"11\">\n<p class=\"content-text__container \" style=\"text-align: justify;\" data-track-category=\"Link no Texto\" data-track-links=\"\">No Centro, as ruas voltaram a ficar alagadas. Motoristas que foram surpreendidos pelo alagamento tentaram fugir da \u00e1gua, mas v\u00e1rios foram arrastados.<\/p>\n<div class=\"mc-column content-text active-extra-styles \" style=\"text-align: justify;\" data-block-type=\"unstyled\" data-block-weight=\"21\" data-block-id=\"13\">\n<p class=\"content-text__container \" data-track-category=\"Link no Texto\" data-track-links=\"\">O asfalto da Rua Episcopal foi arrancado e uma placa de concreto atingiu um carro, que foi levado pela enxurrada.<\/p>\n<\/div>\n<div class=\"mc-column content-text active-extra-styles \" style=\"text-align: justify;\" data-block-type=\"unstyled\" data-block-weight=\"28\" data-block-id=\"14\">\n<p class=\"content-text__container \" data-track-category=\"Link no Texto\" data-track-links=\"\">As placas de cal\u00e7amento do cal\u00e7ad\u00e3o tiveram v\u00e1rios peda\u00e7os arrancados pela \u00e1gua, que tamb\u00e9m invadiu lojas. V\u00e1rios estabelecimentos e produtos foram danificados \u00e0s v\u00e9speras da Black Friday.<\/p>\n<\/div>\n<div class=\"content-ads content-ads--reveal\" style=\"text-align: justify;\" data-block-type=\"ads\" data-block-id=\"15\">\n<div id=\"banner_materia__eff8f261-3798-4f2d-a74a-ab88127d6fd5\" class=\"tag-manager-publicidade-container mc-has-reveal mc-has-ad-lazyload\" data-id=\"banner_materia__eff8f261-3798-4f2d-a74a-ab88127d6fd5\"><\/div>\n<\/div>\n<div class=\"row medium-uncollapsed content-media content-photo\" style=\"text-align: justify;\" data-block-type=\"backstage-photo\" data-block-id=\"16\">\n<div class=\"mc-column content-media__container\">\n<figure><img decoding=\"async\" class=\"i-amphtml-fill-content i-amphtml-replaced-content\" src=\"https:\/\/s2.glbimg.com\/gu4YvpW6y1j8F403wpdZmDL6hIg=\/0x0:744x436\/984x0\/smart\/filters:strip_icc()\/i.s3.glbimg.com\/v1\/AUTH_59edd422c0c84a879bd37670ae4f538a\/internal_photos\/bs\/2020\/t\/i\/Cl8Q36TqiX42p2SaqGNg\/carros-centro.png\" sizes=\"(max-width: 1366px) 648px, 100vw\" srcset=\"https:\/\/s2.glbimg.com\/di0XGBWTxK951MGYr8F3QnNhmc8=\/0x0:744x436\/1000x0\/smart\/filters:strip_icc()\/i.s3.glbimg.com\/v1\/AUTH_59edd422c0c84a879bd37670ae4f538a\/internal_photos\/bs\/2020\/t\/i\/Cl8Q36TqiX42p2SaqGNg\/carros-centro.png 1000w, https:\/\/s2.glbimg.com\/gu4YvpW6y1j8F403wpdZmDL6hIg=\/0x0:744x436\/984x0\/smart\/filters:strip_icc()\/i.s3.glbimg.com\/v1\/AUTH_59edd422c0c84a879bd37670ae4f538a\/internal_photos\/bs\/2020\/t\/i\/Cl8Q36TqiX42p2SaqGNg\/carros-centro.png 984w, https:\/\/s2.glbimg.com\/4upnNZoOgTUWALay6aU5OGVTzD4=\/0x0:744x436\/640x0\/smart\/filters:strip_icc()\/i.s3.glbimg.com\/v1\/AUTH_59edd422c0c84a879bd37670ae4f538a\/internal_photos\/bs\/2020\/t\/i\/Cl8Q36TqiX42p2SaqGNg\/carros-centro.png 640w, https:\/\/s2.glbimg.com\/IwnOd8cgE4T123YPT7ZKaRW8Vh0=\/0x0:744x436\/600x0\/smart\/filters:strip_icc()\/i.s3.glbimg.com\/v1\/AUTH_59edd422c0c84a879bd37670ae4f538a\/internal_photos\/bs\/2020\/t\/i\/Cl8Q36TqiX42p2SaqGNg\/carros-centro.png 600w\" alt=\"Carros foram arrastados pelo centro de S\u00e3o Carlos durante chuva \u2014 Foto: Redes sociais\" \/><\/figure>\n<p class=\"content-media__description \">Carros foram arrastados pelo centro de S\u00e3o Carlos durante chuva \u2014 Foto: Redes sociais<\/p>\n<\/div>\n<\/div>\n<div class=\"mc-column content-text active-extra-styles \" style=\"text-align: justify;\" data-block-type=\"unstyled\" data-block-weight=\"34\" data-block-id=\"17\">\n<p class=\"content-text__container \" data-track-category=\"Link no Texto\" data-track-links=\"\">Nesta quinta-feira, a Defesa Civil havia emitido alerta de chuvas r\u00e1pidas acompanhadas de granizo e ventos fortes. Segundo o Instituto Nacional de Meteorologia (Inmet), as rajadas de vento chegaram a 46 km\/h.<\/p>\n<\/div>\n<div class=\"row medium-uncollapsed content-media content-photo\" style=\"text-align: justify;\" data-block-type=\"backstage-photo\" data-block-id=\"18\">\n<div class=\"mc-column content-media__container\">\n<figure><img decoding=\"async\" class=\"i-amphtml-fill-content i-amphtml-replaced-content\" src=\"https:\/\/s2.glbimg.com\/GmKwRVn_ceZN63LSxIJLi8RfRyg=\/0x0:291x227\/984x0\/smart\/filters:strip_icc()\/i.s3.glbimg.com\/v1\/AUTH_59edd422c0c84a879bd37670ae4f538a\/internal_photos\/bs\/2020\/1\/E\/9BtrISSlyaIeQh3tNYAQ\/placa-de-concreto.png\" sizes=\"(max-width: 1366px) 648px, 100vw\" srcset=\"https:\/\/s2.glbimg.com\/1z8HDxPpEnTG-csL6F10K9MA-lw=\/0x0:291x227\/1000x0\/smart\/filters:strip_icc()\/i.s3.glbimg.com\/v1\/AUTH_59edd422c0c84a879bd37670ae4f538a\/internal_photos\/bs\/2020\/1\/E\/9BtrISSlyaIeQh3tNYAQ\/placa-de-concreto.png 1000w, https:\/\/s2.glbimg.com\/GmKwRVn_ceZN63LSxIJLi8RfRyg=\/0x0:291x227\/984x0\/smart\/filters:strip_icc()\/i.s3.glbimg.com\/v1\/AUTH_59edd422c0c84a879bd37670ae4f538a\/internal_photos\/bs\/2020\/1\/E\/9BtrISSlyaIeQh3tNYAQ\/placa-de-concreto.png 984w, https:\/\/s2.glbimg.com\/MCNeKWP-4v2RNOFENT3Tc2Gs4fU=\/0x0:291x227\/640x0\/smart\/filters:strip_icc()\/i.s3.glbimg.com\/v1\/AUTH_59edd422c0c84a879bd37670ae4f538a\/internal_photos\/bs\/2020\/1\/E\/9BtrISSlyaIeQh3tNYAQ\/placa-de-concreto.png 640w, https:\/\/s2.glbimg.com\/ci4TcDjUXEXZMfKdNoOOzHLnAzo=\/0x0:291x227\/600x0\/smart\/filters:strip_icc()\/i.s3.glbimg.com\/v1\/AUTH_59edd422c0c84a879bd37670ae4f538a\/internal_photos\/bs\/2020\/1\/E\/9BtrISSlyaIeQh3tNYAQ\/placa-de-concreto.png 600w\" alt=\"Placa de asfalto se solta e atinge carro durante alagamento em S\u00e3o Carlos  \u2014 Foto: Redes sociais\" \/><\/figure>\n<p class=\"content-media__description \">Placa de asfalto se solta e atinge carro durante alagamento em S\u00e3o Carlos \u2014 Foto: Redes sociais<\/p>\n<\/div>\n<\/div>\n<div class=\"row medium-uncollapsed content-media content-photo\" style=\"text-align: justify;\" data-block-type=\"backstage-photo\" data-block-id=\"19\">\n<div class=\"mc-column content-media__container\">\n<figure><img decoding=\"async\" class=\"i-amphtml-fill-content i-amphtml-replaced-content\" src=\"https:\/\/s2.glbimg.com\/BrfqGBKiNX3mD6nH9lGcmEUq6Go=\/0x0:1280x956\/984x0\/smart\/filters:strip_icc()\/i.s3.glbimg.com\/v1\/AUTH_59edd422c0c84a879bd37670ae4f538a\/internal_photos\/bs\/2020\/Y\/n\/SNQEfXQvKMm5cK0913mQ\/alagamento1.jpg\" sizes=\"(max-width: 1366px) 648px, 100vw\" srcset=\"https:\/\/s2.glbimg.com\/aPZEwbCR4YgcJmtMUI6lQ4w5cLk=\/0x0:1280x956\/1000x0\/smart\/filters:strip_icc()\/i.s3.glbimg.com\/v1\/AUTH_59edd422c0c84a879bd37670ae4f538a\/internal_photos\/bs\/2020\/Y\/n\/SNQEfXQvKMm5cK0913mQ\/alagamento1.jpg 1000w, https:\/\/s2.glbimg.com\/BrfqGBKiNX3mD6nH9lGcmEUq6Go=\/0x0:1280x956\/984x0\/smart\/filters:strip_icc()\/i.s3.glbimg.com\/v1\/AUTH_59edd422c0c84a879bd37670ae4f538a\/internal_photos\/bs\/2020\/Y\/n\/SNQEfXQvKMm5cK0913mQ\/alagamento1.jpg 984w, https:\/\/s2.glbimg.com\/qQgw11Pg5YGAwatGovd0H14k0YI=\/0x0:1280x956\/640x0\/smart\/filters:strip_icc()\/i.s3.glbimg.com\/v1\/AUTH_59edd422c0c84a879bd37670ae4f538a\/internal_photos\/bs\/2020\/Y\/n\/SNQEfXQvKMm5cK0913mQ\/alagamento1.jpg 640w, https:\/\/s2.glbimg.com\/bQDz0YA0p8tWHVpbX6RZDgigOq8=\/0x0:1280x956\/600x0\/smart\/filters:strip_icc()\/i.s3.glbimg.com\/v1\/AUTH_59edd422c0c84a879bd37670ae4f538a\/internal_photos\/bs\/2020\/Y\/n\/SNQEfXQvKMm5cK0913mQ\/alagamento1.jpg 600w\" alt=\"Centro de S\u00e3o Carlos fica alagado durante chuva forte \u2014 Foto: Redes sociais\" \/><\/figure>\n<p class=\"content-media__description \">Centro de S\u00e3o Carlos fica alagado durante chuva forte \u2014 Foto: Redes sociais<\/p>\n<\/div>\n<\/div>\n<div class=\"content-ads content-ads--reveal\" style=\"text-align: justify;\" data-block-type=\"ads\" data-block-id=\"20\">\n<div id=\"banner_materia__1792a716-7f08-4003-8442-0370dfc0ee88\" class=\"tag-manager-publicidade-container mc-has-reveal mc-has-ad-lazyload\" data-id=\"banner_materia__1792a716-7f08-4003-8442-0370dfc0ee88\"><\/div>\n<\/div>\n<div class=\"mc-column content-text active-extra-styles \" style=\"text-align: justify;\" data-block-type=\"unstyled\" data-block-weight=\"17\" data-block-id=\"21\">\n<p class=\"content-text__container \" data-track-category=\"Link no Texto\" data-track-links=\"\">Quando a chuva passou, foi poss\u00edvel ver a enormidade dos estragos causados pela for\u00e7a da enxurrada.<\/p>\n<\/div>\n<div class=\"row medium-uncollapsed content-media content-photo\" style=\"text-align: justify;\" data-block-type=\"backstage-photo\" data-block-id=\"22\">\n<div class=\"mc-column content-media__container\">\n<figure><img decoding=\"async\" class=\"i-amphtml-fill-content i-amphtml-replaced-content\" src=\"https:\/\/s2.glbimg.com\/Yn5fjWDEi_QdNcy37jjS20eIwys=\/0x0:1280x720\/984x0\/smart\/filters:strip_icc()\/i.s3.glbimg.com\/v1\/AUTH_59edd422c0c84a879bd37670ae4f538a\/internal_photos\/bs\/2020\/e\/v\/Kf06wySUGvXLKQBTPrXw\/centro-pos.jpg\" sizes=\"(max-width: 1366px) 648px, 100vw\" srcset=\"https:\/\/s2.glbimg.com\/8Ug39vZAOjIfiJAR5HCS6wEjmwo=\/0x0:1280x720\/1000x0\/smart\/filters:strip_icc()\/i.s3.glbimg.com\/v1\/AUTH_59edd422c0c84a879bd37670ae4f538a\/internal_photos\/bs\/2020\/e\/v\/Kf06wySUGvXLKQBTPrXw\/centro-pos.jpg 1000w, https:\/\/s2.glbimg.com\/Yn5fjWDEi_QdNcy37jjS20eIwys=\/0x0:1280x720\/984x0\/smart\/filters:strip_icc()\/i.s3.glbimg.com\/v1\/AUTH_59edd422c0c84a879bd37670ae4f538a\/internal_photos\/bs\/2020\/e\/v\/Kf06wySUGvXLKQBTPrXw\/centro-pos.jpg 984w, https:\/\/s2.glbimg.com\/JlIXoMXwLHXehdqie-QwAchYnuY=\/0x0:1280x720\/640x0\/smart\/filters:strip_icc()\/i.s3.glbimg.com\/v1\/AUTH_59edd422c0c84a879bd37670ae4f538a\/internal_photos\/bs\/2020\/e\/v\/Kf06wySUGvXLKQBTPrXw\/centro-pos.jpg 640w, https:\/\/s2.glbimg.com\/sd5EuDmr3PsQ0GbCVhpfWsvMv2Y=\/0x0:1280x720\/600x0\/smart\/filters:strip_icc()\/i.s3.glbimg.com\/v1\/AUTH_59edd422c0c84a879bd37670ae4f538a\/internal_photos\/bs\/2020\/e\/v\/Kf06wySUGvXLKQBTPrXw\/centro-pos.jpg 600w\" alt=\"Chuva deixou muitos estragos no centro de S\u00e3o Carlos  \u2014 Foto: Felipe Boldrini \/ EPTV \" \/><\/figure>\n<p class=\"content-media__description \">Chuva deixou muitos estragos no centro de S\u00e3o Carlos \u2014 Foto: Felipe Boldrini \/ EPTV<\/p>\n<\/div>\n<\/div>\n<div class=\"row medium-uncollapsed content-media content-photo\" style=\"text-align: justify;\" data-block-type=\"backstage-photo\" data-block-id=\"23\">\n<div class=\"mc-column content-media__container\">\n<figure><img decoding=\"async\" class=\"i-amphtml-fill-content i-amphtml-replaced-content\" src=\"https:\/\/s2.glbimg.com\/5F52xOXt-P9AzQdN6ogzZJM0F2g=\/0x0:1280x720\/984x0\/smart\/filters:strip_icc()\/i.s3.glbimg.com\/v1\/AUTH_59edd422c0c84a879bd37670ae4f538a\/internal_photos\/bs\/2020\/2\/A\/4LAc4cRnKSNRyWJRGqRA\/rescaldo.jpg\" sizes=\"(max-width: 1366px) 648px, 100vw\" srcset=\"https:\/\/s2.glbimg.com\/xChER4z54C74y23MeZtqju_Lp34=\/0x0:1280x720\/1000x0\/smart\/filters:strip_icc()\/i.s3.glbimg.com\/v1\/AUTH_59edd422c0c84a879bd37670ae4f538a\/internal_photos\/bs\/2020\/2\/A\/4LAc4cRnKSNRyWJRGqRA\/rescaldo.jpg 1000w, https:\/\/s2.glbimg.com\/5F52xOXt-P9AzQdN6ogzZJM0F2g=\/0x0:1280x720\/984x0\/smart\/filters:strip_icc()\/i.s3.glbimg.com\/v1\/AUTH_59edd422c0c84a879bd37670ae4f538a\/internal_photos\/bs\/2020\/2\/A\/4LAc4cRnKSNRyWJRGqRA\/rescaldo.jpg 984w, https:\/\/s2.glbimg.com\/BiJoz200_LYs5qpTJk_KU1oT3wg=\/0x0:1280x720\/640x0\/smart\/filters:strip_icc()\/i.s3.glbimg.com\/v1\/AUTH_59edd422c0c84a879bd37670ae4f538a\/internal_photos\/bs\/2020\/2\/A\/4LAc4cRnKSNRyWJRGqRA\/rescaldo.jpg 640w, https:\/\/s2.glbimg.com\/MWgBAAtV8GiX13dLIzyPmrC_-4M=\/0x0:1280x720\/600x0\/smart\/filters:strip_icc()\/i.s3.glbimg.com\/v1\/AUTH_59edd422c0c84a879bd37670ae4f538a\/internal_photos\/bs\/2020\/2\/A\/4LAc4cRnKSNRyWJRGqRA\/rescaldo.jpg 600w\" alt=\"Ap\u00f3s chuva, comerciantes contabilizam preju\u00edzos em S\u00e3o Carlos novembro 2020 \u2014 Foto: Felipe Boldrini \/ EPTV\" \/><\/figure>\n<p class=\"content-media__description \">Ap\u00f3s chuva, comerciantes contabilizam preju\u00edzos em S\u00e3o Carlos novembro 2020 \u2014 Foto: Felipe Boldrini \/ EPTV<\/p>\n<\/div>\n<\/div>\n<div class=\"row medium-uncollapsed content-media content-photo\" data-block-type=\"backstage-photo\" data-block-id=\"24\">\n<div class=\"mc-column content-media__container\">\n<figure style=\"text-align: justify;\"><img decoding=\"async\" class=\"i-amphtml-fill-content i-amphtml-replaced-content\" src=\"https:\/\/s2.glbimg.com\/pTWl58uNhOemljaqn0PPXu4ijH0=\/0x0:814x465\/984x0\/smart\/filters:strip_icc()\/i.s3.glbimg.com\/v1\/AUTH_59edd422c0c84a879bd37670ae4f538a\/internal_photos\/bs\/2020\/f\/M\/O4rXh9Q96J7QSd27VdYQ\/carros-centro-2.png\" sizes=\"(max-width: 1366px) 648px, 100vw\" srcset=\"https:\/\/s2.glbimg.com\/zYVjRn1IYouRUFZvXie1AjwGw_M=\/0x0:814x465\/1000x0\/smart\/filters:strip_icc()\/i.s3.glbimg.com\/v1\/AUTH_59edd422c0c84a879bd37670ae4f538a\/internal_photos\/bs\/2020\/f\/M\/O4rXh9Q96J7QSd27VdYQ\/carros-centro-2.png 1000w, https:\/\/s2.glbimg.com\/pTWl58uNhOemljaqn0PPXu4ijH0=\/0x0:814x465\/984x0\/smart\/filters:strip_icc()\/i.s3.glbimg.com\/v1\/AUTH_59edd422c0c84a879bd37670ae4f538a\/internal_photos\/bs\/2020\/f\/M\/O4rXh9Q96J7QSd27VdYQ\/carros-centro-2.png 984w, https:\/\/s2.glbimg.com\/KgdVT4B3-TEkB1Kr6hOsez6nISY=\/0x0:814x465\/640x0\/smart\/filters:strip_icc()\/i.s3.glbimg.com\/v1\/AUTH_59edd422c0c84a879bd37670ae4f538a\/internal_photos\/bs\/2020\/f\/M\/O4rXh9Q96J7QSd27VdYQ\/carros-centro-2.png 640w, https:\/\/s2.glbimg.com\/w5vWkuSsgRlOPTr7SQHhRolA5vs=\/0x0:814x465\/600x0\/smart\/filters:strip_icc()\/i.s3.glbimg.com\/v1\/AUTH_59edd422c0c84a879bd37670ae4f538a\/internal_photos\/bs\/2020\/f\/M\/O4rXh9Q96J7QSd27VdYQ\/carros-centro-2.png 600w\" alt=\"Carros foram arrastados durante chuva em S\u00e3o Carlos \u2014 Foto: Redes sociais\" \/><\/figure>\n<p class=\"content-media__description \" style=\"text-align: justify;\">Carros foram arrastados durante chuva em S\u00e3o Carlos \u2014 Foto: Redes sociais<\/p>\n<p style=\"text-align: justify;\">Fonte: https:\/\/g1.globo.com\/sp\/sao-carlos-regiao\/noticia\/2020\/11\/26\/chuva-com-granizo-causa-alagamentos-e-arrasta-veiculos-no-centro-de-sao-carlos.ghtml<\/p>\n<div style=\"width: 480px;\" class=\"wp-video\"><video class=\"wp-video-shortcode\" id=\"video-39268-1\" width=\"480\" height=\"752\" preload=\"metadata\" controls=\"controls\"><source type=\"video\/mp4\" src=\"https:\/\/jorgezanoni.com.br\/2019\/wp-content\/uploads\/2020\/11\/WhatsApp-Video-2020-11-26-at-19.10.57.mp4?_=1\" \/><a href=\"https:\/\/jorgezanoni.com.br\/2019\/wp-content\/uploads\/2020\/11\/WhatsApp-Video-2020-11-26-at-19.10.57.mp4\">https:\/\/jorgezanoni.com.br\/2019\/wp-content\/uploads\/2020\/11\/WhatsApp-Video-2020-11-26-at-19.10.57.mp4<\/a><\/video><\/div>\n<div style=\"width: 640px;\" class=\"wp-video\"><video class=\"wp-video-shortcode\" id=\"video-39268-2\" width=\"640\" height=\"352\" preload=\"metadata\" controls=\"controls\"><source type=\"video\/mp4\" src=\"https:\/\/jorgezanoni.com.br\/2019\/wp-content\/uploads\/2020\/11\/WhatsApp-Video-2020-11-26-at-19.10.56-2.mp4?_=2\" \/><a href=\"https:\/\/jorgezanoni.com.br\/2019\/wp-content\/uploads\/2020\/11\/WhatsApp-Video-2020-11-26-at-19.10.56-2.mp4\">https:\/\/jorgezanoni.com.br\/2019\/wp-content\/uploads\/2020\/11\/WhatsApp-Video-2020-11-26-at-19.10.56-2.mp4<\/a><\/video><\/div>\n<div style=\"width: 640px;\" class=\"wp-video\"><video class=\"wp-video-shortcode\" id=\"video-39268-3\" width=\"640\" height=\"352\" preload=\"metadata\" controls=\"controls\"><source type=\"video\/mp4\" src=\"https:\/\/jorgezanoni.com.br\/2019\/wp-content\/uploads\/2020\/11\/WhatsApp-Video-2020-11-26-at-19.10.56-1.mp4?_=3\" \/><a href=\"https:\/\/jorgezanoni.com.br\/2019\/wp-content\/uploads\/2020\/11\/WhatsApp-Video-2020-11-26-at-19.10.56-1.mp4\">https:\/\/jorgezanoni.com.br\/2019\/wp-content\/uploads\/2020\/11\/WhatsApp-Video-2020-11-26-at-19.10.56-1.mp4<\/a><\/video><\/div>\n<div style=\"width: 640px;\" class=\"wp-video\"><video class=\"wp-video-shortcode\" id=\"video-39268-4\" width=\"640\" height=\"352\" preload=\"metadata\" controls=\"controls\"><source type=\"video\/mp4\" src=\"https:\/\/jorgezanoni.com.br\/2019\/wp-content\/uploads\/2020\/11\/WhatsApp-Video-2020-11-26-at-19.10.56.mp4?_=4\" \/><a href=\"https:\/\/jorgezanoni.com.br\/2019\/wp-content\/uploads\/2020\/11\/WhatsApp-Video-2020-11-26-at-19.10.56.mp4\">https:\/\/jorgezanoni.com.br\/2019\/wp-content\/uploads\/2020\/11\/WhatsApp-Video-2020-11-26-at-19.10.56.mp4<\/a><\/video><\/div>\n<div style=\"width: 480px;\" class=\"wp-video\"><video class=\"wp-video-shortcode\" id=\"video-39268-5\" width=\"480\" height=\"848\" preload=\"metadata\" controls=\"controls\"><source type=\"video\/mp4\" src=\"https:\/\/jorgezanoni.com.br\/2019\/wp-content\/uploads\/2020\/11\/WhatsApp-Video-2020-11-26-at-19.10.55.mp4?_=5\" \/><a href=\"https:\/\/jorgezanoni.com.br\/2019\/wp-content\/uploads\/2020\/11\/WhatsApp-Video-2020-11-26-at-19.10.55.mp4\">https:\/\/jorgezanoni.com.br\/2019\/wp-content\/uploads\/2020\/11\/WhatsApp-Video-2020-11-26-at-19.10.55.mp4<\/a><\/video><\/div>\n<p>V\u00eddeos de Internautas.<\/p>\n<\/div>\n<\/div>\n<\/div>\n<\/div>\n<\/div>\n","protected":false},"excerpt":{"rendered":"<p>Choveu forte por cerca de uma hora; VEJA FOTOS E V\u00cdDEOS. Uma forte chuva que durou cerca de uma hora causou grandes estragos em S\u00e3o Carlos na tarde desta quinta-feira (26). Segundo a Defesa Civil, choveu 138 mil\u00edmetros entre 4h35 e 17h40. A tempestade come\u00e7ou com granizo em v\u00e1rios pontos da cidade, e o volume [&hellip;]<\/p>\n","protected":false},"author":1,"featured_media":39275,"comment_status":"closed","ping_status":"open","sticky":false,"template":"","format":"video","meta":{"footnotes":""},"categories":[114,110,169],"tags":[],"class_list":["post-39268","post","type-post","status-publish","format-video","has-post-thumbnail","hentry","category-geralecomercio","category-noticiasdestaque","category-videos","post_format-post-format-video"],"_links":{"self":[{"href":"https:\/\/jorgezanoni.com.br\/2019\/wp-json\/wp\/v2\/posts\/39268","targetHints":{"allow":["GET"]}}],"collection":[{"href":"https:\/\/jorgezanoni.com.br\/2019\/wp-json\/wp\/v2\/posts"}],"about":[{"href":"https:\/\/jorgezanoni.com.br\/2019\/wp-json\/wp\/v2\/types\/post"}],"author":[{"embeddable":true,"href":"https:\/\/jorgezanoni.com.br\/2019\/wp-json\/wp\/v2\/users\/1"}],"replies":[{"embeddable":true,"href":"https:\/\/jorgezanoni.com.br\/2019\/wp-json\/wp\/v2\/comments?post=39268"}],"version-history":[{"count":0,"href":"https:\/\/jorgezanoni.com.br\/2019\/wp-json\/wp\/v2\/posts\/39268\/revisions"}],"wp:featuredmedia":[{"embeddable":true,"href":"https:\/\/jorgezanoni.com.br\/2019\/wp-json\/wp\/v2\/media\/39275"}],"wp:attachment":[{"href":"https:\/\/jorgezanoni.com.br\/2019\/wp-json\/wp\/v2\/media?parent=39268"}],"wp:term":[{"taxonomy":"category","embeddable":true,"href":"https:\/\/jorgezanoni.com.br\/2019\/wp-json\/wp\/v2\/categories?post=39268"},{"taxonomy":"post_tag","embeddable":true,"href":"https:\/\/jorgezanoni.com.br\/2019\/wp-json\/wp\/v2\/tags?post=39268"}],"curies":[{"name":"wp","href":"https:\/\/api.w.org\/{rel}","templated":true}]}}