{"id":39257,"date":"2020-11-26T18:21:58","date_gmt":"2020-11-26T18:21:58","guid":{"rendered":"https:\/\/jorgezanoni.com.br\/2019\/?p=39257"},"modified":"2020-11-26T22:28:28","modified_gmt":"2020-11-26T22:28:28","slug":"morre-claudio-genevro-cunhado-do-nilton-coragem","status":"publish","type":"post","link":"https:\/\/jorgezanoni.com.br\/2019\/morre-claudio-genevro-cunhado-do-nilton-coragem\/","title":{"rendered":"Morre Claudio Genevro (cunhado do Nilton Coragem)"},"content":{"rendered":"<p style=\"text-align: justify;\">Comunicamos com pesar o falecimento do sr. Claudio Genevro de 74 anos. Era cunhado do conhecido Nilton Coragem.<\/p>\n<p style=\"text-align: justify;\">O Vel\u00f3rio ser\u00e1 amanh\u00e3 (27) no Memorial Vida Prev das 7 Hs. \u00e0s 10 Hs. e em seguida ocorre o Sepultamento.<\/p>\n<p><img loading=\"lazy\" decoding=\"async\" class=\"alignnone size-full wp-image-39261\" src=\"https:\/\/jorgezanoni.com.br\/2019\/wp-content\/uploads\/2020\/11\/Cl\u00e1udio.jpg\" alt=\"\" width=\"1280\" height=\"717\" srcset=\"https:\/\/jorgezanoni.com.br\/2019\/wp-content\/uploads\/2020\/11\/Cl\u00e1udio.jpg 1280w, https:\/\/jorgezanoni.com.br\/2019\/wp-content\/uploads\/2020\/11\/Cl\u00e1udio-300x168.jpg 300w, https:\/\/jorgezanoni.com.br\/2019\/wp-content\/uploads\/2020\/11\/Cl\u00e1udio-1024x574.jpg 1024w, https:\/\/jorgezanoni.com.br\/2019\/wp-content\/uploads\/2020\/11\/Cl\u00e1udio-768x430.jpg 768w, https:\/\/jorgezanoni.com.br\/2019\/wp-content\/uploads\/2020\/11\/Cl\u00e1udio-696x390.jpg 696w, https:\/\/jorgezanoni.com.br\/2019\/wp-content\/uploads\/2020\/11\/Cl\u00e1udio-1068x598.jpg 1068w, https:\/\/jorgezanoni.com.br\/2019\/wp-content\/uploads\/2020\/11\/Cl\u00e1udio-750x420.jpg 750w\" sizes=\"auto, (max-width: 1280px) 100vw, 1280px\" \/><\/p>\n<p style=\"text-align: justify;\">\n","protected":false},"excerpt":{"rendered":"<p>Comunicamos com pesar o falecimento do sr. Claudio Genevro de 74 anos. Era cunhado do conhecido Nilton Coragem. O Vel\u00f3rio ser\u00e1 amanh\u00e3 (27) no Memorial Vida Prev das 7 Hs. \u00e0s 10 Hs. e em seguida ocorre o Sepultamento.<\/p>\n","protected":false},"author":1,"featured_media":39258,"comment_status":"closed","ping_status":"open","sticky":false,"template":"","format":"standard","meta":{"footnotes":""},"categories":[178],"tags":[],"class_list":["post-39257","post","type-post","status-publish","format-standard","has-post-thumbnail","hentry","category-notadefalecimento"],"_links":{"self":[{"href":"https:\/\/jorgezanoni.com.br\/2019\/wp-json\/wp\/v2\/posts\/39257","targetHints":{"allow":["GET"]}}],"collection":[{"href":"https:\/\/jorgezanoni.com.br\/2019\/wp-json\/wp\/v2\/posts"}],"about":[{"href":"https:\/\/jorgezanoni.com.br\/2019\/wp-json\/wp\/v2\/types\/post"}],"author":[{"embeddable":true,"href":"https:\/\/jorgezanoni.com.br\/2019\/wp-json\/wp\/v2\/users\/1"}],"replies":[{"embeddable":true,"href":"https:\/\/jorgezanoni.com.br\/2019\/wp-json\/wp\/v2\/comments?post=39257"}],"version-history":[{"count":0,"href":"https:\/\/jorgezanoni.com.br\/2019\/wp-json\/wp\/v2\/posts\/39257\/revisions"}],"wp:featuredmedia":[{"embeddable":true,"href":"https:\/\/jorgezanoni.com.br\/2019\/wp-json\/wp\/v2\/media\/39258"}],"wp:attachment":[{"href":"https:\/\/jorgezanoni.com.br\/2019\/wp-json\/wp\/v2\/media?parent=39257"}],"wp:term":[{"taxonomy":"category","embeddable":true,"href":"https:\/\/jorgezanoni.com.br\/2019\/wp-json\/wp\/v2\/categories?post=39257"},{"taxonomy":"post_tag","embeddable":true,"href":"https:\/\/jorgezanoni.com.br\/2019\/wp-json\/wp\/v2\/tags?post=39257"}],"curies":[{"name":"wp","href":"https:\/\/api.w.org\/{rel}","templated":true}]}}