{"id":39247,"date":"2020-11-26T17:47:39","date_gmt":"2020-11-26T17:47:39","guid":{"rendered":"https:\/\/jorgezanoni.com.br\/2019\/?p=39247"},"modified":"2020-11-26T17:47:39","modified_gmt":"2020-11-26T17:47:39","slug":"projeto-de-alunos-da-apae-de-dracena-esta-exposto-na-agencia-do-banco-sicredi","status":"publish","type":"post","link":"https:\/\/jorgezanoni.com.br\/2019\/projeto-de-alunos-da-apae-de-dracena-esta-exposto-na-agencia-do-banco-sicredi\/","title":{"rendered":"Projeto de alunos da APAE de Dracena est\u00e1 exposto na ag\u00eancia do Banco Sicredi"},"content":{"rendered":"<p style=\"text-align: justify;\">A Escola de Educa\u00e7\u00e3o Especial Professor Leuzi Gardini( APAE Dracena) tem como Presidente Paulo Roberto de Mendon\u00e7a Sampaio\/ Diretora Pedag\u00f3gica Adriana Miyagui Despencieri\/ coordenadora pedag\u00f3gica Marli Tolardo dos Santos Pinotti, mais uma vez tem a honra de expor mais um trabalho realizado com os alunos da escola, o projeto reciclagem, desenvolvido pela professora pedagoga Susan H. Veroneze e os alunos da turma E, com o tema Dia da Consci\u00eancia Negra, no banco Sicredi de Dracena. O projeto tem como objetivo principal elevar a autoestima dos alunos respeitando seus talentos e incentivar a criatividade para transforma\u00e7\u00e3o do recicl\u00e1vel (lixo).<\/p>\n<p><img loading=\"lazy\" decoding=\"async\" class=\"alignnone size-full wp-image-39249\" src=\"https:\/\/jorgezanoni.com.br\/2019\/wp-content\/uploads\/2020\/11\/apae1.jpg\" alt=\"\" width=\"581\" height=\"1032\" srcset=\"https:\/\/jorgezanoni.com.br\/2019\/wp-content\/uploads\/2020\/11\/apae1.jpg 581w, https:\/\/jorgezanoni.com.br\/2019\/wp-content\/uploads\/2020\/11\/apae1-169x300.jpg 169w, https:\/\/jorgezanoni.com.br\/2019\/wp-content\/uploads\/2020\/11\/apae1-576x1024.jpg 576w, https:\/\/jorgezanoni.com.br\/2019\/wp-content\/uploads\/2020\/11\/apae1-236x420.jpg 236w\" sizes=\"auto, (max-width: 581px) 100vw, 581px\" \/><\/p>\n<p style=\"text-align: justify;\">Fonte: APAE<\/p>\n","protected":false},"excerpt":{"rendered":"<p>A Escola de Educa\u00e7\u00e3o Especial Professor Leuzi Gardini( APAE Dracena) tem como Presidente Paulo Roberto de Mendon\u00e7a Sampaio\/ Diretora Pedag\u00f3gica Adriana Miyagui Despencieri\/ coordenadora pedag\u00f3gica Marli Tolardo dos Santos Pinotti, mais uma vez tem a honra de expor mais um trabalho realizado com os alunos da escola, o projeto reciclagem, desenvolvido pela professora pedagoga Susan [&hellip;]<\/p>\n","protected":false},"author":1,"featured_media":39248,"comment_status":"closed","ping_status":"open","sticky":false,"template":"","format":"standard","meta":{"footnotes":""},"categories":[110,122],"tags":[],"class_list":["post-39247","post","type-post","status-publish","format-standard","has-post-thumbnail","hentry","category-noticiasdestaque","category-saudeeducacaoeconcurso"],"_links":{"self":[{"href":"https:\/\/jorgezanoni.com.br\/2019\/wp-json\/wp\/v2\/posts\/39247","targetHints":{"allow":["GET"]}}],"collection":[{"href":"https:\/\/jorgezanoni.com.br\/2019\/wp-json\/wp\/v2\/posts"}],"about":[{"href":"https:\/\/jorgezanoni.com.br\/2019\/wp-json\/wp\/v2\/types\/post"}],"author":[{"embeddable":true,"href":"https:\/\/jorgezanoni.com.br\/2019\/wp-json\/wp\/v2\/users\/1"}],"replies":[{"embeddable":true,"href":"https:\/\/jorgezanoni.com.br\/2019\/wp-json\/wp\/v2\/comments?post=39247"}],"version-history":[{"count":0,"href":"https:\/\/jorgezanoni.com.br\/2019\/wp-json\/wp\/v2\/posts\/39247\/revisions"}],"wp:featuredmedia":[{"embeddable":true,"href":"https:\/\/jorgezanoni.com.br\/2019\/wp-json\/wp\/v2\/media\/39248"}],"wp:attachment":[{"href":"https:\/\/jorgezanoni.com.br\/2019\/wp-json\/wp\/v2\/media?parent=39247"}],"wp:term":[{"taxonomy":"category","embeddable":true,"href":"https:\/\/jorgezanoni.com.br\/2019\/wp-json\/wp\/v2\/categories?post=39247"},{"taxonomy":"post_tag","embeddable":true,"href":"https:\/\/jorgezanoni.com.br\/2019\/wp-json\/wp\/v2\/tags?post=39247"}],"curies":[{"name":"wp","href":"https:\/\/api.w.org\/{rel}","templated":true}]}}